{"id":19770,"date":"2021-10-22T11:19:43","date_gmt":"2021-10-22T09:19:43","guid":{"rendered":"https:\/\/moja24.pl\/?p=19770"},"modified":"2021-10-22T11:19:43","modified_gmt":"2021-10-22T09:19:43","slug":"twoje-swiatla-nasze-bezpieczenstwo-akcja-policji","status":"publish","type":"post","link":"https:\/\/moja24.pl\/index.php\/2021\/10\/22\/twoje-swiatla-nasze-bezpieczenstwo-akcja-policji\/","title":{"rendered":"&#8222;Twoje \u015bwiat\u0142a &#8211; Nasze bezpiecze\u0144stwo&#8221;. Akcja policji"},"content":{"rendered":"<p><strong><span style=\"color: #ff0000;\">POWIAT \u017bARSKI<\/span> | Od 21 pa\u017adziernika do 15 grudnia Policja prowadzi og\u00f3lnopolsk\u0105 kampani\u0119 \u201eTwoje \u015bwiat\u0142a \u2013 Nasze bezpiecze\u0144stwo\u201d. W te dzia\u0142ania zaanga\u017cowali si\u0119 tak\u017ce lubuscy policjanci, kt\u00f3rzy zwracaj\u0105 szczeg\u00f3ln\u0105 uwag\u0119 na o\u015bwietlenie kontrolowanych pojazd\u00f3w oraz informuj\u0105 kierowc\u00f3w o mo\u017cliwo\u015bci bezp\u0142atnego sprawdzenia o\u015bwietlenia na stacji kontroli pojazd\u00f3w.<\/strong><\/p>\n<p>Jesieni\u0105 daj\u0105 o sobie zna\u0107 zagro\u017cenia w ruchu drogowym zwi\u0105zane z ograniczon\u0105 widoczno\u015bci\u0105. Sprawne, prawid\u0142owo wyregulowane \u015bwiat\u0142a pojazdu pozwalaj\u0105 kieruj\u0105cemu wcze\u015bniej dostrzec pieszego poruszaj\u0105cego si\u0119 jezdni\u0105 lub poboczem, a tak\u017ce inn\u0105 przeszkod\u0119 znajduj\u0105c\u0105 si\u0119 na drodze. Je\u015bli o\u015bwietlenie pojazdu jest wadliwe, to w z\u0142ych warunkach atmosferycznych i przy niedostatecznej widoczno\u015bci, znacznie wzrasta prawdopodobie\u0144stwo wypadku drogowego.<\/p>\n<p>Sprawnie funkcjonuj\u0105ce \u015bwiat\u0142a maj\u0105 znacz\u0105cy wp\u0142yw na bezpiecze\u0144stwo zar\u00f3wno kieruj\u0105cego pojazdem, jak i pozosta\u0142ych uczestnik\u00f3w ruchu, w szczeg\u00f3lno\u015bci pieszych. Wszelkie nieprawid\u0142owo\u015bci zwi\u0105zane ze \u015bwiat\u0142ami pojazdu mog\u0105 skutkowa\u0107 niedostatecznym o\u015bwietleniem drogi i jej poszczeg\u00f3lnych cz\u0119\u015bci, albo prowadzi\u0107 do o\u015blepienia innych uczestnik\u00f3w ruchu drogowego. Prawid\u0142owe dzia\u0142anie \u015bwiate\u0142 jest determinowane, poza ich og\u00f3lnym stanem technicznym, takimi czynnikami jak:<br \/>\n&#8211; w\u0142a\u015bciwe ustawienie wysoko\u015bci \u015bwiate\u0142,<br \/>\n&#8211; prawid\u0142owy rozk\u0142ad granicy \u015bwiat\u0142a i cienia,<br \/>\n&#8211; nat\u0119\u017cenie emitowanego \u015bwiat\u0142a.<\/p>\n<p>Z uwagi na to, \u017ce wymienione czynniki wymagaj\u0105 profesjonalnej oceny, w ramach kampanii \u201eTwoje \u015bwiat\u0142a \u2013 Nasze bezpiecze\u0144stwo\u201d, Wydzia\u0142 Ruchu Drogowego Komendy Wojew\u00f3dzkiej Policji w Gorzowie Wielkopolskim opracowa\u0142 wykaz Stacji Kontroli Pojazd\u00f3w w wojew\u00f3dztwie lubuskim, kt\u00f3re w<strong> dniach 23 pa\u017adziernika, 6 i 20 listopada oraz 4 grudnia przeprowadz\u0105 \u201edni otwarte\u201d, podczas kt\u00f3rych zainteresowani b\u0119d\u0105 mogli nieodp\u0142atnie sprawdzi\u0107 o\u015bwietlenie pojazdu<\/strong>.<\/p>\n<p><strong>Stacje w powiecie \u017carskim:<\/strong><\/p>\n<ul>\n<li>SKP Piotr Ko\u015bcicki &#8211; ul. Jana Kili\u0144skiego 30, 68-200 \u017bary<\/li>\n<li>OSKP Falko &#8211; ul. Wapienna 5, 68-200 \u017bary<\/li>\n<li>PKS \u017bary &#8211; ul. Okrzei 31-33, 68-200 \u017bary<\/li>\n<li>OSKP Falko &#8211; Strzeszowice 37, 68-212 Trzebiel<\/li>\n<li>SKP ZST &#8211; ul. Przemys\u0142owa 11, 68-300 Lubsko<\/li>\n<li>OSKP Ryszard Dancewicz &#8211; ul. Reymonta 3, 68-300 Lubsko<\/li>\n<li>OSKP WronCar-Trans &#8211; ul. Inwestycyjna 13, 68-320 Jasie\u0144<\/li>\n<\/ul>\n<p style=\"text-align: right;\"><span style=\"color: #999999;\">podkomisarz \u0141ukasz Zalewski<\/span><br \/>\n<span style=\"color: #999999;\">Komenda Wojew\u00f3dzka Policji w Gorzowie Wielkopolskim<\/span><\/p>\n","protected":false},"excerpt":{"rendered":"<p>POWIAT \u017bARSKI | Od 21 pa\u017adziernika do 15 grudnia Policja prowadzi og\u00f3lnopolsk\u0105 kampani\u0119 \u201eTwoje \u015bwiat\u0142a \u2013 Nasze bezpiecze\u0144stwo\u201d. W te dzia\u0142ania zaanga\u017cowali si\u0119 tak\u017ce lubuscy policjanci, kt\u00f3rzy zwracaj\u0105 szczeg\u00f3ln\u0105 uwag\u0119 na o\u015bwietlenie kontrolowanych pojazd\u00f3w oraz informuj\u0105 kierowc\u00f3w o mo\u017cliwo\u015bci bezp\u0142atnego sprawdzenia o\u015bwietlenia na stacji kontroli pojazd\u00f3w. Jesieni\u0105 daj\u0105 o sobie zna\u0107 zagro\u017cenia w ruchu drogowym [&hellip;]<\/p>\n","protected":false},"author":4,"featured_media":19771,"comment_status":"closed","ping_status":"closed","sticky":false,"template":"","format":"standard","meta":{"_monsterinsights_skip_tracking":false,"_monsterinsights_sitenote_active":false,"_monsterinsights_sitenote_note":"","_monsterinsights_sitenote_category":0,"footnotes":""},"categories":[20,28,21],"tags":[109,1119,2693,2694],"class_list":["post-19770","post","type-post","status-publish","format-standard","has-post-thumbnail","hentry","category-informacje","category-wiadomosci","category-wypadki-przypadki","tag-moja-gazeta","tag-policja","tag-swiatla","tag-twoje-swiatla-nasze-bezpieczenstwo"],"_links":{"self":[{"href":"https:\/\/moja24.pl\/index.php\/wp-json\/wp\/v2\/posts\/19770","targetHints":{"allow":["GET"]}}],"collection":[{"href":"https:\/\/moja24.pl\/index.php\/wp-json\/wp\/v2\/posts"}],"about":[{"href":"https:\/\/moja24.pl\/index.php\/wp-json\/wp\/v2\/types\/post"}],"author":[{"embeddable":true,"href":"https:\/\/moja24.pl\/index.php\/wp-json\/wp\/v2\/users\/4"}],"replies":[{"embeddable":true,"href":"https:\/\/moja24.pl\/index.php\/wp-json\/wp\/v2\/comments?post=19770"}],"version-history":[{"count":2,"href":"https:\/\/moja24.pl\/index.php\/wp-json\/wp\/v2\/posts\/19770\/revisions"}],"predecessor-version":[{"id":19773,"href":"https:\/\/moja24.pl\/index.php\/wp-json\/wp\/v2\/posts\/19770\/revisions\/19773"}],"wp:featuredmedia":[{"embeddable":true,"href":"https:\/\/moja24.pl\/index.php\/wp-json\/wp\/v2\/media\/19771"}],"wp:attachment":[{"href":"https:\/\/moja24.pl\/index.php\/wp-json\/wp\/v2\/media?parent=19770"}],"wp:term":[{"taxonomy":"category","embeddable":true,"href":"https:\/\/moja24.pl\/index.php\/wp-json\/wp\/v2\/categories?post=19770"},{"taxonomy":"post_tag","embeddable":true,"href":"https:\/\/moja24.pl\/index.php\/wp-json\/wp\/v2\/tags?post=19770"}],"curies":[{"name":"wp","href":"https:\/\/api.w.org\/{rel}","templated":true}]}}