{"id":19824,"date":"2021-11-04T00:40:45","date_gmt":"2021-11-03T23:40:45","guid":{"rendered":"https:\/\/moja24.pl\/?p=19824"},"modified":"2021-11-04T00:40:45","modified_gmt":"2021-11-03T23:40:45","slug":"do-sadu-trafil-akt-oskarzenia-przeciwko-kobiecie-ktora-usilowala-dokonac-oszustwa","status":"publish","type":"post","link":"https:\/\/moja24.pl\/index.php\/2021\/11\/04\/do-sadu-trafil-akt-oskarzenia-przeciwko-kobiecie-ktora-usilowala-dokonac-oszustwa\/","title":{"rendered":"Do s\u0105du trafi\u0142 akt oskar\u017cenia przeciwko kobiecie, kt\u00f3ra usi\u0142owa\u0142a dokona\u0107 oszustwa"},"content":{"rendered":"<p><strong><span style=\"color: #ff0000;\">\u017bARY<\/span> | Aktem oskar\u017cenia zako\u0144czy\u0142a si\u0119 sprawa prowadzona przez \u017carskich policjant\u00f3w pod nadzorem Prokuratury Rejonowej w \u017barach. 40-letnia mieszkanka \u017bar us\u0142ysza\u0142a zarzut <\/strong><strong>usi\u0142owania oszustwa przy zakupie mieszkania. Mo\u017ce jej grozi\u0107 do 8 lat pozbawienia wolno\u015bci.<\/strong><\/p>\n<p>Policjanci z \u017carskiej komendy zajmuj\u0105cy si\u0119 zwalczaniem przest\u0119pczo\u015bci gospodarczej, zako\u0144czyli spraw\u0119 usi\u0142owania oszustwa prowadzon\u0105 pod nadzorem Prokuratury Rejonowej w \u017barach, kieruj\u0105c akt oskar\u017cenia do s\u0105du. Funkcjonariusze ustalili, \u017ce 40-letnia mieszkanka \u017bar, kt\u00f3ra zosta\u0142a ustanowiona opiekunem prawnym ca\u0142kowicie ubezw\u0142asnowolnionej osoby, usi\u0142owa\u0142a dokona\u0107 oszustwa przy zakupie mieszkania dla tej osoby.<\/p>\n<p>Jak ustalili \u015bledczy na prze\u0142omie kwietnia i maja 2021 roku w celu osi\u0105gni\u0119cia korzy\u015bci maj\u0105tkowej wprowadzi\u0142a w b\u0142\u0105d co do rzeczywistej ceny zakupu mieszkania kuratora, kt\u00f3ry zosta\u0142 ustanowiony do zarz\u0105du maj\u0105tkiem ubezw\u0142asnowolnionego. Kobieta poda\u0142a cen\u0119 zakupu mieszkania specjalnie j\u0105 zawy\u017caj\u0105c o 45 tysi\u0119cy z\u0142otych. Nak\u0142ania\u0142a tak\u017ce sprzedaj\u0105c\u0105 do pozornego podniesienia ceny o wymienion\u0105 kwot\u0119, aby zainkasowa\u0107 j\u0105 po sfinalizowaniu transakcji. Zamierzonego celu jednak nie osi\u0105gn\u0119\u0142a z uwagi na ujawnienie rzeczywistej ceny mieszkania kupuj\u0105cemu, wynosz\u0105cej 175 tysi\u0119cy z\u0142otych. Po zgromadzeniu materia\u0142u dowodowego mo\u017cliwe by\u0142o przedstawienie 40-latce zarzutu usi\u0142owania oszustwa. Sprawa teraz znajdzie sw\u00f3j fina\u0142 w s\u0105dzie. Kobiecie mo\u017ce grozi\u0107 do 8 lat pozbawienia wolno\u015bci.<\/p>\n<p style=\"text-align: right;\"><strong><span style=\"color: #999999;\">komisarz Aneta Berestecka <\/span><\/strong><br \/>\n<span style=\"color: #999999;\">oficer prasowy KPP w \u017barach<\/span><\/p>\n","protected":false},"excerpt":{"rendered":"<p>\u017bARY | Aktem oskar\u017cenia zako\u0144czy\u0142a si\u0119 sprawa prowadzona przez \u017carskich policjant\u00f3w pod nadzorem Prokuratury Rejonowej w \u017barach. 40-letnia mieszkanka \u017bar us\u0142ysza\u0142a zarzut usi\u0142owania oszustwa przy zakupie mieszkania. Mo\u017ce jej grozi\u0107 do 8 lat pozbawienia wolno\u015bci. Policjanci z \u017carskiej komendy zajmuj\u0105cy si\u0119 zwalczaniem przest\u0119pczo\u015bci gospodarczej, zako\u0144czyli spraw\u0119 usi\u0142owania oszustwa prowadzon\u0105 pod nadzorem Prokuratury Rejonowej w \u017barach, [&hellip;]<\/p>\n","protected":false},"author":4,"featured_media":19825,"comment_status":"closed","ping_status":"closed","sticky":false,"template":"","format":"standard","meta":{"_monsterinsights_skip_tracking":false,"_monsterinsights_sitenote_active":false,"_monsterinsights_sitenote_note":"","_monsterinsights_sitenote_category":0,"footnotes":""},"categories":[20,28,21],"tags":[473,109,2263,1119,66],"class_list":["post-19824","post","type-post","status-publish","format-standard","has-post-thumbnail","hentry","category-informacje","category-wiadomosci","category-wypadki-przypadki","tag-komenda-powiatowa-policji-w-zarach","tag-moja-gazeta","tag-oszustwo","tag-policja","tag-zary"],"_links":{"self":[{"href":"https:\/\/moja24.pl\/index.php\/wp-json\/wp\/v2\/posts\/19824","targetHints":{"allow":["GET"]}}],"collection":[{"href":"https:\/\/moja24.pl\/index.php\/wp-json\/wp\/v2\/posts"}],"about":[{"href":"https:\/\/moja24.pl\/index.php\/wp-json\/wp\/v2\/types\/post"}],"author":[{"embeddable":true,"href":"https:\/\/moja24.pl\/index.php\/wp-json\/wp\/v2\/users\/4"}],"replies":[{"embeddable":true,"href":"https:\/\/moja24.pl\/index.php\/wp-json\/wp\/v2\/comments?post=19824"}],"version-history":[{"count":1,"href":"https:\/\/moja24.pl\/index.php\/wp-json\/wp\/v2\/posts\/19824\/revisions"}],"predecessor-version":[{"id":19826,"href":"https:\/\/moja24.pl\/index.php\/wp-json\/wp\/v2\/posts\/19824\/revisions\/19826"}],"wp:featuredmedia":[{"embeddable":true,"href":"https:\/\/moja24.pl\/index.php\/wp-json\/wp\/v2\/media\/19825"}],"wp:attachment":[{"href":"https:\/\/moja24.pl\/index.php\/wp-json\/wp\/v2\/media?parent=19824"}],"wp:term":[{"taxonomy":"category","embeddable":true,"href":"https:\/\/moja24.pl\/index.php\/wp-json\/wp\/v2\/categories?post=19824"},{"taxonomy":"post_tag","embeddable":true,"href":"https:\/\/moja24.pl\/index.php\/wp-json\/wp\/v2\/tags?post=19824"}],"curies":[{"name":"wp","href":"https:\/\/api.w.org\/{rel}","templated":true}]}}