{"id":19837,"date":"2021-11-05T09:55:13","date_gmt":"2021-11-05T08:55:13","guid":{"rendered":"https:\/\/moja24.pl\/?p=19837"},"modified":"2021-11-05T09:55:13","modified_gmt":"2021-11-05T08:55:13","slug":"wybrano-gminne-wladze-osp","status":"publish","type":"post","link":"https:\/\/moja24.pl\/index.php\/2021\/11\/05\/wybrano-gminne-wladze-osp\/","title":{"rendered":"Wybrano gminne w\u0142adze OSP"},"content":{"rendered":"<p><strong><span style=\"color: #ff0000;\">GMINA \u017bARY<\/span> | Na zje\u017adzie w Sieniawie \u017barskiej wybrano Zarz\u0105d Oddzia\u0142u Gminnego Zwi\u0105zku Ochotniczych Stra\u017cy Po\u017carnych RP.<\/strong><\/p>\n<p>Uczestniczyli w nim delegaci wszystkich sze\u015bciu jednostek OSP dzia\u0142aj\u0105cych na terenie Gminy \u017bary. Prezesem Zarz\u0105du Oddzia\u0142u zosta\u0142 Leszek Mro\u017cek, w\u00f3jt gminy \u017bary. Funkcje wiceprezes\u00f3w pe\u0142ni\u0105 Zbigniew Witka, Ryszard Ko\u0142oda i Ireneusz \u015alecki. Sekretarzem zosta\u0142a Patrycja Ka\u017amierczak, a skarbnikiem &#8211; Aneta Winnicka. Komendantem Gminnym pozostaje nadal Henryk Sienkiewicz, za\u015b cz\u0142onkiem prezydium &#8211; Henryk Gardzijewski. Cz\u0142onkami Zarz\u0105du s\u0105: Adam Krawczyk, Edward Skobelski, Pawe\u0142 Drozdek, Rafa\u0142 Winecki i Mateusz Ostrowski. Podczas zjazdu wybrano tak\u017ce komisj\u0119 rewizyjn\u0105. Jej przewodnicz\u0105cym zosta\u0142 Krzysztof Golec, zast\u0119pc\u0105 &#8211; Bogumi\u0142 Kowalczewski, a cz\u0142onkiem komisji &#8211; Ryszard Sadowy.<\/p>\n<figure id=\"attachment_19838\" aria-describedby=\"caption-attachment-19838\" style=\"width: 879px\" class=\"wp-caption aligncenter\"><img loading=\"lazy\" decoding=\"async\" class=\"size-full wp-image-19838\" src=\"https:\/\/moja24.pl\/wp-content\/uploads\/2021\/11\/20211105_ug2.jpg\" alt=\"\" width=\"879\" height=\"586\" srcset=\"https:\/\/moja24.pl\/wp-content\/uploads\/2021\/11\/20211105_ug2.jpg 879w, https:\/\/moja24.pl\/wp-content\/uploads\/2021\/11\/20211105_ug2-300x200.jpg 300w, https:\/\/moja24.pl\/wp-content\/uploads\/2021\/11\/20211105_ug2-768x512.jpg 768w, https:\/\/moja24.pl\/wp-content\/uploads\/2021\/11\/20211105_ug2-696x464.jpg 696w, https:\/\/moja24.pl\/wp-content\/uploads\/2021\/11\/20211105_ug2-630x420.jpg 630w, https:\/\/moja24.pl\/wp-content\/uploads\/2021\/11\/20211105_ug2-450x300.jpg 450w\" sizes=\"auto, (max-width: 879px) 100vw, 879px\" \/><figcaption id=\"caption-attachment-19838\" class=\"wp-caption-text\">fot. UG \u017bary<\/figcaption><\/figure>\n<p style=\"text-align: right;\"><span style=\"color: #999999;\">ATB (\u017ar\u00f3d\u0142o: UG \u017bary)<\/span><\/p>\n","protected":false},"excerpt":{"rendered":"<p>GMINA \u017bARY | Na zje\u017adzie w Sieniawie \u017barskiej wybrano Zarz\u0105d Oddzia\u0142u Gminnego Zwi\u0105zku Ochotniczych Stra\u017cy Po\u017carnych RP. Uczestniczyli w nim delegaci wszystkich sze\u015bciu jednostek OSP dzia\u0142aj\u0105cych na terenie Gminy \u017bary. Prezesem Zarz\u0105du Oddzia\u0142u zosta\u0142 Leszek Mro\u017cek, w\u00f3jt gminy \u017bary. Funkcje wiceprezes\u00f3w pe\u0142ni\u0105 Zbigniew Witka, Ryszard Ko\u0142oda i Ireneusz \u015alecki. Sekretarzem zosta\u0142a Patrycja Ka\u017amierczak, a skarbnikiem [&hellip;]<\/p>\n","protected":false},"author":4,"featured_media":19839,"comment_status":"closed","ping_status":"closed","sticky":false,"template":"","format":"standard","meta":{"_monsterinsights_skip_tracking":false,"_monsterinsights_sitenote_active":false,"_monsterinsights_sitenote_note":"","_monsterinsights_sitenote_category":0,"footnotes":""},"categories":[20,28],"tags":[269,442,109,1246,1245],"class_list":["post-19837","post","type-post","status-publish","format-standard","has-post-thumbnail","hentry","category-informacje","category-wiadomosci","tag-gmina-zary","tag-leszek-mrozek","tag-moja-gazeta","tag-ochotnicza-straz-pozarna","tag-osp"],"_links":{"self":[{"href":"https:\/\/moja24.pl\/index.php\/wp-json\/wp\/v2\/posts\/19837","targetHints":{"allow":["GET"]}}],"collection":[{"href":"https:\/\/moja24.pl\/index.php\/wp-json\/wp\/v2\/posts"}],"about":[{"href":"https:\/\/moja24.pl\/index.php\/wp-json\/wp\/v2\/types\/post"}],"author":[{"embeddable":true,"href":"https:\/\/moja24.pl\/index.php\/wp-json\/wp\/v2\/users\/4"}],"replies":[{"embeddable":true,"href":"https:\/\/moja24.pl\/index.php\/wp-json\/wp\/v2\/comments?post=19837"}],"version-history":[{"count":1,"href":"https:\/\/moja24.pl\/index.php\/wp-json\/wp\/v2\/posts\/19837\/revisions"}],"predecessor-version":[{"id":19840,"href":"https:\/\/moja24.pl\/index.php\/wp-json\/wp\/v2\/posts\/19837\/revisions\/19840"}],"wp:featuredmedia":[{"embeddable":true,"href":"https:\/\/moja24.pl\/index.php\/wp-json\/wp\/v2\/media\/19839"}],"wp:attachment":[{"href":"https:\/\/moja24.pl\/index.php\/wp-json\/wp\/v2\/media?parent=19837"}],"wp:term":[{"taxonomy":"category","embeddable":true,"href":"https:\/\/moja24.pl\/index.php\/wp-json\/wp\/v2\/categories?post=19837"},{"taxonomy":"post_tag","embeddable":true,"href":"https:\/\/moja24.pl\/index.php\/wp-json\/wp\/v2\/tags?post=19837"}],"curies":[{"name":"wp","href":"https:\/\/api.w.org\/{rel}","templated":true}]}}