{"id":19854,"date":"2021-11-08T15:06:39","date_gmt":"2021-11-08T14:06:39","guid":{"rendered":"https:\/\/moja24.pl\/?p=19854"},"modified":"2021-11-08T15:06:39","modified_gmt":"2021-11-08T14:06:39","slug":"policyjny-mundur-nosi-od-roku","status":"publish","type":"post","link":"https:\/\/moja24.pl\/index.php\/2021\/11\/08\/policyjny-mundur-nosi-od-roku\/","title":{"rendered":"Policyjny mundur nosi od roku"},"content":{"rendered":"<p><strong><span style=\"color: #ff0000;\">\u017bARY<\/span> | Posterunkowa Justyna Prud\u0142o od roku jest w s\u0142u\u017cbie i zgodzi\u0142a si\u0119 opowiedzie\u0107 o swojej drodze, kt\u00f3r\u0105 pokona\u0142a, \u017ceby zosta\u0107 policjantk\u0105. Je\u017celi zastanawiasz si\u0119 czy wst\u0105pi\u0107 w szeregi Policji, zapraszamy do przeczytania wywiadu.<\/strong><\/p>\n<p><strong>Jak to si\u0119 sta\u0142o, \u017ce zosta\u0142a\u015b policjantk\u0105?<\/strong><br \/>\n&#8211; Przygod\u0119 z mundurem rozpocz\u0119\u0142am w czasach technikum. To by\u0142o technikum o profilu informatyczno-policyjnym. W trakcie nauki w szkole mieli\u015bmy spotkania z policjantem zach\u0119caj\u0105ce do wst\u0105pienia w szeregi Policji i dzi\u0119ki tym spotkaniom ju\u017c wtedy my\u015bla\u0142am o s\u0142u\u017cbie w tej formacji. Mia\u0142am r\u00f3wnie\u017c znajomych, kt\u00f3rzy pracowali w Policji i bardzo mi si\u0119 to podoba\u0142o, kiedy opowiadali o swojej pracy.<\/p>\n<p><strong>Jeste\u015b bardzo weso\u0142\u0105 i pozytywn\u0105 osob\u0105 nie tylko prywatnie, ale r\u00f3wnie\u017c kiedy przychodzisz codziennie do s\u0142u\u017cby u\u015bmiech zawsze go\u015bci na Twojej twarzy. Jak to robisz, co podoba si\u0119 Tobie w tej pracy, co daje Tobie satysfakcj\u0119?<\/strong><br \/>\n&#8211; Jestem otwart\u0105 osob\u0105, a s\u0142u\u017cba w Policji wi\u0105\u017ce si\u0119 z kontaktem z drug\u0105 osob\u0105. Staram si\u0119 mie\u0107 z lud\u017ami dobry kontakt i nawet do trudnych spraw podchodzi\u0107 z u\u015bmiechem. Wtedy ka\u017cdemu jest troch\u0119 \u0142atwiej. S\u0142u\u017cba w Policji jest bardzo ciekawa, tutaj codziennie dzieje si\u0119 co\u015b nowego, ka\u017cdy dzie\u0144 jest inny. Mo\u017cna pomaga\u0107 innym.<\/p>\n<p><strong>Co by\u015b powiedzia\u0142a tym osobom, kt\u00f3re chcia\u0142yby wst\u0105pi\u0107 do s\u0142u\u017cby w Policji, ale wahaj\u0105 si\u0119 \u017ceby zrobi\u0107 pierwszy krok i z\u0142o\u017cy\u0107 dokumenty? Czy warto?<\/strong><br \/>\n&#8211; Ja kiedy\u015b te\u017c tak my\u015bla\u0142am, \u017ce nie dam rady dosta\u0107 si\u0119 do Policji, \u017ce rekrutacja jest bardzo trudna. W pewnym momencie po szkole z\u0142o\u017cy\u0142am nawet dokumenty, ale rekrutacja mnie przerazi\u0142a, a\u017c pewnego dnia stwierdzi\u0142am, \u017ce jak nie spr\u00f3buj\u0119 to si\u0119 nie dowiem. Spr\u00f3bowa\u0142am, no i jestem dzi\u015b jedn\u0105 z funkcjonariuszek.<\/p>\n<p><strong>Jak si\u0119 przygotowywa\u0142a\u015b do test\u00f3w sprawno\u015bci fizycznej? Chyba tego najbardziej wszyscy si\u0119 obawiaj\u0105, co by\u015b poradzi\u0142a innym?<\/strong><br \/>\n&#8211; Test sprawno\u015bci fizycznej wydaje si\u0119 trudny, ale s\u0105 organizowane zaj\u0119cia, na kt\u00f3rych policjanci instruuj\u0105 jak sobie z nim sprawnie poradzi\u0107. Ja stale ucz\u0119szcza\u0142am na takie treningi. Poza tym \u0107wiczy\u0142am, wykonywa\u0142am du\u017co \u0107wicze\u0144 si\u0142owych, bo nie ukrywam, \u017ce najwi\u0119kszy problem sprawia\u0142y mi rzuty pi\u0142kami lekarskimi. Ale by\u0142am zawzi\u0119ta i dosz\u0142am do takiego momentu, \u017ce nie sprawia\u0142o mi to ju\u017c problemu.<\/p>\n<p><strong>Na co dzie\u0144 uprawiasz jaki\u015b sport? Robisz co\u015b \u017ceby podnie\u015b swoj\u0105 sprawno\u015b\u0107 fizyczn\u0105?<\/strong><br \/>\n&#8211; Tak, ucz\u0119szczam na si\u0142owni\u0119 ale uwielbiam jeszcze biega\u0107, czego nie lubi\u0142am wcze\u015bniej. W\u0142a\u015bnie w Szkole Policji w Pile, gdzie odbywa\u0142am kurs podstawowy polubi\u0142am bieganie. Tam codziennie by\u0142y zaj\u0119cia fizyczne. Na rozgrzewk\u0119 by\u0142o bieganie i od tamtego momentu uwielbiam ten rodzaj aktywno\u015bci.<\/p>\n<p><strong>A jak podoba\u0142o si\u0119 Tobie w szkole na kursie podstawowym? Czy osoby, kt\u00f3re zastanawiaj\u0105 si\u0119, \u017ceby zosta\u0107 policjantem, powinny si\u0119 obawia\u0107 szko\u0142y?<\/strong><br \/>\n&#8211; Czas szko\u0142y, to najlepszy czas. Tam si\u0119 poznaje bardzo du\u017co warto\u015bciowych i fajnych ludzi. Je\u017celi chodzi o nauk\u0119 to przyznam, \u017ce jest jej troch\u0119 i chwilami nie jest \u0142atwo, ale ze wszystkim mo\u017cna sobie poradzi\u0107. Wyk\u0142adowcy s\u0105 bardzo pomocni i potrafi\u0105 du\u017co przekaza\u0107, s\u0142u\u017c\u0105 pomoc\u0105 w ka\u017cdej sytuacji, nawet jak opu\u015bcimy mury szko\u0142y. Zawsze powtarzali, \u017ce je\u017celi b\u0119dziemy potrzebowali pomocy, to mamy telefon i mo\u017cemy dzwoni\u0107 i poradzi\u0107 si\u0119 w ka\u017cdej sytuacji.<\/p>\n<p><strong>Co by\u015b powiedzia\u0142a tak na zako\u0144czenie, \u017ceby zach\u0119ci\u0107 niezdecydowanych?<\/strong><br \/>\n&#8211; Je\u017celi my\u015blisz o s\u0142u\u017cbie w Policji, ale masz jakie\u015b obawy, to spr\u00f3buj bo marzenia si\u0119 spe\u0142niaj\u0105. Zr\u00f3b pierwszy krok, zadzwo\u0144 do \u017carskiej komendy Policji i z\u0142\u00f3\u017c dokumenty bo warto!<\/p>\n<p style=\"text-align: right;\"><span style=\"color: #999999;\">kom. Aneta Berestecka<\/span><br \/>\n<span style=\"color: #999999;\">oficer prasowy KPP w \u017barach<\/span><\/p>\n","protected":false},"excerpt":{"rendered":"<p>\u017bARY | Posterunkowa Justyna Prud\u0142o od roku jest w s\u0142u\u017cbie i zgodzi\u0142a si\u0119 opowiedzie\u0107 o swojej drodze, kt\u00f3r\u0105 pokona\u0142a, \u017ceby zosta\u0107 policjantk\u0105. Je\u017celi zastanawiasz si\u0119 czy wst\u0105pi\u0107 w szeregi Policji, zapraszamy do przeczytania wywiadu. Jak to si\u0119 sta\u0142o, \u017ce zosta\u0142a\u015b policjantk\u0105? &#8211; Przygod\u0119 z mundurem rozpocz\u0119\u0142am w czasach technikum. To by\u0142o technikum o profilu informatyczno-policyjnym. [&hellip;]<\/p>\n","protected":false},"author":4,"featured_media":19855,"comment_status":"closed","ping_status":"closed","sticky":false,"template":"","format":"standard","meta":{"_monsterinsights_skip_tracking":false,"_monsterinsights_sitenote_active":false,"_monsterinsights_sitenote_note":"","_monsterinsights_sitenote_category":0,"footnotes":""},"categories":[20,28],"tags":[2702,473,109,1119,66],"class_list":["post-19854","post","type-post","status-publish","format-standard","has-post-thumbnail","hentry","category-informacje","category-wiadomosci","tag-justyna-prudlo","tag-komenda-powiatowa-policji-w-zarach","tag-moja-gazeta","tag-policja","tag-zary"],"_links":{"self":[{"href":"https:\/\/moja24.pl\/index.php\/wp-json\/wp\/v2\/posts\/19854","targetHints":{"allow":["GET"]}}],"collection":[{"href":"https:\/\/moja24.pl\/index.php\/wp-json\/wp\/v2\/posts"}],"about":[{"href":"https:\/\/moja24.pl\/index.php\/wp-json\/wp\/v2\/types\/post"}],"author":[{"embeddable":true,"href":"https:\/\/moja24.pl\/index.php\/wp-json\/wp\/v2\/users\/4"}],"replies":[{"embeddable":true,"href":"https:\/\/moja24.pl\/index.php\/wp-json\/wp\/v2\/comments?post=19854"}],"version-history":[{"count":1,"href":"https:\/\/moja24.pl\/index.php\/wp-json\/wp\/v2\/posts\/19854\/revisions"}],"predecessor-version":[{"id":19856,"href":"https:\/\/moja24.pl\/index.php\/wp-json\/wp\/v2\/posts\/19854\/revisions\/19856"}],"wp:featuredmedia":[{"embeddable":true,"href":"https:\/\/moja24.pl\/index.php\/wp-json\/wp\/v2\/media\/19855"}],"wp:attachment":[{"href":"https:\/\/moja24.pl\/index.php\/wp-json\/wp\/v2\/media?parent=19854"}],"wp:term":[{"taxonomy":"category","embeddable":true,"href":"https:\/\/moja24.pl\/index.php\/wp-json\/wp\/v2\/categories?post=19854"},{"taxonomy":"post_tag","embeddable":true,"href":"https:\/\/moja24.pl\/index.php\/wp-json\/wp\/v2\/tags?post=19854"}],"curies":[{"name":"wp","href":"https:\/\/api.w.org\/{rel}","templated":true}]}}