{"id":19948,"date":"2021-11-19T09:59:47","date_gmt":"2021-11-19T08:59:47","guid":{"rendered":"https:\/\/moja24.pl\/?p=19948"},"modified":"2021-11-19T09:59:47","modified_gmt":"2021-11-19T08:59:47","slug":"strzelac-czy-nie-strzelac-urzednicy-pytaja-mieszkancow","status":"publish","type":"post","link":"https:\/\/moja24.pl\/index.php\/2021\/11\/19\/strzelac-czy-nie-strzelac-urzednicy-pytaja-mieszkancow\/","title":{"rendered":"Strzela\u0107, czy nie strzela\u0107? Urz\u0119dnicy pytaj\u0105 mieszka\u0144c\u00f3w"},"content":{"rendered":"<p><strong><span style=\"color: #ff0000;\">\u017bARY<\/span> | Od lat miasto fundowa\u0142o mieszka\u0144com pokaz fajerwerk\u00f3w w sylwestrow\u0105 noc. Coraz cz\u0119\u015bciej jednak pojawiaj\u0105 si\u0119 g\u0142osy mi\u0142o\u015bnik\u00f3w zwierz\u0105t, a nawet czystego powietrza, \u017ce fajerwerki powinny by\u0107 zakazane.<\/strong><\/p>\n<p>Do Sylwestra jeszcze troch\u0119 ponad miesi\u0105c, ale ju\u017c teraz mo\u017cna wypowiedzie\u0107 si\u0119 na temat miejskiego pokazu. Pytanie opublikowano na facebookowym profilu urz\u0119du miejskiego w \u017barach.<\/p>\n<p style=\"padding-left: 40px;\"><strong><em>Fajerwerki w Sylwestrow\u0105 Noc? Jeste\u015bcie za czy przeciw?<\/em><\/strong><br \/>\n<strong><em>Wielkimi krokami zbli\u017ca si\u0119 najbardziej wystrza\u0142owa noc w roku. Dlatego ju\u017c dzisiaj pytamy Was mieszka\u0144c\u00f3w naszego miasta, czy chcecie \u017ceby\u015bmy zorganizowali pokaz fajerwerk\u00f3w w parku przy Al. Jana Paw\u0142a II i wtedy Wy mieszka\u0144cy ograniczycie w\u0142asne wystrza\u0142y &#8211; tak, \u017ceby jak najmniej ucierpia\u0142y zwierz\u0119ta? Czy chcecie, \u017ceby miasto w tym roku nie robi\u0142o pokazu sylwestrowego?<\/em><\/strong><br \/>\n<strong><em>Na wasze opinie czekamy do 25 listopada.<\/em><\/strong><\/p>\n<h1 style=\"text-align: center;\"><a href=\"https:\/\/www.facebook.com\/photo?fbid=267701805402057&amp;set=a.144530091052563\" target=\"_blank\" rel=\"noopener\">ODPOWIEDZ NA PYTANIE<\/a><\/h1>\n<p><iframe loading=\"lazy\" style=\"border: none; overflow: hidden;\" src=\"https:\/\/www.facebook.com\/plugins\/post.php?href=https%3A%2F%2Fwww.facebook.com%2Furzad.miejskizary%2Fposts%2F267703502068554&amp;show_text=true&amp;width=690\" width=\"690\" height=\"700\" frameborder=\"0\" scrolling=\"no\" allowfullscreen=\"allowfullscreen\"><span data-mce-type=\"bookmark\" style=\"display: inline-block; width: 0px; overflow: hidden; line-height: 0;\" class=\"mce_SELRES_start\">\ufeff<\/span><span data-mce-type=\"bookmark\" style=\"display: inline-block; width: 0px; overflow: hidden; line-height: 0;\" class=\"mce_SELRES_start\">\ufeff<\/span><\/iframe><\/p>\n<p style=\"text-align: right;\"><span style=\"color: #999999;\">ATB<\/span><\/p>\n","protected":false},"excerpt":{"rendered":"<p>\u017bARY | Od lat miasto fundowa\u0142o mieszka\u0144com pokaz fajerwerk\u00f3w w sylwestrow\u0105 noc. Coraz cz\u0119\u015bciej jednak pojawiaj\u0105 si\u0119 g\u0142osy mi\u0142o\u015bnik\u00f3w zwierz\u0105t, a nawet czystego powietrza, \u017ce fajerwerki powinny by\u0107 zakazane. Do Sylwestra jeszcze troch\u0119 ponad miesi\u0105c, ale ju\u017c teraz mo\u017cna wypowiedzie\u0107 si\u0119 na temat miejskiego pokazu. Pytanie opublikowano na facebookowym profilu urz\u0119du miejskiego w \u017barach. Fajerwerki [&hellip;]<\/p>\n","protected":false},"author":4,"featured_media":19949,"comment_status":"closed","ping_status":"closed","sticky":false,"template":"","format":"standard","meta":{"_monsterinsights_skip_tracking":false,"_monsterinsights_sitenote_active":false,"_monsterinsights_sitenote_note":"","_monsterinsights_sitenote_category":0,"footnotes":""},"categories":[20,28],"tags":[2713,109,2712,66],"class_list":["post-19948","post","type-post","status-publish","format-standard","has-post-thumbnail","hentry","category-informacje","category-wiadomosci","tag-fajerwerki","tag-moja-gazeta","tag-sylwester","tag-zary"],"_links":{"self":[{"href":"https:\/\/moja24.pl\/index.php\/wp-json\/wp\/v2\/posts\/19948","targetHints":{"allow":["GET"]}}],"collection":[{"href":"https:\/\/moja24.pl\/index.php\/wp-json\/wp\/v2\/posts"}],"about":[{"href":"https:\/\/moja24.pl\/index.php\/wp-json\/wp\/v2\/types\/post"}],"author":[{"embeddable":true,"href":"https:\/\/moja24.pl\/index.php\/wp-json\/wp\/v2\/users\/4"}],"replies":[{"embeddable":true,"href":"https:\/\/moja24.pl\/index.php\/wp-json\/wp\/v2\/comments?post=19948"}],"version-history":[{"count":1,"href":"https:\/\/moja24.pl\/index.php\/wp-json\/wp\/v2\/posts\/19948\/revisions"}],"predecessor-version":[{"id":19950,"href":"https:\/\/moja24.pl\/index.php\/wp-json\/wp\/v2\/posts\/19948\/revisions\/19950"}],"wp:featuredmedia":[{"embeddable":true,"href":"https:\/\/moja24.pl\/index.php\/wp-json\/wp\/v2\/media\/19949"}],"wp:attachment":[{"href":"https:\/\/moja24.pl\/index.php\/wp-json\/wp\/v2\/media?parent=19948"}],"wp:term":[{"taxonomy":"category","embeddable":true,"href":"https:\/\/moja24.pl\/index.php\/wp-json\/wp\/v2\/categories?post=19948"},{"taxonomy":"post_tag","embeddable":true,"href":"https:\/\/moja24.pl\/index.php\/wp-json\/wp\/v2\/tags?post=19948"}],"curies":[{"name":"wp","href":"https:\/\/api.w.org\/{rel}","templated":true}]}}