{"id":19952,"date":"2021-11-19T11:38:26","date_gmt":"2021-11-19T10:38:26","guid":{"rendered":"https:\/\/moja24.pl\/?p=19952"},"modified":"2021-11-19T11:38:26","modified_gmt":"2021-11-19T10:38:26","slug":"mecz-ii-ligi-futsalu-w-zarach-juz-w-niedziele-21-listopada","status":"publish","type":"post","link":"https:\/\/moja24.pl\/index.php\/2021\/11\/19\/mecz-ii-ligi-futsalu-w-zarach-juz-w-niedziele-21-listopada\/","title":{"rendered":"Mecz II ligi futsalu w \u017barach, ju\u017c w niedziel\u0119, 21 listopada"},"content":{"rendered":"<p><strong><span style=\"color: #ff0000;\">FUTSAL<\/span> | Mundial \u017bary po raz pierwszy w tym sezonie wyst\u0105pi w roli gospodarza. Rywalem b\u0119dzie dru\u017cyna WKS \u015al\u0105sk Futsal Wroc\u0142aw.<\/strong><\/p>\n<p>W pierwszej kolejce Mundial przegra\u0142 wyjazdowe spotkanie. Lepszy okaza\u0142 si\u0119 MTS Knur\u00f3w, wygrywaj\u0105c 5:1. Mecz drugiej kolejki \u017caranie rozegraj\u0105 12 grudnia na wyje\u017adzie, natomiast spotkanie trzeciej kolejki w grupie III odb\u0119dzie si\u0119 w niedziel\u0119 o godz. 16.00 w hali SP5 przy ul. Okrzei 19 w \u017barach.<\/p>\n<h1 style=\"text-align: center;\"><span style=\"color: #339966;\"><strong>Mundial \u017bary &#8211; WKS \u015al\u0105sk Futsal Wroc\u0142aw<\/strong><\/span><\/h1>\n<h3 style=\"text-align: center;\"><strong><span style=\"color: #339966;\">21 listopada 2021, godz. 16.00<\/span><\/strong><br \/>\n<strong><span style=\"color: #339966;\">Hala sportowa SP5, ul. Okrzei 19 w \u017barach<\/span><\/strong><\/h3>\n<p>W grupie III rozgrywek drugoligowych, opr\u00f3cz oczywi\u015bcie Mundialu \u017bary, graj\u0105 r\u00f3wnie\u017c reprezentacje: Eko-Pol AZS UZ Zielona G\u00f3ra, AZS AWF Profi Sport Wroc\u0142aw, WKS \u015al\u0105sk Futsal Wroc\u0142aw, FC Luxbor Pyskowice.<\/p>\n<p>W sk\u0142adzie \u017carskiego Mundialu wyst\u0119puj\u0105: bramkarze &#8211; Mateusz Bizukoj\u0107 i Remigiusz Chy\u0142a; rozgrywaj\u0105cy &#8211; Damian Adamowicz, B\u0142a\u017cej Bania, Daniel Ga\u0142ach, Kamil Ganczarek, Sebastian Hirsch, Patryk Jasiak, Mateusz Kowalski, Jakub Ksi\u0119\u017cniak, Jaros\u0142aw Mu\u0107ka, Dominik Nikoliszyn, Rados\u0142aw Romanowski, Radomir Roztocki, Krystian Seredy\u0144ski, Dominik Skrzy\u0144ski, Adrian Szkudlarek, Szymon Waszkowiak.<\/p>\n<p style=\"text-align: right;\"><span style=\"color: #999999;\">ATB<\/span><\/p>\n","protected":false},"excerpt":{"rendered":"<p>FUTSAL | Mundial \u017bary po raz pierwszy w tym sezonie wyst\u0105pi w roli gospodarza. Rywalem b\u0119dzie dru\u017cyna WKS \u015al\u0105sk Futsal Wroc\u0142aw. W pierwszej kolejce Mundial przegra\u0142 wyjazdowe spotkanie. Lepszy okaza\u0142 si\u0119 MTS Knur\u00f3w, wygrywaj\u0105c 5:1. Mecz drugiej kolejki \u017caranie rozegraj\u0105 12 grudnia na wyje\u017adzie, natomiast spotkanie trzeciej kolejki w grupie III odb\u0119dzie si\u0119 w niedziel\u0119 [&hellip;]<\/p>\n","protected":false},"author":4,"featured_media":19953,"comment_status":"closed","ping_status":"closed","sticky":false,"template":"","format":"standard","meta":{"_monsterinsights_skip_tracking":false,"_monsterinsights_sitenote_active":false,"_monsterinsights_sitenote_note":"","_monsterinsights_sitenote_category":0,"footnotes":""},"categories":[20,23,28],"tags":[1130,1105,2290,2714,109,1108,1064,66],"class_list":["post-19952","post","type-post","status-publish","format-standard","has-post-thumbnail","hentry","category-informacje","category-sport","category-wiadomosci","tag-futsal","tag-halowka","tag-ii-liga","tag-ii-liga-futsalu","tag-moja-gazeta","tag-mundial-zary","tag-sport","tag-zary"],"_links":{"self":[{"href":"https:\/\/moja24.pl\/index.php\/wp-json\/wp\/v2\/posts\/19952","targetHints":{"allow":["GET"]}}],"collection":[{"href":"https:\/\/moja24.pl\/index.php\/wp-json\/wp\/v2\/posts"}],"about":[{"href":"https:\/\/moja24.pl\/index.php\/wp-json\/wp\/v2\/types\/post"}],"author":[{"embeddable":true,"href":"https:\/\/moja24.pl\/index.php\/wp-json\/wp\/v2\/users\/4"}],"replies":[{"embeddable":true,"href":"https:\/\/moja24.pl\/index.php\/wp-json\/wp\/v2\/comments?post=19952"}],"version-history":[{"count":1,"href":"https:\/\/moja24.pl\/index.php\/wp-json\/wp\/v2\/posts\/19952\/revisions"}],"predecessor-version":[{"id":19954,"href":"https:\/\/moja24.pl\/index.php\/wp-json\/wp\/v2\/posts\/19952\/revisions\/19954"}],"wp:featuredmedia":[{"embeddable":true,"href":"https:\/\/moja24.pl\/index.php\/wp-json\/wp\/v2\/media\/19953"}],"wp:attachment":[{"href":"https:\/\/moja24.pl\/index.php\/wp-json\/wp\/v2\/media?parent=19952"}],"wp:term":[{"taxonomy":"category","embeddable":true,"href":"https:\/\/moja24.pl\/index.php\/wp-json\/wp\/v2\/categories?post=19952"},{"taxonomy":"post_tag","embeddable":true,"href":"https:\/\/moja24.pl\/index.php\/wp-json\/wp\/v2\/tags?post=19952"}],"curies":[{"name":"wp","href":"https:\/\/api.w.org\/{rel}","templated":true}]}}