{"id":19993,"date":"2021-11-23T20:12:20","date_gmt":"2021-11-23T19:12:20","guid":{"rendered":"https:\/\/moja24.pl\/?p=19993"},"modified":"2021-11-23T20:15:38","modified_gmt":"2021-11-23T19:15:38","slug":"zawodnicy-zarskiego-agrosu-na-podium-torun","status":"publish","type":"post","link":"https:\/\/moja24.pl\/index.php\/2021\/11\/23\/zawodnicy-zarskiego-agrosu-na-podium-torun\/","title":{"rendered":"Zawodnicy \u017carskiego Agrosu na podium w Toruniu"},"content":{"rendered":"<p><strong><span style=\"color: #ff0000;\">LEKKOATLETYKA<\/span> | 21 listopada w hali Arena w Toruniu odby\u0142 si\u0119 Fina\u0142 Og\u00f3lnopolski w lekkoatletyce, w grupach wiekowych U12, U14, U16. Ka\u017cde z wojew\u00f3dztw do kadry mog\u0142o powo\u0142a\u0107 36 lekkoatlet\u00f3w. W sk\u0142adzie wojew\u00f3dztwa lubuskiego znalaz\u0142o si\u0119 a\u017c 11 zawodnik\u00f3w Agrosu. Wszyscy nasi zawodnicy zdobyli punkty dla wojew\u00f3dztwa lubuskiego, czyli uplasowali si\u0119 w swoich konkurencjach w najlepszej 16 w Polsce.<\/strong><\/p>\n<p>Wojew\u00f3dztwo lubuskie zdoby\u0142o pi\u0119\u0107 medali, z czego cztery zdobyli \u017carscy zawodnicy. W grupie U16 srebrny medal w biegu na 60 m. z doskona\u0142ym wynikiem 7,23 s. zdoby\u0142 Jakub Szako\u0142a. W biegu na 300 m br\u0105zowy medal zdoby\u0142 Fabian De\u0107, kt\u00f3ry pokona\u0142 dystans w czasie 37,45 s. Wielk\u0105 niespodziank\u0119 sprawi\u0142a Oliwia Szyma\u0144ska &#8211; o rok m\u0142odsza od swoich kole\u017canek &#8211; w biegu na 60 m. p.p\u0142. wywalczy\u0142a br\u0105zowy medal ustanawiaj\u0105c rekord klubu 9,53 s. Rewelacyjnie w eliminacjach biegu na 60 m zaprezentowa\u0142a si\u0119 Weronika Kwa\u015bniak\u00a0 &#8211; ustanowi\u0142a nowy rekord klubu 8,02 s. Niestety w finale zbyt si\u0119 usztywni\u0142a i by\u0142a pi\u0105ta z wynikiem 8,15 s. Rekord \u017cyciowy w biegu na 60 m. p.p\u0142. ustanowi\u0142 Stanis\u0142aw Paj\u0105k uzyskuj\u0105c rezultat 9,37 s.<\/p>\n<figure id=\"attachment_19990\" aria-describedby=\"caption-attachment-19990\" style=\"width: 1916px\" class=\"wp-caption aligncenter\"><img loading=\"lazy\" decoding=\"async\" class=\"size-full wp-image-19990\" src=\"https:\/\/moja24.pl\/wp-content\/uploads\/2021\/11\/20211123_agros1.jpg\" alt=\"\" width=\"1916\" height=\"1397\" srcset=\"https:\/\/moja24.pl\/wp-content\/uploads\/2021\/11\/20211123_agros1.jpg 1916w, https:\/\/moja24.pl\/wp-content\/uploads\/2021\/11\/20211123_agros1-300x219.jpg 300w, https:\/\/moja24.pl\/wp-content\/uploads\/2021\/11\/20211123_agros1-1024x747.jpg 1024w, https:\/\/moja24.pl\/wp-content\/uploads\/2021\/11\/20211123_agros1-768x560.jpg 768w, https:\/\/moja24.pl\/wp-content\/uploads\/2021\/11\/20211123_agros1-1536x1120.jpg 1536w, https:\/\/moja24.pl\/wp-content\/uploads\/2021\/11\/20211123_agros1-324x235.jpg 324w, https:\/\/moja24.pl\/wp-content\/uploads\/2021\/11\/20211123_agros1-696x507.jpg 696w, https:\/\/moja24.pl\/wp-content\/uploads\/2021\/11\/20211123_agros1-1068x779.jpg 1068w, https:\/\/moja24.pl\/wp-content\/uploads\/2021\/11\/20211123_agros1-576x420.jpg 576w, https:\/\/moja24.pl\/wp-content\/uploads\/2021\/11\/20211123_agros1-411x300.jpg 411w\" sizes=\"auto, (max-width: 1916px) 100vw, 1916px\" \/><figcaption id=\"caption-attachment-19990\" class=\"wp-caption-text\">fot. Agros \u017bary<\/figcaption><\/figure>\n<p>W grupie m\u0142odszej U14 wielki sukces Micha\u0142a Kierno\u017cyckiego &#8211; pierwszy start na og\u00f3lnopolskich zawodach i z\u0142oty medal w biegu na 300 m z czasem 39,09 s. Jest to najlepszy rezultat w historii, jaki uzyska\u0142 zawodnik U14 w Polsce na zawodach halowych!<\/p>\n<p>W biegu na 60 m p.p\u0142. dobry bieg Ady Wasilewskiej w eliminacjach &#8211; 9,95 s. Niestety w finale by\u0142o troch\u0119 gorzej i ostatecznie zaj\u0119\u0142a ona V miejsce. W biegu na 60 m debiut ma za sob\u0105 Kacper Twardy, r\u00f3wnie\u017c m\u0142odszy o rok. Du\u017cy stres, troch\u0119 sp\u00f3\u017aniony start, ale ostatecznie 15. miejsce w kraju z wynikiem 8,58 s.<\/p>\n<p>Je\u017celi chodzi o wytrzyma\u0142o\u015b\u0107, w biegu na 600 m zadebiutowali w barwach Agrosu Julian Thomann i Bart\u0142omiej Strzygocki. \u015awietny i odwa\u017cny start Julka, kt\u00f3ry przewodzi\u0142 stawce przez 400 m i Bartek, kt\u00f3ry spokojnie zacz\u0105\u0142 zostawiaj\u0105c si\u0142y na ko\u0144c\u00f3wk\u0119, co si\u0119 op\u0142aci\u0142o. W serii Bartek by\u0142 drugi, a Julek trzeci z czasami 1,41,81 s (PB) i 1,42,21(PB), co da\u0142o im odpowiednio 11 i 13 miejsce.<\/p>\n<p>W najm\u0142odszej grupie U12 mieli\u015bmy jednego przedstawiciela &#8211; Antka Szyma\u0144skiego, kt\u00f3ry po walce do samego ko\u0144ca uko\u0144czy\u0142 bieg na 7. miejscu w kraju. W sztafecie mieszanej 4&#215;200 m wyst\u0105pi\u0142o dwoje Agrosiak\u00f3w &#8211; Ada Wasilewska i Micha\u0142 Kierno\u017cycki &#8211; ostatecznie 7. miejsce i tylko 1,8 s. do z\u0142ota!<\/p>\n<figure id=\"attachment_19991\" aria-describedby=\"caption-attachment-19991\" style=\"width: 1944px\" class=\"wp-caption aligncenter\"><img loading=\"lazy\" decoding=\"async\" class=\"size-full wp-image-19991\" src=\"https:\/\/moja24.pl\/wp-content\/uploads\/2021\/11\/20211123_agros2.jpg\" alt=\"\" width=\"1944\" height=\"1296\" srcset=\"https:\/\/moja24.pl\/wp-content\/uploads\/2021\/11\/20211123_agros2.jpg 1944w, https:\/\/moja24.pl\/wp-content\/uploads\/2021\/11\/20211123_agros2-300x200.jpg 300w, https:\/\/moja24.pl\/wp-content\/uploads\/2021\/11\/20211123_agros2-1024x683.jpg 1024w, https:\/\/moja24.pl\/wp-content\/uploads\/2021\/11\/20211123_agros2-768x512.jpg 768w, https:\/\/moja24.pl\/wp-content\/uploads\/2021\/11\/20211123_agros2-1536x1024.jpg 1536w, https:\/\/moja24.pl\/wp-content\/uploads\/2021\/11\/20211123_agros2-696x464.jpg 696w, https:\/\/moja24.pl\/wp-content\/uploads\/2021\/11\/20211123_agros2-1068x712.jpg 1068w, https:\/\/moja24.pl\/wp-content\/uploads\/2021\/11\/20211123_agros2-630x420.jpg 630w, https:\/\/moja24.pl\/wp-content\/uploads\/2021\/11\/20211123_agros2-450x300.jpg 450w\" sizes=\"auto, (max-width: 1944px) 100vw, 1944px\" \/><figcaption id=\"caption-attachment-19991\" class=\"wp-caption-text\">fot. Agros \u017bary<\/figcaption><\/figure>\n<p><strong>Wyniki \u017carskich zawodnik\u00f3w:<\/strong><br \/>\nStanis\u0142aw Paj\u0105k 9,37 \u2013 9,42 \u2013 VI miejsce,<br \/>\nAntoni Szyma\u0144ski 1,57,01 \u2013 X miejsce,<br \/>\nOliwia Szyma\u0144ska \u2013 9,69 \u2013 9,53 \u2013 III miejsce,<br \/>\nBart\u0142omiej Strzygocki \u2013 1,41,81 \u2013 XI miejsce,<br \/>\nJulian Thomann \u2013 1,42,21 \u2013 XIII miejsce,<br \/>\nAdrianna Wasilewska \u2013 9,95 \u2013 10,05 \u2013 V miejsce,<br \/>\nMicha\u0142 Kierno\u017cycki \u2013 39,06 \u2013 I miejsce,<br \/>\nFabian De\u0107 \u2013 37,45 \u2013 III miejsce,<br \/>\nWeronika Kwa\u015bniak \u2013 8,02 \u2013 8,15 \u2013 V miejsce,<br \/>\nJakub Szako\u0142a \u2013 7,26 \u2013 7,23 \u2013 II miejsce,<br \/>\nKacper Twardy \u2013 8,58 \u2013 XV miejsce,<br \/>\n4&#215;200 Wasilewska Ada, Kierno\u017cycki Micha\u0142 \u2013 1,56,03 \u2013 VII miejsce.<\/p>\n<figure id=\"attachment_19989\" aria-describedby=\"caption-attachment-19989\" style=\"width: 828px\" class=\"wp-caption aligncenter\"><img loading=\"lazy\" decoding=\"async\" class=\"size-full wp-image-19989\" src=\"https:\/\/moja24.pl\/wp-content\/uploads\/2021\/11\/20211123_agros4.jpg\" alt=\"\" width=\"828\" height=\"575\" srcset=\"https:\/\/moja24.pl\/wp-content\/uploads\/2021\/11\/20211123_agros4.jpg 828w, https:\/\/moja24.pl\/wp-content\/uploads\/2021\/11\/20211123_agros4-300x208.jpg 300w, https:\/\/moja24.pl\/wp-content\/uploads\/2021\/11\/20211123_agros4-768x533.jpg 768w, https:\/\/moja24.pl\/wp-content\/uploads\/2021\/11\/20211123_agros4-100x70.jpg 100w, https:\/\/moja24.pl\/wp-content\/uploads\/2021\/11\/20211123_agros4-218x150.jpg 218w, https:\/\/moja24.pl\/wp-content\/uploads\/2021\/11\/20211123_agros4-696x483.jpg 696w, https:\/\/moja24.pl\/wp-content\/uploads\/2021\/11\/20211123_agros4-605x420.jpg 605w, https:\/\/moja24.pl\/wp-content\/uploads\/2021\/11\/20211123_agros4-432x300.jpg 432w, https:\/\/moja24.pl\/wp-content\/uploads\/2021\/11\/20211123_agros4-150x105.jpg 150w\" sizes=\"auto, (max-width: 828px) 100vw, 828px\" \/><figcaption id=\"caption-attachment-19989\" class=\"wp-caption-text\">fot. Agros \u017bary<\/figcaption><\/figure>\n<p style=\"text-align: right;\"><span style=\"color: #999999;\">ATB (\u017ar\u00f3d\u0142o: Agros \u017bary)<\/span><\/p>\n","protected":false},"excerpt":{"rendered":"<p>LEKKOATLETYKA | 21 listopada w hali Arena w Toruniu odby\u0142 si\u0119 Fina\u0142 Og\u00f3lnopolski w lekkoatletyce, w grupach wiekowych U12, U14, U16. Ka\u017cde z wojew\u00f3dztw do kadry mog\u0142o powo\u0142a\u0107 36 lekkoatlet\u00f3w. W sk\u0142adzie wojew\u00f3dztwa lubuskiego znalaz\u0142o si\u0119 a\u017c 11 zawodnik\u00f3w Agrosu. Wszyscy nasi zawodnicy zdobyli punkty dla wojew\u00f3dztwa lubuskiego, czyli uplasowali si\u0119 w swoich konkurencjach w [&hellip;]<\/p>\n","protected":false},"author":4,"featured_media":19992,"comment_status":"closed","ping_status":"closed","sticky":false,"template":"","format":"standard","meta":{"_monsterinsights_skip_tracking":false,"_monsterinsights_sitenote_active":false,"_monsterinsights_sitenote_note":"","_monsterinsights_sitenote_category":0,"footnotes":""},"categories":[20,23,28],"tags":[346,1065,109,1064,66],"class_list":["post-19993","post","type-post","status-publish","format-standard","has-post-thumbnail","hentry","category-informacje","category-sport","category-wiadomosci","tag-agros","tag-lekkoatletyka","tag-moja-gazeta","tag-sport","tag-zary"],"_links":{"self":[{"href":"https:\/\/moja24.pl\/index.php\/wp-json\/wp\/v2\/posts\/19993","targetHints":{"allow":["GET"]}}],"collection":[{"href":"https:\/\/moja24.pl\/index.php\/wp-json\/wp\/v2\/posts"}],"about":[{"href":"https:\/\/moja24.pl\/index.php\/wp-json\/wp\/v2\/types\/post"}],"author":[{"embeddable":true,"href":"https:\/\/moja24.pl\/index.php\/wp-json\/wp\/v2\/users\/4"}],"replies":[{"embeddable":true,"href":"https:\/\/moja24.pl\/index.php\/wp-json\/wp\/v2\/comments?post=19993"}],"version-history":[{"count":2,"href":"https:\/\/moja24.pl\/index.php\/wp-json\/wp\/v2\/posts\/19993\/revisions"}],"predecessor-version":[{"id":19997,"href":"https:\/\/moja24.pl\/index.php\/wp-json\/wp\/v2\/posts\/19993\/revisions\/19997"}],"wp:featuredmedia":[{"embeddable":true,"href":"https:\/\/moja24.pl\/index.php\/wp-json\/wp\/v2\/media\/19992"}],"wp:attachment":[{"href":"https:\/\/moja24.pl\/index.php\/wp-json\/wp\/v2\/media?parent=19993"}],"wp:term":[{"taxonomy":"category","embeddable":true,"href":"https:\/\/moja24.pl\/index.php\/wp-json\/wp\/v2\/categories?post=19993"},{"taxonomy":"post_tag","embeddable":true,"href":"https:\/\/moja24.pl\/index.php\/wp-json\/wp\/v2\/tags?post=19993"}],"curies":[{"name":"wp","href":"https:\/\/api.w.org\/{rel}","templated":true}]}}