{"id":19998,"date":"2021-11-24T11:20:48","date_gmt":"2021-11-24T10:20:48","guid":{"rendered":"https:\/\/moja24.pl\/?p=19998"},"modified":"2021-11-24T11:20:48","modified_gmt":"2021-11-24T10:20:48","slug":"zarska-luna-blyszczy-nie-tylko-w-nocy","status":"publish","type":"post","link":"https:\/\/moja24.pl\/index.php\/2021\/11\/24\/zarska-luna-blyszczy-nie-tylko-w-nocy\/","title":{"rendered":"\u017barska Luna b\u0142yszczy nie tylko w nocy"},"content":{"rendered":"<p><strong><span style=\"color: #ff0000;\">\u017bARY<\/span> | Sala widowiskowa Luna \u017barskiego Domu Kultury przy ul. Okrzei, po miesi\u0105cach intensywnych prac, zyska\u0142a zupe\u0142nie nowy wizerunek. Dzi\u015b prezentuje si\u0119 naprawd\u0119 elegancko, ale to jeszcze nie koniec plan\u00f3w na kompleksow\u0105 modernizacj\u0119 tego obiektu. Dotychczasowe prace kosztowa\u0142y oko\u0142o 1,8 miliona z\u0142otych.<\/strong><\/p>\n<p>Na dzie\u0144 dobry od razu rzuca si\u0119 w oczy nowa elewacja. To efekt mi\u0119dzy innymi termomodernizacji ca\u0142ego budynku. Wymieniono stolark\u0119 drzwiow\u0105 i okienn\u0105. Przed wej\u015bciem wykonano nowe schody z balustradami, jest tam nowe o\u015bwietlenie oraz donice na ro\u015blinki. Pojawi\u0142 si\u0119 monitoring podpi\u0119ty do miejskiej sieci kamer. Zmodernizowane zosta\u0142o ogrzewanie budynku.<\/p>\n<figure id=\"attachment_20000\" aria-describedby=\"caption-attachment-20000\" style=\"width: 2560px\" class=\"wp-caption aligncenter\"><img loading=\"lazy\" decoding=\"async\" class=\"size-full wp-image-20000\" src=\"https:\/\/moja24.pl\/wp-content\/uploads\/2021\/11\/20211111_174115-scaled.jpg\" alt=\"\" width=\"2560\" height=\"1920\" srcset=\"https:\/\/moja24.pl\/wp-content\/uploads\/2021\/11\/20211111_174115-scaled.jpg 2560w, https:\/\/moja24.pl\/wp-content\/uploads\/2021\/11\/20211111_174115-300x225.jpg 300w, https:\/\/moja24.pl\/wp-content\/uploads\/2021\/11\/20211111_174115-1024x768.jpg 1024w, https:\/\/moja24.pl\/wp-content\/uploads\/2021\/11\/20211111_174115-768x576.jpg 768w, https:\/\/moja24.pl\/wp-content\/uploads\/2021\/11\/20211111_174115-1536x1152.jpg 1536w, https:\/\/moja24.pl\/wp-content\/uploads\/2021\/11\/20211111_174115-2048x1536.jpg 2048w, https:\/\/moja24.pl\/wp-content\/uploads\/2021\/11\/20211111_174115-80x60.jpg 80w, https:\/\/moja24.pl\/wp-content\/uploads\/2021\/11\/20211111_174115-265x198.jpg 265w, https:\/\/moja24.pl\/wp-content\/uploads\/2021\/11\/20211111_174115-696x522.jpg 696w, https:\/\/moja24.pl\/wp-content\/uploads\/2021\/11\/20211111_174115-1068x801.jpg 1068w, https:\/\/moja24.pl\/wp-content\/uploads\/2021\/11\/20211111_174115-560x420.jpg 560w, https:\/\/moja24.pl\/wp-content\/uploads\/2021\/11\/20211111_174115-400x300.jpg 400w\" sizes=\"auto, (max-width: 2560px) 100vw, 2560px\" \/><figcaption id=\"caption-attachment-20000\" class=\"wp-caption-text\">fot. Andrzej Buczy\u0144ski<\/figcaption><\/figure>\n<p>Hol wraz z szatni\u0105 remontowany by\u0142 kilka lat temu i nie wymaga\u0142 zmian. Za to zupe\u0142nie zmieni\u0142a si\u0119 sama sala widowiskowa. Jest nowe o\u015bwietlenie w technologii LED &#8211; wydajne i energooszcz\u0119dne. Wymieniono instalacje elektryczne i akustyczne sceny. \u015aciany zosta\u0142y odmalowane, zmieni\u0142a si\u0119 pod\u0142oga. I to, co chyba najbardziej rzuca si\u0119 w oczy &#8211; wymieniono fotele na widowni. Z ca\u0142\u0105 pewno\u015bci\u0105 s\u0105 o wiele wygodniejsze, ni\u017c poprzednie. Pieni\u0105dze na fotele \u017bDK pozyska\u0142 z &#8222;tarczy&#8221; dla kultury &#8211; oko\u0142o 190 tys. z\u0142otych, a tak\u017ce od sponsor\u00f3w. Na jednej ze \u015bcian widniej\u0105 podzi\u0119kowania za wspieranie kultury w mie\u015bcie. Znalaz\u0142y si\u0119 tam r\u00f3wnie\u017c tabliczki zdj\u0119te ze starych foteli. Ale to nie koniec.<\/p>\n<p>&#8211; Przygotowujemy w\u0142a\u015bnie przetarg na wykonanie nowego o\u015bwietlenia sceny w Lunie &#8211; m\u00f3wi \u0141ukasz Matyjasek, dyrektor \u017barskiego Domu Kultury. &#8211; Wykonali\u015bmy r\u00f3wnie\u017c projekt elektroakustyczny i akustyczny, maj\u0105cy na celu wprowadzenie w kolejnych latach nowych technologii. Jeste\u015bmy w trakcie robienia projektu na wykonanie ca\u0142ej centrali klimatyzacyjnej z wentylacj\u0105 oraz wymiana przy\u0142\u0105cza elektrycznego. Je\u017celi chodzi o bezpiecze\u0144stwo, zakupili\u015bmy nowe okratowanie sceniczne razem z wyci\u0105garkami niskonapi\u0119ciowymi, przeznaczone do obiekt\u00f3w i spe\u0142niaj\u0105ce wszystkie normy oraz certyfikaty UTD. W chwili obecnej prowadz\u0119 r\u00f3wnie\u017c rozmowy z prezesem PKS-u odno\u015bnie wykupienia po\u0142owy rampy przylegaj\u0105cej do sali widowiskowej Luna. Chcia\u0142bym to wykupi\u0107 i uporz\u0105dkowa\u0107 sprawy nieruchomo\u015bci &#8211; wylicza \u0141ukasz Matyjasek.<\/p>\n<figure id=\"attachment_20003\" aria-describedby=\"caption-attachment-20003\" style=\"width: 2560px\" class=\"wp-caption aligncenter\"><img loading=\"lazy\" decoding=\"async\" class=\"size-full wp-image-20003\" src=\"https:\/\/moja24.pl\/wp-content\/uploads\/2021\/11\/20211111_174315-scaled.jpg\" alt=\"\" width=\"2560\" height=\"1920\" srcset=\"https:\/\/moja24.pl\/wp-content\/uploads\/2021\/11\/20211111_174315-scaled.jpg 2560w, https:\/\/moja24.pl\/wp-content\/uploads\/2021\/11\/20211111_174315-300x225.jpg 300w, https:\/\/moja24.pl\/wp-content\/uploads\/2021\/11\/20211111_174315-1024x768.jpg 1024w, https:\/\/moja24.pl\/wp-content\/uploads\/2021\/11\/20211111_174315-768x576.jpg 768w, https:\/\/moja24.pl\/wp-content\/uploads\/2021\/11\/20211111_174315-1536x1152.jpg 1536w, https:\/\/moja24.pl\/wp-content\/uploads\/2021\/11\/20211111_174315-2048x1536.jpg 2048w, https:\/\/moja24.pl\/wp-content\/uploads\/2021\/11\/20211111_174315-80x60.jpg 80w, https:\/\/moja24.pl\/wp-content\/uploads\/2021\/11\/20211111_174315-265x198.jpg 265w, https:\/\/moja24.pl\/wp-content\/uploads\/2021\/11\/20211111_174315-696x522.jpg 696w, https:\/\/moja24.pl\/wp-content\/uploads\/2021\/11\/20211111_174315-1068x801.jpg 1068w, https:\/\/moja24.pl\/wp-content\/uploads\/2021\/11\/20211111_174315-560x420.jpg 560w, https:\/\/moja24.pl\/wp-content\/uploads\/2021\/11\/20211111_174315-400x300.jpg 400w\" sizes=\"auto, (max-width: 2560px) 100vw, 2560px\" \/><figcaption id=\"caption-attachment-20003\" class=\"wp-caption-text\">fot. Andrzej Buczy\u0144ski<\/figcaption><\/figure>\n<p>Dyrektor stara si\u0119 pozyska\u0107 kolejne dodatkowe \u015brodki zewn\u0119trzne, bo plan\u00f3w kolejnych nie brakuje. Dwa projekty z\u0142o\u017cone do euroregionu czekaj\u0105 na ocen\u0119. W\u0142a\u015bnie z\u0142o\u017cony zosta\u0142 nast\u0119pny projekt do Ministerstwa Kultury na stworzenie galerii multimedialnej. Zamiarem \u0141ukasza Matyjaska jest zmiana wizerunku Salonu Wystaw Artystycznych na deptaku. Chodzi tu o remont ca\u0142ego salonu, toalet i dostosowanie do potrzeb os\u00f3b niepe\u0142nosprawnych.<\/p>\n<figure id=\"attachment_20002\" aria-describedby=\"caption-attachment-20002\" style=\"width: 2560px\" class=\"wp-caption aligncenter\"><img loading=\"lazy\" decoding=\"async\" class=\"size-full wp-image-20002\" src=\"https:\/\/moja24.pl\/wp-content\/uploads\/2021\/11\/20211111_174250-scaled.jpg\" alt=\"\" width=\"2560\" height=\"1920\" srcset=\"https:\/\/moja24.pl\/wp-content\/uploads\/2021\/11\/20211111_174250-scaled.jpg 2560w, https:\/\/moja24.pl\/wp-content\/uploads\/2021\/11\/20211111_174250-300x225.jpg 300w, https:\/\/moja24.pl\/wp-content\/uploads\/2021\/11\/20211111_174250-1024x768.jpg 1024w, https:\/\/moja24.pl\/wp-content\/uploads\/2021\/11\/20211111_174250-768x576.jpg 768w, https:\/\/moja24.pl\/wp-content\/uploads\/2021\/11\/20211111_174250-1536x1152.jpg 1536w, https:\/\/moja24.pl\/wp-content\/uploads\/2021\/11\/20211111_174250-2048x1536.jpg 2048w, https:\/\/moja24.pl\/wp-content\/uploads\/2021\/11\/20211111_174250-80x60.jpg 80w, https:\/\/moja24.pl\/wp-content\/uploads\/2021\/11\/20211111_174250-265x198.jpg 265w, https:\/\/moja24.pl\/wp-content\/uploads\/2021\/11\/20211111_174250-696x522.jpg 696w, https:\/\/moja24.pl\/wp-content\/uploads\/2021\/11\/20211111_174250-1068x801.jpg 1068w, https:\/\/moja24.pl\/wp-content\/uploads\/2021\/11\/20211111_174250-560x420.jpg 560w, https:\/\/moja24.pl\/wp-content\/uploads\/2021\/11\/20211111_174250-400x300.jpg 400w\" sizes=\"auto, (max-width: 2560px) 100vw, 2560px\" \/><figcaption id=\"caption-attachment-20002\" class=\"wp-caption-text\">fot. Andrzej Buczy\u0144ski<\/figcaption><\/figure>\n<figure id=\"attachment_20001\" aria-describedby=\"caption-attachment-20001\" style=\"width: 2560px\" class=\"wp-caption aligncenter\"><img loading=\"lazy\" decoding=\"async\" class=\"size-full wp-image-20001\" src=\"https:\/\/moja24.pl\/wp-content\/uploads\/2021\/11\/20211111_174132-scaled.jpg\" alt=\"\" width=\"2560\" height=\"1920\" srcset=\"https:\/\/moja24.pl\/wp-content\/uploads\/2021\/11\/20211111_174132-scaled.jpg 2560w, https:\/\/moja24.pl\/wp-content\/uploads\/2021\/11\/20211111_174132-300x225.jpg 300w, https:\/\/moja24.pl\/wp-content\/uploads\/2021\/11\/20211111_174132-1024x768.jpg 1024w, https:\/\/moja24.pl\/wp-content\/uploads\/2021\/11\/20211111_174132-768x576.jpg 768w, https:\/\/moja24.pl\/wp-content\/uploads\/2021\/11\/20211111_174132-1536x1152.jpg 1536w, https:\/\/moja24.pl\/wp-content\/uploads\/2021\/11\/20211111_174132-2048x1536.jpg 2048w, https:\/\/moja24.pl\/wp-content\/uploads\/2021\/11\/20211111_174132-80x60.jpg 80w, https:\/\/moja24.pl\/wp-content\/uploads\/2021\/11\/20211111_174132-265x198.jpg 265w, https:\/\/moja24.pl\/wp-content\/uploads\/2021\/11\/20211111_174132-696x522.jpg 696w, https:\/\/moja24.pl\/wp-content\/uploads\/2021\/11\/20211111_174132-1068x801.jpg 1068w, https:\/\/moja24.pl\/wp-content\/uploads\/2021\/11\/20211111_174132-560x420.jpg 560w, https:\/\/moja24.pl\/wp-content\/uploads\/2021\/11\/20211111_174132-400x300.jpg 400w\" sizes=\"auto, (max-width: 2560px) 100vw, 2560px\" \/><figcaption id=\"caption-attachment-20001\" class=\"wp-caption-text\">fot. Andrzej Buczy\u0144ski<\/figcaption><\/figure>\n<figure id=\"attachment_19999\" aria-describedby=\"caption-attachment-19999\" style=\"width: 1536px\" class=\"wp-caption aligncenter\"><img loading=\"lazy\" decoding=\"async\" class=\"size-full wp-image-19999\" src=\"https:\/\/moja24.pl\/wp-content\/uploads\/2021\/11\/20211124_luna1.jpg\" alt=\"\" width=\"1536\" height=\"2048\" srcset=\"https:\/\/moja24.pl\/wp-content\/uploads\/2021\/11\/20211124_luna1.jpg 1536w, https:\/\/moja24.pl\/wp-content\/uploads\/2021\/11\/20211124_luna1-225x300.jpg 225w, https:\/\/moja24.pl\/wp-content\/uploads\/2021\/11\/20211124_luna1-768x1024.jpg 768w, https:\/\/moja24.pl\/wp-content\/uploads\/2021\/11\/20211124_luna1-1152x1536.jpg 1152w, https:\/\/moja24.pl\/wp-content\/uploads\/2021\/11\/20211124_luna1-696x928.jpg 696w, https:\/\/moja24.pl\/wp-content\/uploads\/2021\/11\/20211124_luna1-1068x1424.jpg 1068w, https:\/\/moja24.pl\/wp-content\/uploads\/2021\/11\/20211124_luna1-315x420.jpg 315w\" sizes=\"auto, (max-width: 1536px) 100vw, 1536px\" \/><figcaption id=\"caption-attachment-19999\" class=\"wp-caption-text\">fot. \u017bDK<\/figcaption><\/figure>\n<p style=\"text-align: right;\"><span style=\"color: #999999;\"><strong>Andrzej Buczy\u0144ski<\/strong><\/span><\/p>\n","protected":false},"excerpt":{"rendered":"<p>\u017bARY | Sala widowiskowa Luna \u017barskiego Domu Kultury przy ul. Okrzei, po miesi\u0105cach intensywnych prac, zyska\u0142a zupe\u0142nie nowy wizerunek. Dzi\u015b prezentuje si\u0119 naprawd\u0119 elegancko, ale to jeszcze nie koniec plan\u00f3w na kompleksow\u0105 modernizacj\u0119 tego obiektu. Dotychczasowe prace kosztowa\u0142y oko\u0142o 1,8 miliona z\u0142otych. Na dzie\u0144 dobry od razu rzuca si\u0119 w oczy nowa elewacja. To efekt [&hellip;]<\/p>\n","protected":false},"author":4,"featured_media":20004,"comment_status":"closed","ping_status":"closed","sticky":false,"template":"","format":"standard","meta":{"_monsterinsights_skip_tracking":false,"_monsterinsights_sitenote_active":false,"_monsterinsights_sitenote_note":"","_monsterinsights_sitenote_category":0,"footnotes":""},"categories":[20,25,28],"tags":[1170,208,109,2717,168,66],"class_list":["post-19998","post","type-post","status-publish","format-standard","has-post-thumbnail","hentry","category-informacje","category-kultura-i-rozrywka","category-wiadomosci","tag-luna","tag-lukasz-matyjasek","tag-moja-gazeta","tag-salon-wystaw-artystycznych","tag-zarski-dom-kultury","tag-zary"],"_links":{"self":[{"href":"https:\/\/moja24.pl\/index.php\/wp-json\/wp\/v2\/posts\/19998","targetHints":{"allow":["GET"]}}],"collection":[{"href":"https:\/\/moja24.pl\/index.php\/wp-json\/wp\/v2\/posts"}],"about":[{"href":"https:\/\/moja24.pl\/index.php\/wp-json\/wp\/v2\/types\/post"}],"author":[{"embeddable":true,"href":"https:\/\/moja24.pl\/index.php\/wp-json\/wp\/v2\/users\/4"}],"replies":[{"embeddable":true,"href":"https:\/\/moja24.pl\/index.php\/wp-json\/wp\/v2\/comments?post=19998"}],"version-history":[{"count":1,"href":"https:\/\/moja24.pl\/index.php\/wp-json\/wp\/v2\/posts\/19998\/revisions"}],"predecessor-version":[{"id":20005,"href":"https:\/\/moja24.pl\/index.php\/wp-json\/wp\/v2\/posts\/19998\/revisions\/20005"}],"wp:featuredmedia":[{"embeddable":true,"href":"https:\/\/moja24.pl\/index.php\/wp-json\/wp\/v2\/media\/20004"}],"wp:attachment":[{"href":"https:\/\/moja24.pl\/index.php\/wp-json\/wp\/v2\/media?parent=19998"}],"wp:term":[{"taxonomy":"category","embeddable":true,"href":"https:\/\/moja24.pl\/index.php\/wp-json\/wp\/v2\/categories?post=19998"},{"taxonomy":"post_tag","embeddable":true,"href":"https:\/\/moja24.pl\/index.php\/wp-json\/wp\/v2\/tags?post=19998"}],"curies":[{"name":"wp","href":"https:\/\/api.w.org\/{rel}","templated":true}]}}