{"id":21014,"date":"2021-12-20T21:30:33","date_gmt":"2021-12-20T20:30:33","guid":{"rendered":"https:\/\/moja24.pl\/?p=21014"},"modified":"2021-12-20T21:30:33","modified_gmt":"2021-12-20T20:30:33","slug":"nie-zatrzymal-sie-do-kontroli-mial-cofniete-uprawnienia-i-zakazy-prowadzenia-pojazdow","status":"publish","type":"post","link":"https:\/\/moja24.pl\/index.php\/2021\/12\/20\/nie-zatrzymal-sie-do-kontroli-mial-cofniete-uprawnienia-i-zakazy-prowadzenia-pojazdow\/","title":{"rendered":"Nie zatrzyma\u0142 si\u0119 do kontroli. Mia\u0142 cofni\u0119te uprawnienia i zakazy prowadzenia pojazd\u00f3w"},"content":{"rendered":"<p><strong><span style=\"color: #ff0000;\">\u017bARY<\/span> | Policjanci \u017carskiego ruchu drogowego po po\u015bcigu zatrzymali kieruj\u0105cego vw polo. 31-latek wsiad\u0142 za kierownic\u0119 pomimo tego, \u017ce mia\u0142 cofni\u0119te uprawnienia oraz posiada\u0142 zakazy prowadzenia pojazd\u00f3w. Przy sobie posiada\u0142 tak\u017ce narkotyki.<\/strong><\/p>\n<p>Nad ranem policjanci \u017carskiego ruchu drogowego na jednej z ulic w \u017barach wytypowali do kontroli samoch\u00f3d marki VW Polo. W\u0142\u0105czyli sygna\u0142y \u015bwietlne i d\u017awi\u0119kowe, aby zatrzyma\u0107 pojazd i przeprowadzi\u0107 kontrol\u0119 drogow\u0105. Kieruj\u0105cy nie zareagowa\u0142 na nadawane sygna\u0142y, przyspieszy\u0142 i rozpocz\u0105\u0142 ucieczk\u0119 ulicami miasta, nast\u0119pnie na jednej z ulic porzuci\u0142 pojazd i kontynuowa\u0142 ucieczk\u0119 pieszo. Policjanci natychmiast udali si\u0119 w \u015blad za nim, by po kr\u00f3tkiej chwili zatrzyma\u0107 m\u0119\u017cczyzn\u0119.<\/p>\n<p>Podczas przeszukania funkcjonariusze w kieszeniach znale\u017ali zielony susz oraz tabletki, kt\u00f3re to zosta\u0142y zabezpieczone do dalszych bada\u0144 laboratoryjnych. Zachowanie 31-letniego mieszka\u0144ca powiatu \u017carskiego wskazywa\u0142o, \u017ce mo\u017ce on znajdowa\u0107 si\u0119 pod wp\u0142ywem narkotyk\u00f3w. Test potwierdzi\u0142 przypuszczenia mundurowych i wykaza\u0142 metamfetamin\u0119 oraz marihuan\u0119. Do dalszych bada\u0144 od m\u0119\u017cczyzny zosta\u0142a pobrana krew. Po sprawdzeniu w bazach policyjnych okaza\u0142o si\u0119 r\u00f3wnie\u017c, \u017ce kieruj\u0105cy ma cofni\u0119te uprawnienia do kierowania oraz posiada 5 aktywnych zakaz\u00f3w prowadzenia pojazd\u00f3w.<\/p>\n<p>Teraz mieszkaniec powiatu \u017carskiego odpowie za pope\u0142nione przest\u0119pstwa. Ka\u017cdy kierowca, kt\u00f3ry \u015bwiadomie zmusi funkcjonariuszy do po\u015bcigu i nie zatrzyma si\u0119, mimo wydawanych mu polece\u0144 w postaci sygna\u0142\u00f3w \u015bwietlnych i d\u017awi\u0119kowych, pope\u0142nia przest\u0119pstwo zagro\u017cone kar\u0105 pozbawienia wolno\u015bci do lat 5.<\/p>\n<p style=\"text-align: right;\"><strong><span style=\"color: #999999;\">komisarz Aneta Berestecka<\/span><\/strong><br \/>\n<span style=\"color: #999999;\">Komenda Powiatowa Policji w \u017barach<\/span><\/p>\n","protected":false},"excerpt":{"rendered":"<p>\u017bARY | Policjanci \u017carskiego ruchu drogowego po po\u015bcigu zatrzymali kieruj\u0105cego vw polo. 31-latek wsiad\u0142 za kierownic\u0119 pomimo tego, \u017ce mia\u0142 cofni\u0119te uprawnienia oraz posiada\u0142 zakazy prowadzenia pojazd\u00f3w. Przy sobie posiada\u0142 tak\u017ce narkotyki. Nad ranem policjanci \u017carskiego ruchu drogowego na jednej z ulic w \u017barach wytypowali do kontroli samoch\u00f3d marki VW Polo. W\u0142\u0105czyli sygna\u0142y \u015bwietlne i [&hellip;]<\/p>\n","protected":false},"author":4,"featured_media":19921,"comment_status":"closed","ping_status":"closed","sticky":false,"template":"","format":"standard","meta":{"_monsterinsights_skip_tracking":false,"_monsterinsights_sitenote_active":false,"_monsterinsights_sitenote_note":"","_monsterinsights_sitenote_category":0,"footnotes":""},"categories":[20,28,21],"tags":[473,109,513,1119,66],"class_list":["post-21014","post","type-post","status-publish","format-standard","has-post-thumbnail","hentry","category-informacje","category-wiadomosci","category-wypadki-przypadki","tag-komenda-powiatowa-policji-w-zarach","tag-moja-gazeta","tag-narkotyki","tag-policja","tag-zary"],"_links":{"self":[{"href":"https:\/\/moja24.pl\/index.php\/wp-json\/wp\/v2\/posts\/21014","targetHints":{"allow":["GET"]}}],"collection":[{"href":"https:\/\/moja24.pl\/index.php\/wp-json\/wp\/v2\/posts"}],"about":[{"href":"https:\/\/moja24.pl\/index.php\/wp-json\/wp\/v2\/types\/post"}],"author":[{"embeddable":true,"href":"https:\/\/moja24.pl\/index.php\/wp-json\/wp\/v2\/users\/4"}],"replies":[{"embeddable":true,"href":"https:\/\/moja24.pl\/index.php\/wp-json\/wp\/v2\/comments?post=21014"}],"version-history":[{"count":1,"href":"https:\/\/moja24.pl\/index.php\/wp-json\/wp\/v2\/posts\/21014\/revisions"}],"predecessor-version":[{"id":21015,"href":"https:\/\/moja24.pl\/index.php\/wp-json\/wp\/v2\/posts\/21014\/revisions\/21015"}],"wp:featuredmedia":[{"embeddable":true,"href":"https:\/\/moja24.pl\/index.php\/wp-json\/wp\/v2\/media\/19921"}],"wp:attachment":[{"href":"https:\/\/moja24.pl\/index.php\/wp-json\/wp\/v2\/media?parent=21014"}],"wp:term":[{"taxonomy":"category","embeddable":true,"href":"https:\/\/moja24.pl\/index.php\/wp-json\/wp\/v2\/categories?post=21014"},{"taxonomy":"post_tag","embeddable":true,"href":"https:\/\/moja24.pl\/index.php\/wp-json\/wp\/v2\/tags?post=21014"}],"curies":[{"name":"wp","href":"https:\/\/api.w.org\/{rel}","templated":true}]}}