{"id":2126,"date":"2017-03-17T23:09:24","date_gmt":"2017-03-17T22:09:24","guid":{"rendered":"http:\/\/moja24.pl\/?p=2126"},"modified":"2017-03-17T23:09:24","modified_gmt":"2017-03-17T22:09:24","slug":"promien-awansuje-do-nastepnej-rundy","status":"publish","type":"post","link":"https:\/\/moja24.pl\/index.php\/2017\/03\/17\/promien-awansuje-do-nastepnej-rundy\/","title":{"rendered":"Promie\u0144 awansuje do nast\u0119pnej rundy"},"content":{"rendered":"<figure id=\"attachment_2133\" aria-describedby=\"caption-attachment-2133\" style=\"width: 300px\" class=\"wp-caption alignleft\"><img loading=\"lazy\" decoding=\"async\" class=\"size-medium wp-image-2133\" src=\"http:\/\/moja24.pl\/wp-content\/uploads\/2017\/03\/Promie\u0144-awansuje-300x200.jpg\" alt=\"\" width=\"300\" height=\"200\" srcset=\"https:\/\/moja24.pl\/wp-content\/uploads\/2017\/03\/Promie\u0144-awansuje-300x200.jpg 300w, https:\/\/moja24.pl\/wp-content\/uploads\/2017\/03\/Promie\u0144-awansuje-696x463.jpg 696w, https:\/\/moja24.pl\/wp-content\/uploads\/2017\/03\/Promie\u0144-awansuje-631x420.jpg 631w, https:\/\/moja24.pl\/wp-content\/uploads\/2017\/03\/Promie\u0144-awansuje.jpg 700w\" sizes=\"auto, (max-width: 300px) 100vw, 300px\" \/><figcaption id=\"caption-attachment-2133\" class=\"wp-caption-text\">foto A.Buczy\u0144ski<\/figcaption><\/figure>\n<p><span id=\"tekst\"><strong>Czwartoligowa Arka Nowa S\u00f3l zosta\u0142a pokonana na stadionie Promienia. Mecz, mimo obaw, przebiega\u0142 w spokojnej atmosferze.<\/strong><br \/>\n<\/span><\/p>\n<p>W spotkaniu 1\/8 fina\u0142u Pucharu Polski na szczeblu Lubuskiego Zwi\u0105zku Pi\u0142ki No\u017cnej \u017carska dru\u017cyna zdoby\u0142a jedn\u0105 bramk\u0119. To wystarczy\u0142o. Dobrze wykorzystany rzut karny w 61 minucie w wykonaniu Dariusza Piechowiaka da\u0142 gospodarzom przewag\u0119, kt\u00f3r\u0105 utrzymali ju\u017c do ko\u0144ca. Pi\u0142karze Arki pomimo tego, \u017ce mocno pracowali nad zmian\u0105 niekorzystnego dla siebie rezultatu, to jednak musieli pogodzi\u0107 si\u0119 z przegran\u0105.<\/p>\n<p>S\u0119dzia Bartosz Rudkowski nie szcz\u0119dzi\u0142 \u017c\u00f3\u0142tych kartek. Zobaczyli je: Artur Reszczy\u0144ski, Bartosz Suski, Jakub Nowak, Rados\u0142aw \u017bebrowski i Marcin Rybnik.<\/p>\n<p>To by\u0142 pierwszy w tym roku mecz Promienia na trawiastym boisku, w dodatku z dru\u017cyn\u0105 wy\u017cej notowan\u0105. Tym bardziej wi\u0119c nie kryje zadowolenia trener Grzegorz Tychowski, kt\u00f3ry docenia ci\u0119\u017ck\u0105 prac\u0119 wykonan\u0105 przez pi\u0142karzy na boisku.<\/p>\n<p>Policja zabezpieczaj\u0105ca stadion nie mia\u0142a wiele do roboty, chocia\u017c przed meczem kr\u0105\u017cy\u0142y plotki o mo\u017cliwej rozr\u00f3bie. Kibice z Nowej Soli nie dojechali. Na trybunach i wok\u00f3\u0142 stadionu by\u0142o spokojnie. Po zako\u0144czonym meczu pi\u0142karze Promienia podzi\u0119kowali swoim kibicom za doping.<\/p>\n<p>W 1\/4 fina\u0142u Promie\u0144 spotka si\u0119 z czwartoligowym TS Przylep. Mecz zaplanowano na \u015brod\u0119, 19 kwietnia.<\/p>\n<p>Zanim jednak przyjdzie rozegra\u0107 mecz pucharowy, to najpierw trzeba b\u0119dzie powalczy\u0107 w meczach ligowych. Pierwszy ju\u017c w sobot\u0119, 18 marca o godz. 14:00 i to od razu z powa\u017cnym, pretenduj\u0105cym do awansu do wy\u017cszej ligi przeciwnikiem. Dru\u017cyna Promienia b\u0119dzie podejmowa\u0107 team Czarnych \u017baga\u0144. \u00a0 \u00a0 \u00a0 \u00a0 \u00a0 \u00a0 \u00a0 \u00a0 \u00a0 \u00a0 \u00a0 \u00a0 \u00a0 \u00a0 \u00a0 \u00a0 \u00a0 \u00a0 \u00a0 \u00a0<em>\u00a0 \u00a0 \u00a0 \u00a0 \u00a0 \u00a0 \u00a0 \u00a0 \u00a0ATB<\/em><\/p>\n<div id='gallery-1' class='gallery galleryid-2126 gallery-columns-4 gallery-size-thumbnail'><figure class='gallery-item'>\n\t\t\t<div class='gallery-icon landscape'>\n\t\t\t\t<a href='https:\/\/moja24.pl\/wp-content\/uploads\/2017\/03\/Promie\u0144-awansuje-2.jpg'><img loading=\"lazy\" decoding=\"async\" width=\"150\" height=\"150\" src=\"https:\/\/moja24.pl\/wp-content\/uploads\/2017\/03\/Promie\u0144-awansuje-2-150x150.jpg\" class=\"attachment-thumbnail size-thumbnail\" alt=\"\" \/><\/a>\n\t\t\t<\/div><\/figure><figure class='gallery-item'>\n\t\t\t<div class='gallery-icon landscape'>\n\t\t\t\t<a href='https:\/\/moja24.pl\/wp-content\/uploads\/2017\/03\/Promie\u0144-awansuje-6.jpg'><img loading=\"lazy\" decoding=\"async\" width=\"150\" height=\"150\" src=\"https:\/\/moja24.pl\/wp-content\/uploads\/2017\/03\/Promie\u0144-awansuje-6-150x150.jpg\" class=\"attachment-thumbnail size-thumbnail\" alt=\"\" \/><\/a>\n\t\t\t<\/div><\/figure><figure class='gallery-item'>\n\t\t\t<div class='gallery-icon landscape'>\n\t\t\t\t<a href='https:\/\/moja24.pl\/wp-content\/uploads\/2017\/03\/Promie\u0144-awansuje-5.jpg'><img loading=\"lazy\" decoding=\"async\" width=\"150\" height=\"150\" src=\"https:\/\/moja24.pl\/wp-content\/uploads\/2017\/03\/Promie\u0144-awansuje-5-150x150.jpg\" class=\"attachment-thumbnail size-thumbnail\" alt=\"\" \/><\/a>\n\t\t\t<\/div><\/figure><figure class='gallery-item'>\n\t\t\t<div class='gallery-icon landscape'>\n\t\t\t\t<a href='https:\/\/moja24.pl\/wp-content\/uploads\/2017\/03\/Promie\u0144-awansuje-3.jpg'><img loading=\"lazy\" decoding=\"async\" width=\"150\" height=\"150\" src=\"https:\/\/moja24.pl\/wp-content\/uploads\/2017\/03\/Promie\u0144-awansuje-3-150x150.jpg\" class=\"attachment-thumbnail size-thumbnail\" alt=\"\" aria-describedby=\"gallery-1-2128\" \/><\/a>\n\t\t\t<\/div>\n\t\t\t\t<figcaption class='wp-caption-text gallery-caption' id='gallery-1-2128'>\n\t\t\t\tfoto A. Buczy\u0144ski\n\t\t\t\t<\/figcaption><\/figure>\n\t\t<\/div>\n\n<p>&nbsp;<\/p>\n<p>&nbsp;<\/p>\n","protected":false},"excerpt":{"rendered":"<p>Czwartoligowa Arka Nowa S\u00f3l zosta\u0142a pokonana na stadionie Promienia. Mecz, mimo obaw, przebiega\u0142 w spokojnej atmosferze. W spotkaniu 1\/8 fina\u0142u Pucharu Polski na szczeblu Lubuskiego Zwi\u0105zku Pi\u0142ki No\u017cnej \u017carska dru\u017cyna zdoby\u0142a jedn\u0105 bramk\u0119. To wystarczy\u0142o. Dobrze wykorzystany rzut karny w 61 minucie w wykonaniu Dariusza Piechowiaka da\u0142 gospodarzom przewag\u0119, kt\u00f3r\u0105 utrzymali ju\u017c do ko\u0144ca. Pi\u0142karze [&hellip;]<\/p>\n","protected":false},"author":2,"featured_media":2132,"comment_status":"closed","ping_status":"closed","sticky":false,"template":"","format":"standard","meta":{"_monsterinsights_skip_tracking":false,"_monsterinsights_sitenote_active":false,"_monsterinsights_sitenote_note":"","_monsterinsights_sitenote_category":0,"footnotes":""},"categories":[23],"tags":[218,217,53,74,164,61,182,215,135,270,230,229,111,145,73],"class_list":["post-2126","post","type-post","status-publish","format-standard","has-post-thumbnail","hentry","category-sport","tag-gazeta-lokalna-zary","tag-gazeta-regionalna-zary","tag-informacje-lubuskie","tag-informacje-zary","tag-portal-moja24-pl","tag-powiat-zary","tag-promien-zary","tag-sport-powiat-zary","tag-sport-zary","tag-sportowe-zary","tag-tygodnik-lokalny-moja-gazeta","tag-tygodnik-regionalny-moja-gazeta","tag-tygodnik-zary","tag-wiadomosci-powiat-zarski","tag-wiadomosci-zary"],"_links":{"self":[{"href":"https:\/\/moja24.pl\/index.php\/wp-json\/wp\/v2\/posts\/2126","targetHints":{"allow":["GET"]}}],"collection":[{"href":"https:\/\/moja24.pl\/index.php\/wp-json\/wp\/v2\/posts"}],"about":[{"href":"https:\/\/moja24.pl\/index.php\/wp-json\/wp\/v2\/types\/post"}],"author":[{"embeddable":true,"href":"https:\/\/moja24.pl\/index.php\/wp-json\/wp\/v2\/users\/2"}],"replies":[{"embeddable":true,"href":"https:\/\/moja24.pl\/index.php\/wp-json\/wp\/v2\/comments?post=2126"}],"version-history":[{"count":3,"href":"https:\/\/moja24.pl\/index.php\/wp-json\/wp\/v2\/posts\/2126\/revisions"}],"predecessor-version":[{"id":2135,"href":"https:\/\/moja24.pl\/index.php\/wp-json\/wp\/v2\/posts\/2126\/revisions\/2135"}],"wp:featuredmedia":[{"embeddable":true,"href":"https:\/\/moja24.pl\/index.php\/wp-json\/wp\/v2\/media\/2132"}],"wp:attachment":[{"href":"https:\/\/moja24.pl\/index.php\/wp-json\/wp\/v2\/media?parent=2126"}],"wp:term":[{"taxonomy":"category","embeddable":true,"href":"https:\/\/moja24.pl\/index.php\/wp-json\/wp\/v2\/categories?post=2126"},{"taxonomy":"post_tag","embeddable":true,"href":"https:\/\/moja24.pl\/index.php\/wp-json\/wp\/v2\/tags?post=2126"}],"curies":[{"name":"wp","href":"https:\/\/api.w.org\/{rel}","templated":true}]}}