{"id":22227,"date":"2022-01-13T12:32:32","date_gmt":"2022-01-13T11:32:32","guid":{"rendered":"https:\/\/moja24.pl\/?p=22227"},"modified":"2022-01-13T12:32:32","modified_gmt":"2022-01-13T11:32:32","slug":"prognozy-dziura-projekty-i-sporo-inwestycji","status":"publish","type":"post","link":"https:\/\/moja24.pl\/index.php\/2022\/01\/13\/prognozy-dziura-projekty-i-sporo-inwestycji\/","title":{"rendered":"Prognozy, dziura, projekty i sporo inwestycji"},"content":{"rendered":"<p><b><span style=\"color: #ff0000;\">\u017bARY<\/span> | O kondycji finansowej miasta oraz planach na rok 2022 z burmistrz Danut\u0105 Madej rozmawia Andrzej Buczy\u0144ski.<\/b><\/p>\n<p><b>Rok 2021 za nami, ale to, jak si\u0119 zako\u0144czy\u0142 pod wzgl\u0119dem finansowym, nie jest jeszcze do ko\u0144ca znane?<\/b><\/p>\n<p><span style=\"font-weight: 400;\">&#8211; Ostatecznie, jak zako\u0144czymy rok 2021, b\u0119dziemy wiedzie\u0107 w marcu. Podsumowanie wykonania bud\u017cetu nast\u0119puje w czerwcu na sesji Rady Miejskiej, po uzyskaniu pozytywnej\u00a0 opinii Regionalnej Izby Obrachunkowej. Jednak bior\u0105c pod uwag\u0119 dane grudniowe, mog\u0119 wst\u0119pnie por\u00f3wna\u0107 bud\u017cet tegoroczny z bud\u017cetem roku 2021.<\/span><\/p>\n<p><b>Co zatem mo\u017cna powiedzie\u0107 ju\u017c dzi\u015b?<\/b><\/p>\n<p><span style=\"font-weight: 400;\">&#8211; Bud\u017cet roku 2021 ko\u0144czymy dochodami na ponad 194 milion\u00f3w z\u0142otych. Wydatki maj\u0105tkowe w tym zadania inwestycyjne zrealizowali\u015bmy na kwot\u0119 powy\u017cej 24 milion\u00f3w z\u0142otych. W roku 2021 prognozowali\u015bmy kredyt na poziomie 16 milion\u00f3w z\u0142otych. Ostatecznie nie uruchomili\u015bmy linii kredytowej. Dlatego, \u017ce w ci\u0105gu roku zintensyfikowali\u015bmy r\u00f3\u017cnego typu dzia\u0142ania oszcz\u0119dno\u015bciowe i przyspieszaj\u0105ce zwrot \u015brodk\u00f3w finansowych z r\u00f3\u017cnych funduszy zewn\u0119trznych na rzecz miasta. Po za tym konsekwentnie gromadzili\u015bmy wolne \u015brodki. Je\u017celi realizujemy inwestycje z dofinansowaniem zewn\u0119trznym, najpierw wyk\u0142adamy pieni\u0105dze miasta. Te \u015brodki r\u00f3wnie\u017c zabezpieczamy w planowanych liniach kredytowych. Je\u017celi nast\u0119puje zwrot pieni\u0119dzy ze strony instytucji dotuj\u0105cych to sp\u0142acamy kredyty lub go nie uruchamiamy. W ubieg\u0142ym roku zdarzy\u0142o si\u0119 tak, \u017ce wszystkie \u015brodki finansowe, kt\u00f3re by\u0142y nam winne fundusze zewn\u0119trzne, wr\u00f3ci\u0142y do bud\u017cetu naszego miasta. Do tego du\u017co dzia\u0142a\u0144 oszcz\u0119dno\u015bciowych, je\u017celi chodzi o wydatki bie\u017c\u0105ce, zar\u00f3wno w przypadku urz\u0119du, jak i naszych jednostek, da\u0142y efekt taki, \u017ce nie musieli\u015bmy uruchamia\u0107 kredytu. To wynik pracy wielu ludzi, nasz wsp\u00f3lny sukces, poniewa\u017c ko\u0144czymy ten rok 2021 ze wska\u017anikiem zad\u0142u\u017cenia na poziomie 20,5%. To bardzo dobry rezultat. Gdy rozmawiam nieraz z ekonomistami zajmuj\u0105cymi si\u0119 bud\u017cetami gmin, twierdz\u0105 \u017ce w przypadku naszego miasta wska\u017anik zad\u0142u\u017cenia w stosunku do dochod\u00f3w na poziomie 27% by\u0142by tak\u017ce dobry. Bior\u0105c pod uwag\u0119 ostatnie lata zazwyczaj mamy rzeczywiste zad\u0142u\u017cenie na poziomie 18% &#8211; 22% dochod\u00f3w miasta.<\/span><\/p>\n<p><b>Dochody miasta w 2021 roku by\u0142y ni\u017csze ni\u017c w 2020. A ten rok? Mo\u017cna m\u00f3wi\u0107 o tendencji spadkowej?<\/b><\/p>\n<p><span style=\"font-weight: 400;\">&#8211; Planowane dochody s\u0105 o wiele mniejsze &#8211; w prognozie na poziomie powy\u017cej 172 milion\u00f3w, czyli o oko\u0142o 22 miliony mniej, ni\u017c w roku ubieg\u0142ym.\u00a0<\/span><\/p>\n<p><b>To ogromna r\u00f3\u017cnica. Z czego ona wynika?<\/b><\/p>\n<p><span style=\"font-weight: 400;\">&#8211; Mi\u0119dzy innymi wp\u0142yw na to ma zako\u0144czenie przez urz\u0105d miejski obs\u0142ugi programu 500+. Przej\u0105\u0142 to ZUS i nie mamy ju\u017c dochod\u00f3w z realizacji tego programu. S\u0105 te\u017c r\u00f3\u017cnego typu zmiany, je\u017celi chodzi o polityk\u0119 fiskaln\u0105 naszego pa\u0144stwa. Skutkiem jest zmniejszenie wp\u0142yw\u00f3w w udzia\u0142ach samorz\u0105d\u00f3w z podatk\u00f3w PIT i CIT, od os\u00f3b fizycznych i prawnych. Popatrzmy na rok 2020 &#8211; nasz doch\u00f3d wynosi\u0142 ponad 204 miliony. Z roku na rok mamy wi\u0119c sukcesywny spadek. Sytuacja tegoroczna, je\u017celi chodzi o prognozy, jest z\u0142a &#8211; mam na my\u015bli wydatki bie\u017c\u0105ce. Dzi\u015b prognozujemy na minusie ponad 7 milion\u00f3w z\u0142otych. O co chodzi w dochodach bie\u017c\u0105cych i wydatkach? To jest bie\u017c\u0105ce funkcjonowanie miasta, czyli np. utrzymanie dr\u00f3g, zieleni, pr\u0105d, gaz, utrzymanie naszych szk\u00f3\u0142, przedszkoli, p\u0142ace&#8230; Musimy zako\u0144czy\u0107 rok bilansem zero &#8211; dochody bie\u017c\u0105ce r\u00f3wne wydatkom bie\u017c\u0105cym &#8211; bo taka jest zasada, je\u017celi chodzi o bud\u017cet. W takim razie ca\u0142y rok b\u0119dziemy musieli po\u015bwi\u0119ci\u0107 na zbieranie wolnych \u015brodk\u00f3w, wszelkiego rodzaju dzia\u0142ania oszcz\u0119dno\u015bciowe, aby &#8211; w tak przys\u0142owiowy spos\u00f3b m\u00f3wi\u0105c &#8211; zakopa\u0107 dziur\u0119 bud\u017cetow\u0105, je\u017celi chodzi o wydatki bie\u017c\u0105ce. Nie mieli\u015bmy jeszcze takiej trudnej sytuacji. Niestety, ta sytuacja jest nakr\u0119cana dodatkowo inflacj\u0105, a pandemia te\u017c swoje robi.<\/span><\/p>\n<p><b>Ale nowy bud\u017cet, uchwalony 31 grudnia 2021 roku, zak\u0142ada sporo inwestycji.<\/b><\/p>\n<p><span style=\"font-weight: 400;\">&#8211; Mimo r\u00f3\u017cnych trudno\u015bci, konsekwentnie realizujemy przedsi\u0119wzi\u0119cia infrastrukturalne. W tym przypadku zawsze mo\u017cemy wspom\u00f3c nasze dzia\u0142ania kredytem, je\u015bli zajdzie taka potrzeba. Jest troch\u0119 inwestycji, kt\u00f3re maj\u0105 swoje dofinansowanie zewn\u0119trzne, albo czekamy na wyniki konkurs\u00f3w o to wsparcie finansowanie i ju\u017c zabezpieczamy te przedsi\u0119wzi\u0119cia. Tak\u0105 lini\u0119 kredytow\u0105 na ten rok r\u00f3wnie\u017c prognozujemy, na poziomie 22 milion\u00f3w z\u0142otych. Podkre\u015blam, je\u015bli zajdzie taka potrzeba. W ubieg\u0142ym roku zak\u0142adali\u015bmy 16-milionow\u0105 lini\u0119 kredytow\u0105, ale nie musieli\u015bmy z niej skorzysta\u0107. Zobaczymy, jak b\u0119dzie w 2022.<\/span><\/p>\n<p><b>Bud\u017cet to pewna prognoza, ale trudno przewidzie\u0107, czy w ci\u0105gu roku nie zdro\u017ceje pr\u0105d potrzebny chocia\u017cby do o\u015bwietlenia ulic.<\/b><\/p>\n<p><span style=\"font-weight: 400;\">&#8211; Mamy nadziej\u0119, \u017ce nasze us\u0142ugi wzgl\u0119dem mieszka\u0144c\u00f3w, mimo tego trudnego czasu inflacyjnego, pandemicznego b\u0119dziemy utrzymywa\u0107 na tym samym poziomie, ale oczywi\u015bcie musimy znale\u017a\u0107 7 milion\u00f3w z\u0142otych. Licz\u0119 na dodatkowe udzia\u0142y w dochodach, je\u017celi chodzi o urz\u0105d skarbowy &#8211; wolne \u015brodki, kt\u00f3re przeznaczymy na &#8222;zakopanie&#8221; dziury bud\u017cetowej. Wcze\u015bniej mieli\u015bmy zawsze dodatni bilans w zakresie dochod\u00f3w i wydatk\u00f3w bie\u017c\u0105cych. Problem pojawi\u0142 si\u0119 w ubieg\u0142ym roku. Przy uchwalaniu poprzedniego bud\u017cetu mieli\u015bmy ponad 2 miliony na minusie, w tym roku 7 milion\u00f3w. Ubieg\u0142oroczny minus szybko zosta\u0142 zniwelowany w\u0142a\u015bnie wolnymi \u015brodkami. Jak to b\u0119dzie w tym roku, jeszcze nie wiadomo.<\/span><\/p>\n<p><b>Skupmy si\u0119 na inwestycjach.<\/b><\/p>\n<p><span style=\"font-weight: 400;\">&#8211; 2022 rok to rekordowa ilo\u015b\u0107 punkt\u00f3w, je\u017celi chodzi o plan wydatk\u00f3w dotycz\u0105cych konkretnych zada\u0144 na rzecz naszego miasta. Zaplanowali\u015bmy 58 r\u00f3\u017cnych przedsi\u0119wzi\u0119\u0107 maj\u0105tkowych i inwestycyjnych.\u00a0<\/span><\/p>\n<p><b>Prosz\u0119 wymieni\u0107 najwa\u017cniejsze zaplanowane na ten rok.<\/b><\/p>\n<p><span style=\"font-weight: 400;\">&#8211; Czo\u0142owa inwestycja, kt\u00f3r\u0105 wreszcie rozpoczynamy, to przebudowa ulicy Bohater\u00f3w Getta wraz z ulicami przyleg\u0142ymi. Jest to bardzo wa\u017cna inwestycja, kt\u00f3ra powinna by\u0107 ju\u017c zrobiona par\u0119 dobrych lat temu. Nie b\u0119dziemy zbyt du\u017co m\u00f3wi\u0107 o Wodach Polskich, kt\u00f3re nie zrealizowa\u0142y swojej inwestycji, jak\u0105 jest regulacja rzeki \u017barki. 38 milion\u00f3w zaplanowanych dla naszego miasta po prostu przepad\u0142o w trakcie r\u00f3\u017cnych przemian. Nie wiemy gdzie.\u00a0<\/span><\/p>\n<p><b>Miasto wy\u0142o\u017cy\u0142o przecie\u017c pieni\u0105dze na projekt regulacji \u017barki pomi\u0119dzy ulicami \u017baga\u0144sk\u0105 i Bohater\u00f3w Getta.<\/b><\/p>\n<p><span style=\"font-weight: 400;\">&#8211; Projekt sfinansowany przez miasto \u017bary w\u0142a\u015bciwie ju\u017c przepad\u0142. Mimo naszych stara\u0144, niestety Wody Polskie do tej pory nie zdecydowa\u0142y si\u0119 na regulacj\u0119 rzeki \u017barki. To zadanie \u015bci\u015ble powi\u0105zane by\u0142o z przebudow\u0105 ul. Bohater\u00f3w Getta. Projekt przygotowany w kadencji 2010-2014 uwzgl\u0119dnia\u0142 odp\u0142ywy w\u00f3d deszczowych mi\u0119dzy innymi do rzeki \u017barki. Inwestycja nie dosz\u0142a do skutku. Zdecydowali\u015bmy si\u0119 w ko\u0144cu zmieni\u0107 projekt przebudowy ulicy. Zmiana trwa\u0142a ponad rok. By\u0142y powa\u017cne problemy projektowe zwi\u0105zane z odp\u0142ywem w\u00f3d deszczowych z r\u00f3\u017cnych miejsc. W ko\u0144cu jednak rozpoczniemy t\u0119 inwestycj\u0119.<\/span><\/p>\n<p><b>Nie wszystkie inwestycje zosta\u0142y zako\u0144czone w ubieg\u0142ym roku. Niekt\u00f3re nadal s\u0105 realizowane.<\/b><\/p>\n<p><span style=\"font-weight: 400;\">Kontynuujemy przebudow\u0119 ul. Sarniej i Dziewina. Zako\u0144czenie planowane jest w kwietniu tego roku. Kontynuujemy r\u00f3wnie\u017c inwestycj\u0119, jak\u0105 jest przebudowa wiaduktu w ci\u0105gu ulicy Westerplatte w Kunicach. Post\u0119powanie przetargowe ju\u017c zosta\u0142o rozstrzygni\u0119te, ale\u2026 pojawi\u0142 si\u0119 kolejny problem. Firma telekomunikacyjna po\u0142o\u017cy\u0142a tam sw\u00f3j \u015bwiat\u0142ow\u00f3d, nielegalnie, bo bez wiedzy miasta. Gdy ju\u017c przysz\u0142o do przej\u0119cia placu budowy, to nasi wykonawcy zobaczyli, \u017ce kabel tam sobie wisi, a my o tym kablu nic nie wiemy i trzeba zmieni\u0107 projekt. Jednak zgodnie z zapewnieniami firmy, w tym roku przebudowa wiaduktu powinna nast\u0105pi\u0107. Mamy kolejn\u0105 wa\u017cn\u0105 inwestycj\u0119 na kwot\u0119 ponad 1,4 miliona z\u0142otych &#8211; przebudowa drugiej cz\u0119\u015bci ulicy Staszica, pocz\u0105wszy od skrzy\u017cowania z ulic\u0105 Ludow\u0105 do skrzy\u017cowania z ul. Zielonog\u00f3rsk\u0105. Mia\u0142am nadziej\u0119, \u017ce dojdzie do porozumienia z wojew\u00f3dzkim konserwatorem zabytk\u00f3w w kwestii ochrony lip, kt\u00f3re tam rosn\u0105. Ale niestety. Ta inwestycja b\u0119dzie kontynuowana w tym roku, jak ju\u017c b\u0119d\u0105 kompletne dokumenty i wszystkie uzgodnienia z wojew\u00f3dzkim konserwatorem zabytk\u00f3w, bo ci\u0105gle jest jaki\u015b problem dotycz\u0105cy kwestii ochrony drzew w tym miejscu<\/span><\/p>\n<p><b>Bud\u017cet Obywatelski?<\/b><\/p>\n<p><span style=\"font-weight: 400;\">&#8211; Mamy do zrealizowania w tym roku osiem dzia\u0142a\u0144 inwestycyjnych zwi\u0105zanych z Bud\u017cetem Obywatelskim, na kwot\u0119 oko\u0142o miliona z\u0142otych. S\u0105 to te\u017c bardzo wa\u017cne przedsi\u0119wzi\u0119cia, poniewa\u017c mieszka\u0144cy je zg\u0142osili i uzyskali poparcie spo\u0142eczne w czasie g\u0142osowania.\u00a0<\/span><\/p>\n<p><b>Do tej pory wiele inwestycji w \u017barach zrealizowanych by\u0142o przede wszystkim dlatego, \u017ce uda\u0142o si\u0119 pozyska\u0107 na nie dofinansowanie ze \u015brodk\u00f3w zewn\u0119trznych.<\/b><\/p>\n<p><span style=\"font-weight: 400;\">&#8211; Dostali\u015bmy w ramach konkursu (Program Polski \u0141ad) \u015brodki finansowe na dwie wa\u017cne inwestycje. Jedn\u0105 z nich jest przebudowa ul. Szymanowskiego i Kr\u00f3tkiej, a druga to ratowanie zabytku, jakim jest ratusz, czyli termomodernizacja tego obiektu. Obydwie inwestycje b\u0119dziemy wprowadza\u0107 do bud\u017cetu prawdopodobnie na sesji marcowej, poniewa\u017c mamy czas do 17 maja na og\u0142oszenie post\u0119powania przetargowego. Je\u017celi do tego momentu post\u0119powanie nie zostanie og\u0142oszone, to \u017cadnych \u015brodk\u00f3w finansowych nie otrzymamy i nie b\u0119dziemy mogli wykona\u0107 tych inwestycji. \u0141\u0105cznie miasto mo\u017ce zyska\u0107 ponad 13 milion\u00f3w z\u0142otych. Mamy tu dofinansowanie na poziomie od 90 do 95%, to bardzo dobra dotacja.<\/span><\/p>\n<p><b>Niew\u0105tpliwym sukcesem miasta jest pozyskanie dofinansowania z funduszy norweskich. Konkurencja by\u0142a du\u017ca, ale \u017barom si\u0119 uda\u0142o.<\/b><\/p>\n<p><span style=\"font-weight: 400;\">&#8211; Do naszego planu wydatk\u00f3w maj\u0105tkowych i inwestycyjnych wprowadzili\u015bmy ju\u017c nasze zaplanowane dzia\u0142ania w ramach funduszy norweskich &#8211; to jest kwota prawie 16 milion\u00f3w z\u0142otych. Dzia\u0142ania te mo\u017cna podzieli\u0107 na trzy grupy. Jedna grupa to s\u0105 typowe inwestycje, druga to przygotowanie projekt\u00f3w, a trzecia to dzia\u0142ania o charakterze mi\u0119kkim, kt\u00f3re maj\u0105 przyczyni\u0107 si\u0119 do poprawy jako\u015bci us\u0142ug urz\u0119du w stosunku do klient\u00f3w, mieszka\u0144c\u00f3w i innych os\u00f3b korzystaj\u0105cych z naszych us\u0142ug. W przypadku dzia\u0142a\u0144 inwestycyjnych, najwi\u0119ksz\u0105 inwestycj\u0105 w ramach funduszy norweskich jest budowa k\u0142adki nad drog\u0105 krajow\u0105 nr 12, czyli nad obwodnic\u0105 w s\u0105siedztwie strefy przemys\u0142owej \u201cLotnisko\u201d. Rozpoczniemy wszystko w tym roku i b\u0119dzie to trwa\u0142o prawdopodobnie przez dwa lata. Nie s\u0105dz\u0119, \u017ceby\u015bmy inwestycj\u0119 zrealizowali do ko\u0144ca roku, ale na pewno rozpoczniemy.\u00a0<\/span><\/p>\n<p><b>I dowiemy si\u0119 przy okazji, co tak naprawd\u0119 wyrabia si\u0119 z powietrzem w naszym mie\u015bcie?\u00a0<\/b><\/p>\n<p><span style=\"font-weight: 400;\">Drugie du\u017ce dzia\u0142anie inwestycyjne w ramach funduszy norweskich to w\u0142a\u015bnie kwestia systemu monitorowania i analizy jako\u015bci powietrza w \u017barach &#8211; na wszelkiego rodzaju dzia\u0142ania zwi\u0105zane z tym zaplanowali\u015bmy ponad 1,8 miliona z\u0142otych. Te spore \u015brodki przeznaczone zostan\u0105 mi\u0119dzy innymi na inwentaryzacj\u0119 g\u0142\u00f3wnych \u017ar\u00f3de\u0142 emisji zanieczyszcze\u0144. Opr\u00f3cz tego, opracowanie komputerowego modelu, pozwalaj\u0105cego na symulacj\u0119 rozprzestrzeniania si\u0119 zanieczyszcze\u0144 na obszarze ca\u0142ego miasta \u017bary oraz obszar\u00f3w bezpo\u015brednio przylegaj\u0105cych do nas. Wskazanie lokalizacji stacji pomiarowych, na podstawie wynik\u00f3w modelowania i symulacji, a w efekcie budow\u0119 infrastruktury technicznej i pomiarowej.\u00a0<\/span><\/p>\n<p><b>Stacja monitoringu powietrza, zlokalizowana i dzia\u0142aj\u0105ca przy szkole podstawowej na osiedlu \u201cmuzyk\u00f3w\u201d to oczywi\u015bcie za ma\u0142o?<\/b><\/p>\n<p><span style=\"font-weight: 400;\">&#8211; Eksperci monitoruj\u0105cy spotkania i konsultacje z mieszka\u0144cami oraz sytuacj\u0119 \u015brodowiskow\u0105 naszego miasta stwierdzili, \u017ce nasz problem w du\u017cej mierze to \u015bwiadomo\u015b\u0107 mieszka\u0144c\u00f3w. Zosta\u0142a w taki spos\u00f3b ukszta\u0142towana, \u017ce cz\u0119\u015b\u0107 mieszka\u0144c\u00f3w my\u015bli o mie\u015bcie jako najbardziej zanieczyszczonym w kraju, mimo \u017ce wyniki s\u0105 inne. Du\u017cym zaskoczeniem w\u015br\u00f3d ekspert\u00f3w od funduszy norweskich przy podawaniu wynik\u00f3w ze stacji monitoringu by\u0142o zdanie niekt\u00f3rych os\u00f3b, \u017ce\u2026 ta stacja k\u0142amie. W zwi\u0105zku z tym zbudowany zostanie komputerowy system monitoringu, zaprojektowany specjalnie dla naszego miasta. Ale czy mieszka\u0144cy b\u0119d\u0105 wierzy\u0107 w podawane wyniki? Zobaczymy. Bo co innego jeszcze mo\u017cna zrobi\u0107? B\u0119dziemy ci\u0105gle poszerza\u0107 tereny zielone w naszym mie\u015bcie.\u00a0<\/span><\/p>\n<p><b>Zanim rozpoczn\u0105 si\u0119 inwestycje, trzeba je wcze\u015bniej zaplanowa\u0107 i opracowa\u0107 dokumentacj\u0119. W tym te\u017c pomog\u0105 fundusze norweskie.<\/b><\/p>\n<p><span style=\"font-weight: 400;\">&#8211; Je\u017celi chodzi o dzia\u0142ania projektowe, to do najwa\u017cniejszych mo\u017cna zaliczy\u0107 projekt ronda przy drodze krajowej w kierunku Zawiszy Czarnego. B\u0119d\u0105 tam kolejne miejskie tereny inwestycyjne. To r\u00f3wnie\u017c pierwszy krok w kierunku rozpocz\u0119cia w przysz\u0142o\u015bci budowy drogi alternatywnej do Kunic i tym samym usprawnienia komunikacji w mie\u015bcie. Druga wa\u017cna kwestia, to projekt przebudowy by\u0142ego gimnazjum przy ulicy Staszica na Miejski Dom Seniora. Ma by\u0107 to r\u00f3wnie\u017c miejsce dla ludzi, kt\u00f3rzy nie b\u0119d\u0105 przebywa\u0107 tam ca\u0142\u0105 dob\u0119, a tylko przez czas, na przyk\u0142ad pracy ich najbli\u017cszych, kt\u00f3rzy si\u0119 nimi opiekuj\u0105. S\u0105dz\u0119, \u017ce to jest dobry pomys\u0142, bior\u0105c pod uwag\u0119 ci\u0105gle starzej\u0105ce si\u0119 spo\u0142ecze\u0144stwo. Poza tym, b\u0119dzie te\u017c projekt k\u0142adki, kt\u00f3ra ma po\u0142\u0105czy\u0107 Zatorze z centrum miasta nad torami kolejowymi. To jest wa\u017cna inwestycja, o kt\u00f3rej ju\u017c od dawna m\u00f3wimy, \u0142\u0105cznie z po\u0142\u0105czeniem jej ze \u015bcie\u017ckami rowerowymi w kierunku ulicy Artylerzyst\u00f3w i dalej w kierunku alei Jana Paw\u0142a II.<\/span><\/p>\n<p><b>Na koniec, najwa\u017cniejszy \u017carski zabytek, czyli zamek&#8230;<\/b><\/p>\n<p><span style=\"font-weight: 400;\">&#8211; Sporo \u015brodk\u00f3w finansowych przeznaczonych jest na projekt rewitalizacji naszego zamku. To kwota oko\u0142o miliona z\u0142otych. W marcu powinni\u015bmy og\u0142osi\u0107 post\u0119powanie przetargowe na konkurs architektoniczny. Zwyci\u0119zca tego konkursu b\u0119dzie mia\u0142 okre\u015blony czas na przygotowanie projektu rewitalizacji naszego zamku. To potrwa co najmniej rok. Ale bez projektu nie mo\u017cemy niestety ubiega\u0107 si\u0119 o \u015brodki zewn\u0119trzne. Mo\u017cemy wprawdzie, poprzez wsp\u00f3\u0142prac\u0119 ze stowarzyszeniem i jego wsparcie, wyst\u0119powa\u0107 o \u015brodki do ministerstwa, jak na przyk\u0142ad na remont wie\u017cy, albo gdy co\u015b wymaga pilnych napraw. Jednak nie na powa\u017cne prace remontowe. Do tego konieczna jest dokumentacja. Zostanie ona podzielona na wiele cz\u0119\u015bci i w zale\u017cno\u015bci od mo\u017cliwo\u015bci finansowych miasta, w zale\u017cno\u015bci od mo\u017cliwo\u015bci pozyskania \u015brodk\u00f3w zewn\u0119trznych, b\u0119dzie mo\u017cna te poszczeg\u00f3lne elementy realizowa\u0107. Na przyk\u0142ad remont parteru, remont klatki schodowej, remont jakiej\u015b zamkowej sali. Bo wiadomo, \u017ce przeprowadzenie kompleksowego remontu ca\u0142ego obiektu na raz jest po prostu niemo\u017cliwe. Ale mo\u017cna podzieli\u0107 ca\u0142e zadanie na wiele etap\u00f3w i tak to zostanie zrobione.<\/span><\/p>\n","protected":false},"excerpt":{"rendered":"<p>\u017bARY | O kondycji finansowej miasta oraz planach na rok 2022 z burmistrz Danut\u0105 Madej rozmawia Andrzej Buczy\u0144ski. Rok 2021 za nami, ale to, jak si\u0119 zako\u0144czy\u0142 pod wzgl\u0119dem finansowym, nie jest jeszcze do ko\u0144ca znane? &#8211; Ostatecznie, jak zako\u0144czymy rok 2021, b\u0119dziemy wiedzie\u0107 w marcu. Podsumowanie wykonania bud\u017cetu nast\u0119puje w czerwcu na sesji Rady [&hellip;]<\/p>\n","protected":false},"author":4,"featured_media":22228,"comment_status":"closed","ping_status":"closed","sticky":false,"template":"","format":"standard","meta":{"_monsterinsights_skip_tracking":false,"_monsterinsights_sitenote_active":false,"_monsterinsights_sitenote_note":"","_monsterinsights_sitenote_category":0,"footnotes":""},"categories":[20,28,26],"tags":[1648,315,1637,109,66],"class_list":["post-22227","post","type-post","status-publish","format-standard","has-post-thumbnail","hentry","category-informacje","category-wiadomosci","category-wywiady","tag-budzet","tag-danuta-madej","tag-inwestycje","tag-moja-gazeta","tag-zary"],"_links":{"self":[{"href":"https:\/\/moja24.pl\/index.php\/wp-json\/wp\/v2\/posts\/22227","targetHints":{"allow":["GET"]}}],"collection":[{"href":"https:\/\/moja24.pl\/index.php\/wp-json\/wp\/v2\/posts"}],"about":[{"href":"https:\/\/moja24.pl\/index.php\/wp-json\/wp\/v2\/types\/post"}],"author":[{"embeddable":true,"href":"https:\/\/moja24.pl\/index.php\/wp-json\/wp\/v2\/users\/4"}],"replies":[{"embeddable":true,"href":"https:\/\/moja24.pl\/index.php\/wp-json\/wp\/v2\/comments?post=22227"}],"version-history":[{"count":1,"href":"https:\/\/moja24.pl\/index.php\/wp-json\/wp\/v2\/posts\/22227\/revisions"}],"predecessor-version":[{"id":22229,"href":"https:\/\/moja24.pl\/index.php\/wp-json\/wp\/v2\/posts\/22227\/revisions\/22229"}],"wp:featuredmedia":[{"embeddable":true,"href":"https:\/\/moja24.pl\/index.php\/wp-json\/wp\/v2\/media\/22228"}],"wp:attachment":[{"href":"https:\/\/moja24.pl\/index.php\/wp-json\/wp\/v2\/media?parent=22227"}],"wp:term":[{"taxonomy":"category","embeddable":true,"href":"https:\/\/moja24.pl\/index.php\/wp-json\/wp\/v2\/categories?post=22227"},{"taxonomy":"post_tag","embeddable":true,"href":"https:\/\/moja24.pl\/index.php\/wp-json\/wp\/v2\/tags?post=22227"}],"curies":[{"name":"wp","href":"https:\/\/api.w.org\/{rel}","templated":true}]}}