{"id":22994,"date":"2022-02-09T10:51:19","date_gmt":"2022-02-09T09:51:19","guid":{"rendered":"https:\/\/moja24.pl\/?p=22994"},"modified":"2022-02-09T10:51:19","modified_gmt":"2022-02-09T09:51:19","slug":"gminne-drogi-coraz-lepsze-chociaz-jest-jeszcze-sporo-do-zrobienia","status":"publish","type":"post","link":"https:\/\/moja24.pl\/index.php\/2022\/02\/09\/gminne-drogi-coraz-lepsze-chociaz-jest-jeszcze-sporo-do-zrobienia\/","title":{"rendered":"Gminne drogi coraz lepsze, chocia\u017c jest jeszcze sporo do zrobienia"},"content":{"rendered":"<p><strong><span style=\"color: #ff0000;\">GMINA \u017bARY<\/span> | W\u00f3jt Leszek Mro\u017cek uwa\u017ca, \u017ce jednym z priorytet\u00f3w rozwoju gminy jest zwi\u0119kszenie bezpiecze\u0144stwa mieszka\u0144c\u00f3w. Dlatego te\u017c gmina ca\u0142y czas inwestuje w popraw\u0119 infrastruktury drogowej. W ramach tych za\u0142o\u017ce\u0144, wyremontowano kolejne odcinki dr\u00f3g gminnych &#8211; w Sieniawie \u017barskiej i w Mirostowicach G\u00f3rnych.<\/strong><\/p>\n<p>Zako\u0144czy\u0142 si\u0119 remont dw\u00f3ch odcink\u00f3w dr\u00f3g w Sieniawie \u017barskiej. Pierwszy z nich o d\u0142ugo\u015bci 130 m, mi\u0119dzy cmentarzem a ko\u015bcio\u0142em, pokryto dywanikiem asfaltowym. Drugi odcinek o d\u0142ugo\u015bci 144 m zbudowano od podstaw. W sumie kosztowa\u0142o to prawie 407 tys. z\u0142otych. Kolejny zako\u0144czony remont dotyczy 140-metrowego odcinka drogi w Mirostowicach G\u00f3rnych, niedaleko Klubu Seniora. Ta inwestycja kosztowa\u0142a blisko 388 tys. z\u0142otych.<\/p>\n<figure id=\"attachment_22993\" aria-describedby=\"caption-attachment-22993\" style=\"width: 940px\" class=\"wp-caption aligncenter\"><img loading=\"lazy\" decoding=\"async\" class=\"size-full wp-image-22993\" src=\"https:\/\/moja24.pl\/wp-content\/uploads\/2022\/02\/20220209_ug3.jpg\" alt=\"\" width=\"940\" height=\"707\" srcset=\"https:\/\/moja24.pl\/wp-content\/uploads\/2022\/02\/20220209_ug3.jpg 940w, https:\/\/moja24.pl\/wp-content\/uploads\/2022\/02\/20220209_ug3-300x226.jpg 300w, https:\/\/moja24.pl\/wp-content\/uploads\/2022\/02\/20220209_ug3-768x578.jpg 768w, https:\/\/moja24.pl\/wp-content\/uploads\/2022\/02\/20220209_ug3-80x60.jpg 80w, https:\/\/moja24.pl\/wp-content\/uploads\/2022\/02\/20220209_ug3-265x198.jpg 265w, https:\/\/moja24.pl\/wp-content\/uploads\/2022\/02\/20220209_ug3-696x523.jpg 696w, https:\/\/moja24.pl\/wp-content\/uploads\/2022\/02\/20220209_ug3-558x420.jpg 558w, https:\/\/moja24.pl\/wp-content\/uploads\/2022\/02\/20220209_ug3-399x300.jpg 399w\" sizes=\"auto, (max-width: 940px) 100vw, 940px\" \/><figcaption id=\"caption-attachment-22993\" class=\"wp-caption-text\">fot. UG \u017bary<\/figcaption><\/figure>\n<figure id=\"attachment_22991\" aria-describedby=\"caption-attachment-22991\" style=\"width: 940px\" class=\"wp-caption aligncenter\"><img loading=\"lazy\" decoding=\"async\" class=\"size-full wp-image-22991\" src=\"https:\/\/moja24.pl\/wp-content\/uploads\/2022\/02\/20220209_ug4.jpg\" alt=\"\" width=\"940\" height=\"707\" srcset=\"https:\/\/moja24.pl\/wp-content\/uploads\/2022\/02\/20220209_ug4.jpg 940w, https:\/\/moja24.pl\/wp-content\/uploads\/2022\/02\/20220209_ug4-300x226.jpg 300w, https:\/\/moja24.pl\/wp-content\/uploads\/2022\/02\/20220209_ug4-768x578.jpg 768w, https:\/\/moja24.pl\/wp-content\/uploads\/2022\/02\/20220209_ug4-80x60.jpg 80w, https:\/\/moja24.pl\/wp-content\/uploads\/2022\/02\/20220209_ug4-265x198.jpg 265w, https:\/\/moja24.pl\/wp-content\/uploads\/2022\/02\/20220209_ug4-696x523.jpg 696w, https:\/\/moja24.pl\/wp-content\/uploads\/2022\/02\/20220209_ug4-558x420.jpg 558w, https:\/\/moja24.pl\/wp-content\/uploads\/2022\/02\/20220209_ug4-399x300.jpg 399w\" sizes=\"auto, (max-width: 940px) 100vw, 940px\" \/><figcaption id=\"caption-attachment-22991\" class=\"wp-caption-text\">fot. UG \u017bary<\/figcaption><\/figure>\n<figure id=\"attachment_22995\" aria-describedby=\"caption-attachment-22995\" style=\"width: 640px\" class=\"wp-caption aligncenter\"><img loading=\"lazy\" decoding=\"async\" class=\"size-large wp-image-22995\" src=\"https:\/\/moja24.pl\/wp-content\/uploads\/2022\/02\/20220209_ug1-1285x1707.jpg\" alt=\"\" width=\"640\" height=\"850\" srcset=\"https:\/\/moja24.pl\/wp-content\/uploads\/2022\/02\/20220209_ug1-1285x1707.jpg 1285w, https:\/\/moja24.pl\/wp-content\/uploads\/2022\/02\/20220209_ug1-226x300.jpg 226w, https:\/\/moja24.pl\/wp-content\/uploads\/2022\/02\/20220209_ug1-768x1020.jpg 768w, https:\/\/moja24.pl\/wp-content\/uploads\/2022\/02\/20220209_ug1-1157x1536.jpg 1157w, https:\/\/moja24.pl\/wp-content\/uploads\/2022\/02\/20220209_ug1-1542x2048.jpg 1542w, https:\/\/moja24.pl\/wp-content\/uploads\/2022\/02\/20220209_ug1-696x924.jpg 696w, https:\/\/moja24.pl\/wp-content\/uploads\/2022\/02\/20220209_ug1-1068x1418.jpg 1068w, https:\/\/moja24.pl\/wp-content\/uploads\/2022\/02\/20220209_ug1-316x420.jpg 316w, https:\/\/moja24.pl\/wp-content\/uploads\/2022\/02\/20220209_ug1-scaled.jpg 1928w\" sizes=\"auto, (max-width: 640px) 100vw, 640px\" \/><figcaption id=\"caption-attachment-22995\" class=\"wp-caption-text\">fot. UG \u017bary<\/figcaption><\/figure>\n<p style=\"text-align: right;\"><span style=\"color: #999999;\">ATB (\u017ar\u00f3d\u0142o UG \u017bary)<\/span><\/p>\n","protected":false},"excerpt":{"rendered":"<p>GMINA \u017bARY | W\u00f3jt Leszek Mro\u017cek uwa\u017ca, \u017ce jednym z priorytet\u00f3w rozwoju gminy jest zwi\u0119kszenie bezpiecze\u0144stwa mieszka\u0144c\u00f3w. Dlatego te\u017c gmina ca\u0142y czas inwestuje w popraw\u0119 infrastruktury drogowej. W ramach tych za\u0142o\u017ce\u0144, wyremontowano kolejne odcinki dr\u00f3g gminnych &#8211; w Sieniawie \u017barskiej i w Mirostowicach G\u00f3rnych. Zako\u0144czy\u0142 si\u0119 remont dw\u00f3ch odcink\u00f3w dr\u00f3g w Sieniawie \u017barskiej. Pierwszy z [&hellip;]<\/p>\n","protected":false},"author":4,"featured_media":22992,"comment_status":"closed","ping_status":"closed","sticky":false,"template":"","format":"standard","meta":{"_monsterinsights_skip_tracking":false,"_monsterinsights_sitenote_active":false,"_monsterinsights_sitenote_note":"","_monsterinsights_sitenote_category":0,"footnotes":""},"categories":[20,28],"tags":[269,2581,109,2396,2786],"class_list":["post-22994","post","type-post","status-publish","format-standard","has-post-thumbnail","hentry","category-informacje","category-wiadomosci","tag-gmina-zary","tag-mirostowice-gorne","tag-moja-gazeta","tag-remont-drogi","tag-sieniawa"],"_links":{"self":[{"href":"https:\/\/moja24.pl\/index.php\/wp-json\/wp\/v2\/posts\/22994","targetHints":{"allow":["GET"]}}],"collection":[{"href":"https:\/\/moja24.pl\/index.php\/wp-json\/wp\/v2\/posts"}],"about":[{"href":"https:\/\/moja24.pl\/index.php\/wp-json\/wp\/v2\/types\/post"}],"author":[{"embeddable":true,"href":"https:\/\/moja24.pl\/index.php\/wp-json\/wp\/v2\/users\/4"}],"replies":[{"embeddable":true,"href":"https:\/\/moja24.pl\/index.php\/wp-json\/wp\/v2\/comments?post=22994"}],"version-history":[{"count":1,"href":"https:\/\/moja24.pl\/index.php\/wp-json\/wp\/v2\/posts\/22994\/revisions"}],"predecessor-version":[{"id":22996,"href":"https:\/\/moja24.pl\/index.php\/wp-json\/wp\/v2\/posts\/22994\/revisions\/22996"}],"wp:featuredmedia":[{"embeddable":true,"href":"https:\/\/moja24.pl\/index.php\/wp-json\/wp\/v2\/media\/22992"}],"wp:attachment":[{"href":"https:\/\/moja24.pl\/index.php\/wp-json\/wp\/v2\/media?parent=22994"}],"wp:term":[{"taxonomy":"category","embeddable":true,"href":"https:\/\/moja24.pl\/index.php\/wp-json\/wp\/v2\/categories?post=22994"},{"taxonomy":"post_tag","embeddable":true,"href":"https:\/\/moja24.pl\/index.php\/wp-json\/wp\/v2\/tags?post=22994"}],"curies":[{"name":"wp","href":"https:\/\/api.w.org\/{rel}","templated":true}]}}