{"id":23182,"date":"2022-02-15T21:10:30","date_gmt":"2022-02-15T20:10:30","guid":{"rendered":"https:\/\/moja24.pl\/?p=23182"},"modified":"2022-02-15T21:10:30","modified_gmt":"2022-02-15T20:10:30","slug":"nikt-nie-ma-zamiaru-wyganiac-rolnikow-z-targowiska-przy-ul-lotnikow","status":"publish","type":"post","link":"https:\/\/moja24.pl\/index.php\/2022\/02\/15\/nikt-nie-ma-zamiaru-wyganiac-rolnikow-z-targowiska-przy-ul-lotnikow\/","title":{"rendered":"Nikt nie ma zamiaru wygania\u0107 rolnik\u00f3w z targowiska przy ul. Lotnik\u00f3w"},"content":{"rendered":"<p><strong><span style=\"color: #ff0000;\">\u017bARY<\/span> | Na sesji rady miejskiej, kt\u00f3r\u0105 zaplanowano na 18 lutego 2022 r. radni zajm\u0105 si\u0119 projektem uchwa\u0142y w sprawie wyznaczenia miejsca do prowadzenia handlu w pi\u0105tki i soboty przez rolnik\u00f3w i ich domownik\u00f3w. A w mi\u0119dzyczasie pojawi\u0142y si\u0119 informacje, z kt\u00f3rych wynika\u0142o, \u017ce urz\u0119dnicy chc\u0105 przenie\u015b\u0107 handluj\u0105cych rolnik\u00f3w z targowiska przy ul. Lotnik\u00f3w na ryneczek przy K\u0105pielowej.<\/strong><\/p>\n<p>To zaniepokoi\u0142o rolnik\u00f3w, kt\u00f3rzy w dni targowe sprzedaj\u0105 przer\u00f3\u017cne warzywa i owoce. Przywo\u017c\u0105 je swoimi busami. Takich rolniczych stoisk handlowych jest zazwyczaj kilkana\u015bcie. Zar\u00f3wno sprzedaj\u0105cy, jak i klienci, przyzwyczaili si\u0119 do tego miejsca. W dodatku, je\u015bli pogoda jest \u0142askawa, na targowisku przy ul. Lotnik\u00f3w bywa naprawd\u0119 t\u0142umnie. Klienci maj\u0105 wyb\u00f3r, sprzedawcy maj\u0105 sporo klient\u00f3w i wszyscy s\u0105 zadowoleni.<br \/>\nNie ma si\u0119 wi\u0119c co dziwi\u0107, \u017ce pog\u0142oski o przeniesieniu rolnik\u00f3w na ul. K\u0105pielow\u0105, mog\u0142y wzbudzi\u0107 niepok\u00f3j. Raz, \u017ce wszystkie te stoiska chyba nawet nie zmie\u015bci\u0142yby si\u0119 na ma\u0142ym Ryneczku. Druga sprawa, gdzie tam upcha\u0107 kilkana\u015bcie du\u017cych bus\u00f3w z towarem? No i kupuj\u0105cych tam bez por\u00f3wnania mniej.<br \/>\nTymczasem okazuje si\u0119, \u017ce nikt nie ma zamiaru rolnik\u00f3w przenosi\u0107 na K\u0105pielow\u0105. Pojawia si\u0119 za to dodatkowa mo\u017cliwo\u015b\u0107 handlowania w \u017barach. O szczeg\u00f3\u0142ach m\u00f3wi Olaf Napi\u00f3rkowski, zast\u0119pca burmistrza.<\/p>\n<figure id=\"attachment_23178\" aria-describedby=\"caption-attachment-23178\" style=\"width: 640px\" class=\"wp-caption aligncenter\"><img loading=\"lazy\" decoding=\"async\" class=\"size-large wp-image-23178\" src=\"https:\/\/moja24.pl\/wp-content\/uploads\/2022\/02\/olaf_napiorkowski-2560x1707.jpg\" alt=\"\" width=\"640\" height=\"427\" srcset=\"https:\/\/moja24.pl\/wp-content\/uploads\/2022\/02\/olaf_napiorkowski-2560x1707.jpg 2560w, https:\/\/moja24.pl\/wp-content\/uploads\/2022\/02\/olaf_napiorkowski-300x200.jpg 300w, https:\/\/moja24.pl\/wp-content\/uploads\/2022\/02\/olaf_napiorkowski-768x512.jpg 768w, https:\/\/moja24.pl\/wp-content\/uploads\/2022\/02\/olaf_napiorkowski-1536x1024.jpg 1536w, https:\/\/moja24.pl\/wp-content\/uploads\/2022\/02\/olaf_napiorkowski-2048x1365.jpg 2048w, https:\/\/moja24.pl\/wp-content\/uploads\/2022\/02\/olaf_napiorkowski-696x464.jpg 696w, https:\/\/moja24.pl\/wp-content\/uploads\/2022\/02\/olaf_napiorkowski-1068x712.jpg 1068w, https:\/\/moja24.pl\/wp-content\/uploads\/2022\/02\/olaf_napiorkowski-630x420.jpg 630w, https:\/\/moja24.pl\/wp-content\/uploads\/2022\/02\/olaf_napiorkowski-450x300.jpg 450w\" sizes=\"auto, (max-width: 640px) 100vw, 640px\" \/><figcaption id=\"caption-attachment-23178\" class=\"wp-caption-text\">Olaf Napi\u00f3rkowski, zast\u0119pca burmistrza \u017bar. fot. Andrzej Buczy\u0144ski<\/figcaption><\/figure>\n<p>&#8211; <em>Na najbli\u017csz\u0105 sesj\u0119 rady przygotowany jest projekt uchwa\u0142y w sprawie wyznaczenia miejsca do handlu w pi\u0105tki i soboty przez rolnik\u00f3w i ich domownik\u00f3w. W przestrzeni publicznej pojawi\u0142o si\u0119 wiele nieprawdziwych informacji, czy te\u017c informacji kt\u00f3re nie do ko\u0144ca odzwierciedlaj\u0105 ca\u0142\u0105 ide\u0119 projektu uchwa\u0142y przygotowanej przez urz\u0105d. Pojawi\u0142y si\u0119 g\u0142osy, \u017ce handel p\u0142odami rolnymi zostanie przeniesiony z targowiska przy ul. Lotnik\u00f3w na ryneczek przy ul. K\u0105pielowej. Jest to oczywista nieprawda, poniewa\u017c ka\u017cdy kto chce na dotychczasowych zasadach prowadzi\u0107 handel przy ul. Lotnik\u00f3w, b\u0119dzie m\u00f3g\u0142 to robi\u0107 nadal. Pojawia si\u0119 natomiast dodatkowa mo\u017cliwo\u015b\u0107. W pi\u0105tki i soboty rolnicy b\u0119d\u0105 mogli za darmo, bez op\u0142aty targowej, bez ponoszenia jakichkolwiek dodatkowych op\u0142at, sprzedawa\u0107 swoje p\u0142ody rolne przy ul. K\u0105pielowej. W tej propozycji nie widz\u0119 niczego z\u0142ego, poniewa\u017c ona niczego nie zmienia, a wprowadza jedynie dodatkowe udogodnienia dla handluj\u0105cych. <\/em><br \/>\n<em>Pada\u0142y propozycje, aby te miejsca wyznaczy\u0107 na targowisku przy ul. Lotnik\u00f3w. Trzeba sobie jasno powiedzie\u0107. Je\u017celi jedna grupa handluj\u0105cych ma by\u0107 uprzywilejowana, to kto\u015b za to musi zap\u0142aci\u0107, czyli pozostali handluj\u0105cy na miejskim targowisku &#8211; w wi\u0119kszo\u015bci b\u0119d\u0105cy naszymi mieszka\u0144cami. A rolnicy handluj\u0105cy na targowisku najcz\u0119\u015bciej s\u0105 mieszka\u0144cami innych gmin. Poza tym, utrzymanie takiego du\u017cego targowiska te\u017c kosztuje. Rz\u0105dowi \u0142atwo wprowadza si\u0119 ustawy, za wdra\u017canie kt\u00f3rych kto\u015b inny jest odpowiedzialny, r\u00f3wnie\u017c finansowo. Uwa\u017cam, \u017ce przygotowane przez nas rozwi\u0105zanie jest najuczciwsze dla wszystkich. Ustawa zak\u0142ada wyznaczenie darmowych miejsc do handlu p\u0142odami rolnymi w pi\u0105tki i soboty, a nie zwolnienie wszystkich rolnik\u00f3w z op\u0142at.\u00a0<\/em><br \/>\n<em>Chc\u0119 tu wyra\u017anie zaznaczy\u0107, \u017ce nie planujemy podwy\u017cki op\u0142aty targowej. I jeszcze raz podkre\u015blam, zasady handlu na targowisku przy ul. Lotnik\u00f3w nie ulegn\u0105 zmianie. A je\u015bli jaki\u015b rolnik zechce sobie dodatkowo pohandlowa\u0107 przy ul. K\u0105pielowej, to b\u0119dzie m\u00f3g\u0142 to robi\u0107 bez op\u0142at &#8211; <\/em>komentuje wiceburmistrz Olaf Napi\u00f3rkowski.<\/p>\n<figure id=\"attachment_23180\" aria-describedby=\"caption-attachment-23180\" style=\"width: 640px\" class=\"wp-caption aligncenter\"><img loading=\"lazy\" decoding=\"async\" class=\"size-large wp-image-23180\" src=\"https:\/\/moja24.pl\/wp-content\/uploads\/2022\/02\/20220212_100029-2276x1707.jpg\" alt=\"\" width=\"640\" height=\"480\" srcset=\"https:\/\/moja24.pl\/wp-content\/uploads\/2022\/02\/20220212_100029-2276x1707.jpg 2276w, https:\/\/moja24.pl\/wp-content\/uploads\/2022\/02\/20220212_100029-300x225.jpg 300w, https:\/\/moja24.pl\/wp-content\/uploads\/2022\/02\/20220212_100029-768x576.jpg 768w, https:\/\/moja24.pl\/wp-content\/uploads\/2022\/02\/20220212_100029-1536x1152.jpg 1536w, https:\/\/moja24.pl\/wp-content\/uploads\/2022\/02\/20220212_100029-2048x1536.jpg 2048w, https:\/\/moja24.pl\/wp-content\/uploads\/2022\/02\/20220212_100029-80x60.jpg 80w, https:\/\/moja24.pl\/wp-content\/uploads\/2022\/02\/20220212_100029-265x198.jpg 265w, https:\/\/moja24.pl\/wp-content\/uploads\/2022\/02\/20220212_100029-696x522.jpg 696w, https:\/\/moja24.pl\/wp-content\/uploads\/2022\/02\/20220212_100029-1068x801.jpg 1068w, https:\/\/moja24.pl\/wp-content\/uploads\/2022\/02\/20220212_100029-560x420.jpg 560w, https:\/\/moja24.pl\/wp-content\/uploads\/2022\/02\/20220212_100029-400x300.jpg 400w\" sizes=\"auto, (max-width: 640px) 100vw, 640px\" \/><figcaption id=\"caption-attachment-23180\" class=\"wp-caption-text\">Targowisko miejskie przy ul. Lotnik\u00f3w w \u017barach. fot. Andrzej Buczy\u0144ski<\/figcaption><\/figure>\n<figure id=\"attachment_23179\" aria-describedby=\"caption-attachment-23179\" style=\"width: 640px\" class=\"wp-caption aligncenter\"><img loading=\"lazy\" decoding=\"async\" class=\"size-large wp-image-23179\" src=\"https:\/\/moja24.pl\/wp-content\/uploads\/2022\/02\/20220209_150929-2276x1707.jpg\" alt=\"\" width=\"640\" height=\"480\" srcset=\"https:\/\/moja24.pl\/wp-content\/uploads\/2022\/02\/20220209_150929-2276x1707.jpg 2276w, https:\/\/moja24.pl\/wp-content\/uploads\/2022\/02\/20220209_150929-300x225.jpg 300w, https:\/\/moja24.pl\/wp-content\/uploads\/2022\/02\/20220209_150929-768x576.jpg 768w, https:\/\/moja24.pl\/wp-content\/uploads\/2022\/02\/20220209_150929-1536x1152.jpg 1536w, https:\/\/moja24.pl\/wp-content\/uploads\/2022\/02\/20220209_150929-2048x1536.jpg 2048w, https:\/\/moja24.pl\/wp-content\/uploads\/2022\/02\/20220209_150929-80x60.jpg 80w, https:\/\/moja24.pl\/wp-content\/uploads\/2022\/02\/20220209_150929-265x198.jpg 265w, https:\/\/moja24.pl\/wp-content\/uploads\/2022\/02\/20220209_150929-696x522.jpg 696w, https:\/\/moja24.pl\/wp-content\/uploads\/2022\/02\/20220209_150929-1068x801.jpg 1068w, https:\/\/moja24.pl\/wp-content\/uploads\/2022\/02\/20220209_150929-560x420.jpg 560w, https:\/\/moja24.pl\/wp-content\/uploads\/2022\/02\/20220209_150929-400x300.jpg 400w\" sizes=\"auto, (max-width: 640px) 100vw, 640px\" \/><figcaption id=\"caption-attachment-23179\" class=\"wp-caption-text\">Ryneczek przy ul. K\u0105pielowej w \u017barach. fot. Andrzej Buczy\u0144ski<\/figcaption><\/figure>\n<p style=\"text-align: right;\"><span style=\"color: #999999;\"><strong>Andrzej Buczy\u0144ski<\/strong><\/span><\/p>\n","protected":false},"excerpt":{"rendered":"<p>\u017bARY | Na sesji rady miejskiej, kt\u00f3r\u0105 zaplanowano na 18 lutego 2022 r. radni zajm\u0105 si\u0119 projektem uchwa\u0142y w sprawie wyznaczenia miejsca do prowadzenia handlu w pi\u0105tki i soboty przez rolnik\u00f3w i ich domownik\u00f3w. A w mi\u0119dzyczasie pojawi\u0142y si\u0119 informacje, z kt\u00f3rych wynika\u0142o, \u017ce urz\u0119dnicy chc\u0105 przenie\u015b\u0107 handluj\u0105cych rolnik\u00f3w z targowiska przy ul. Lotnik\u00f3w na [&hellip;]<\/p>\n","protected":false},"author":4,"featured_media":23181,"comment_status":"closed","ping_status":"closed","sticky":false,"template":"","format":"standard","meta":{"_monsterinsights_skip_tracking":false,"_monsterinsights_sitenote_active":false,"_monsterinsights_sitenote_note":"","_monsterinsights_sitenote_category":0,"footnotes":""},"categories":[20,28],"tags":[2499,1520,109,87,2793,1680,66],"class_list":["post-23182","post","type-post","status-publish","format-standard","has-post-thumbnail","hentry","category-informacje","category-wiadomosci","tag-kapielowa","tag-lotnikow","tag-moja-gazeta","tag-olaf-napiorkowski","tag-rolnicy","tag-targowisko","tag-zary"],"_links":{"self":[{"href":"https:\/\/moja24.pl\/index.php\/wp-json\/wp\/v2\/posts\/23182","targetHints":{"allow":["GET"]}}],"collection":[{"href":"https:\/\/moja24.pl\/index.php\/wp-json\/wp\/v2\/posts"}],"about":[{"href":"https:\/\/moja24.pl\/index.php\/wp-json\/wp\/v2\/types\/post"}],"author":[{"embeddable":true,"href":"https:\/\/moja24.pl\/index.php\/wp-json\/wp\/v2\/users\/4"}],"replies":[{"embeddable":true,"href":"https:\/\/moja24.pl\/index.php\/wp-json\/wp\/v2\/comments?post=23182"}],"version-history":[{"count":1,"href":"https:\/\/moja24.pl\/index.php\/wp-json\/wp\/v2\/posts\/23182\/revisions"}],"predecessor-version":[{"id":23183,"href":"https:\/\/moja24.pl\/index.php\/wp-json\/wp\/v2\/posts\/23182\/revisions\/23183"}],"wp:featuredmedia":[{"embeddable":true,"href":"https:\/\/moja24.pl\/index.php\/wp-json\/wp\/v2\/media\/23181"}],"wp:attachment":[{"href":"https:\/\/moja24.pl\/index.php\/wp-json\/wp\/v2\/media?parent=23182"}],"wp:term":[{"taxonomy":"category","embeddable":true,"href":"https:\/\/moja24.pl\/index.php\/wp-json\/wp\/v2\/categories?post=23182"},{"taxonomy":"post_tag","embeddable":true,"href":"https:\/\/moja24.pl\/index.php\/wp-json\/wp\/v2\/tags?post=23182"}],"curies":[{"name":"wp","href":"https:\/\/api.w.org\/{rel}","templated":true}]}}