{"id":23197,"date":"2022-02-17T11:17:01","date_gmt":"2022-02-17T10:17:01","guid":{"rendered":"https:\/\/moja24.pl\/?p=23197"},"modified":"2022-02-17T11:17:01","modified_gmt":"2022-02-17T10:17:01","slug":"bedzie-rondo-bedzie-remont-drogi-dofinansowanie-zostalo-przyznane","status":"publish","type":"post","link":"https:\/\/moja24.pl\/index.php\/2022\/02\/17\/bedzie-rondo-bedzie-remont-drogi-dofinansowanie-zostalo-przyznane\/","title":{"rendered":"B\u0119dzie rondo, b\u0119dzie remont drogi. Dofinansowanie zosta\u0142o przyznane"},"content":{"rendered":"<p><strong><span style=\"color: #ff0000;\">\u017bARY<\/span> | O budowie ronda na zbiegu ulic Broni Pancernej, Lotnik\u00f3w i Artylerzyst\u00f3w m\u00f3wi si\u0119 od dawna. Teraz plany maj\u0105 zamieni\u0107 si\u0119 w plac budowy. Powiat \u017barski otrzyma\u0142 dofinansowanie z funduszy rz\u0105dowych. Opr\u00f3cz nowego ronda, wyremontowana zostanie ul. Artylerzyst\u00f3w a\u017c do ul. \u015ar\u00f3dmiejskiej.<\/strong><\/p>\n<p>16 lutego Lubuski Urz\u0105d Wojew\u00f3dzki opublikowa\u0142 list\u0119 inwestycji, kt\u00f3re otrzyma\u0142y dofinansowanie z Rz\u0105dowego Funduszu Rozwoju Dr\u00f3g. Na tej li\u015bcie jest mi\u0119dzy innymi powiat \u017carski, kt\u00f3ry wnioskowa\u0142 o wsparcie finansowe inwestycji pt. &#8222;Rozbudowa drogi powiatowej nr 4601F &#8211; ul. Artylerzyst\u00f3w (od skrzy\u017cowania ulic Lotnik\u00f3w, Artylerzyst\u00f3w, Broni Pancernej do skrzy\u017cowania ulic: Artylerzyst\u00f3w, \u015ar\u00f3dmiejska) w \u017barach&#8221;. Warto\u015b\u0107 ca\u0142ego projektu oszacowano na kwot\u0119 6.891.100 z\u0142. Przyznano dofinansowanie w wysoko\u015bci 80%, czyli dok\u0142adnie 5.351.466 z\u0142. Deklarowana kwota \u015brodk\u00f3w w\u0142asnych powiatu to 1.539.634 z\u0142. Dofinansowanie rz\u0105dowe w tym wypadku zosta\u0142o podzielone na dwa lata. W 2022 powiat ma otrzyma\u0107 3.751.466 z\u0142, natomiast w 2023 &#8211; 1.600.000 z\u0142. Zgodnie z planem, inwestycja ma si\u0119 rozpocz\u0105\u0107 w czerwcu tego roku i potrwa\u0107 do czerwca 2023 roku.<\/p>\n<figure id=\"attachment_23195\" aria-describedby=\"caption-attachment-23195\" style=\"width: 640px\" class=\"wp-caption aligncenter\"><img loading=\"lazy\" decoding=\"async\" class=\"size-large wp-image-23195\" src=\"https:\/\/moja24.pl\/wp-content\/uploads\/2022\/02\/20220217_101805-2276x1707.jpg\" alt=\"\" width=\"640\" height=\"480\" srcset=\"https:\/\/moja24.pl\/wp-content\/uploads\/2022\/02\/20220217_101805-2276x1707.jpg 2276w, https:\/\/moja24.pl\/wp-content\/uploads\/2022\/02\/20220217_101805-300x225.jpg 300w, https:\/\/moja24.pl\/wp-content\/uploads\/2022\/02\/20220217_101805-768x576.jpg 768w, https:\/\/moja24.pl\/wp-content\/uploads\/2022\/02\/20220217_101805-1536x1152.jpg 1536w, https:\/\/moja24.pl\/wp-content\/uploads\/2022\/02\/20220217_101805-2048x1536.jpg 2048w, https:\/\/moja24.pl\/wp-content\/uploads\/2022\/02\/20220217_101805-80x60.jpg 80w, https:\/\/moja24.pl\/wp-content\/uploads\/2022\/02\/20220217_101805-265x198.jpg 265w, https:\/\/moja24.pl\/wp-content\/uploads\/2022\/02\/20220217_101805-696x522.jpg 696w, https:\/\/moja24.pl\/wp-content\/uploads\/2022\/02\/20220217_101805-1068x801.jpg 1068w, https:\/\/moja24.pl\/wp-content\/uploads\/2022\/02\/20220217_101805-560x420.jpg 560w, https:\/\/moja24.pl\/wp-content\/uploads\/2022\/02\/20220217_101805-400x300.jpg 400w\" sizes=\"auto, (max-width: 640px) 100vw, 640px\" \/><figcaption id=\"caption-attachment-23195\" class=\"wp-caption-text\">fot. Andrzej Buczy\u0144ski<\/figcaption><\/figure>\n<p style=\"text-align: right;\"><span style=\"color: #999999;\"><strong>ATB<\/strong><\/span><\/p>\n","protected":false},"excerpt":{"rendered":"<p>\u017bARY | O budowie ronda na zbiegu ulic Broni Pancernej, Lotnik\u00f3w i Artylerzyst\u00f3w m\u00f3wi si\u0119 od dawna. Teraz plany maj\u0105 zamieni\u0107 si\u0119 w plac budowy. Powiat \u017barski otrzyma\u0142 dofinansowanie z funduszy rz\u0105dowych. Opr\u00f3cz nowego ronda, wyremontowana zostanie ul. Artylerzyst\u00f3w a\u017c do ul. \u015ar\u00f3dmiejskiej. 16 lutego Lubuski Urz\u0105d Wojew\u00f3dzki opublikowa\u0142 list\u0119 inwestycji, kt\u00f3re otrzyma\u0142y dofinansowanie z [&hellip;]<\/p>\n","protected":false},"author":4,"featured_media":23196,"comment_status":"closed","ping_status":"closed","sticky":false,"template":"","format":"standard","meta":{"_monsterinsights_skip_tracking":false,"_monsterinsights_sitenote_active":false,"_monsterinsights_sitenote_note":"","_monsterinsights_sitenote_category":0,"footnotes":""},"categories":[20,28],"tags":[2150,2794,1520,109,32,2396,1331,2795,66],"class_list":["post-23197","post","type-post","status-publish","format-standard","has-post-thumbnail","hentry","category-informacje","category-wiadomosci","tag-artylerzystow","tag-broni-pancernej","tag-lotnikow","tag-moja-gazeta","tag-powiat-zarski","tag-remont-drogi","tag-rondo","tag-rzadowy-fundusz-rozwoju-drog","tag-zary"],"_links":{"self":[{"href":"https:\/\/moja24.pl\/index.php\/wp-json\/wp\/v2\/posts\/23197","targetHints":{"allow":["GET"]}}],"collection":[{"href":"https:\/\/moja24.pl\/index.php\/wp-json\/wp\/v2\/posts"}],"about":[{"href":"https:\/\/moja24.pl\/index.php\/wp-json\/wp\/v2\/types\/post"}],"author":[{"embeddable":true,"href":"https:\/\/moja24.pl\/index.php\/wp-json\/wp\/v2\/users\/4"}],"replies":[{"embeddable":true,"href":"https:\/\/moja24.pl\/index.php\/wp-json\/wp\/v2\/comments?post=23197"}],"version-history":[{"count":1,"href":"https:\/\/moja24.pl\/index.php\/wp-json\/wp\/v2\/posts\/23197\/revisions"}],"predecessor-version":[{"id":23198,"href":"https:\/\/moja24.pl\/index.php\/wp-json\/wp\/v2\/posts\/23197\/revisions\/23198"}],"wp:featuredmedia":[{"embeddable":true,"href":"https:\/\/moja24.pl\/index.php\/wp-json\/wp\/v2\/media\/23196"}],"wp:attachment":[{"href":"https:\/\/moja24.pl\/index.php\/wp-json\/wp\/v2\/media?parent=23197"}],"wp:term":[{"taxonomy":"category","embeddable":true,"href":"https:\/\/moja24.pl\/index.php\/wp-json\/wp\/v2\/categories?post=23197"},{"taxonomy":"post_tag","embeddable":true,"href":"https:\/\/moja24.pl\/index.php\/wp-json\/wp\/v2\/tags?post=23197"}],"curies":[{"name":"wp","href":"https:\/\/api.w.org\/{rel}","templated":true}]}}