{"id":23249,"date":"2022-02-23T20:04:35","date_gmt":"2022-02-23T19:04:35","guid":{"rendered":"https:\/\/moja24.pl\/?p=23249"},"modified":"2022-02-23T20:04:35","modified_gmt":"2022-02-23T19:04:35","slug":"brakuje-kierowcow-autobusy-nie-pojada-od-1-marca","status":"publish","type":"post","link":"https:\/\/moja24.pl\/index.php\/2022\/02\/23\/brakuje-kierowcow-autobusy-nie-pojada-od-1-marca\/","title":{"rendered":"Brakuje kierowc\u00f3w, autobusy nie pojad\u0105 od 1 marca"},"content":{"rendered":"<p><strong><span style=\"color: #ff0000;\">POWIAT \u017bARSKI<\/span> | Lokalny przewo\u017anik informuje, \u017ce zmuszony jest do zawieszenia na czas nieokre\u015blony kilku kurs\u00f3w autobusowych. Kierowcy choruj\u0105 i nie ma komu je\u017adzi\u0107.<\/strong><\/p>\n<p><b><span style=\"color: #999999;\"><strong>KOMUNIKAT FENIKS-V SP. Z O.O. ODDZIA\u0141 W \u017bARACH:<\/strong><\/span><\/b><\/p>\n<p style=\"padding-left: 40px;\"><em><b>ZAWIESZENIA KURS\u00d3W OD DNIA 01.03.2022R.<br \/>\n<\/b>W zwi\u0105zku z du\u017c\u0105 absencj\u0105 chorobow\u0105 w\u015br\u00f3d kierowc\u00f3w, jeste\u015bmy zmuszeni zawiesi\u0107 z dniem 1 marca 2022 roku realizacj\u0119 ni\u017cej wymienionych kurs\u00f3w w komunikacji u\u017cyteczno\u015bci publicznej:<\/em><br \/>\n<em><strong>&#8211;<\/strong> <strong>KURS 6901 GODZ. 6:43<\/strong> <\/em><br \/>\n<em>TRASA: \u017bARY &#8211; BOGUMI\u0141\u00d3W &#8211; OLBRACHT\u00d3W &#8211; MIROSTOWICE DOLNE &#8211; \u017bARY<\/em><br \/>\n<em><strong>&#8211; KURS 7003 GODZ. 15:00<\/strong> <\/em><br \/>\n<em>TRASA: \u017bARY &#8211; BOGUMI\u0141\u00d3W &#8211; RO\u015aCICE &#8211; OLBRACHT\u00d3W &#8211; \u017bARY.<\/em><br \/>\n<em>Kursy zostan\u0105 przywr\u00f3cone, gdy sytuacja ulegnie stabilizacji.<\/em><br \/>\n<em>Informujemy tak\u017ce, \u017ce r\u00f3wnie\u017c od 1 marca 2022 roku, z tego samego powodu zawieszamy na czas nieokre\u015blony kursy:<\/em><br \/>\n<em>&#8211; <strong>o godz. 6:45<\/strong> \u0141\u0119knica \u2013 \u017bary,<\/em><br \/>\n<em>&#8211; <strong>o godz. 16:30<\/strong> \u017bary \u2013 Niwica.<\/em><\/p>\n<p style=\"text-align: right;\"><span style=\"color: #999999;\"><strong>ATB<\/strong><\/span><\/p>\n","protected":false},"excerpt":{"rendered":"<p>POWIAT \u017bARSKI | Lokalny przewo\u017anik informuje, \u017ce zmuszony jest do zawieszenia na czas nieokre\u015blony kilku kurs\u00f3w autobusowych. Kierowcy choruj\u0105 i nie ma komu je\u017adzi\u0107. KOMUNIKAT FENIKS-V SP. Z O.O. ODDZIA\u0141 W \u017bARACH: ZAWIESZENIA KURS\u00d3W OD DNIA 01.03.2022R. W zwi\u0105zku z du\u017c\u0105 absencj\u0105 chorobow\u0105 w\u015br\u00f3d kierowc\u00f3w, jeste\u015bmy zmuszeni zawiesi\u0107 z dniem 1 marca 2022 roku realizacj\u0119 [&hellip;]<\/p>\n","protected":false},"author":4,"featured_media":23250,"comment_status":"closed","ping_status":"closed","sticky":false,"template":"","format":"standard","meta":{"_monsterinsights_skip_tracking":false,"_monsterinsights_sitenote_active":false,"_monsterinsights_sitenote_note":"","_monsterinsights_sitenote_category":0,"footnotes":""},"categories":[20,2384,28],"tags":[1089,2771,269,109,32,66],"class_list":["post-23249","post","type-post","status-publish","format-standard","has-post-thumbnail","hentry","category-informacje","category-ogloszenia","category-wiadomosci","tag-autobusy","tag-feniks","tag-gmina-zary","tag-moja-gazeta","tag-powiat-zarski","tag-zary"],"_links":{"self":[{"href":"https:\/\/moja24.pl\/index.php\/wp-json\/wp\/v2\/posts\/23249","targetHints":{"allow":["GET"]}}],"collection":[{"href":"https:\/\/moja24.pl\/index.php\/wp-json\/wp\/v2\/posts"}],"about":[{"href":"https:\/\/moja24.pl\/index.php\/wp-json\/wp\/v2\/types\/post"}],"author":[{"embeddable":true,"href":"https:\/\/moja24.pl\/index.php\/wp-json\/wp\/v2\/users\/4"}],"replies":[{"embeddable":true,"href":"https:\/\/moja24.pl\/index.php\/wp-json\/wp\/v2\/comments?post=23249"}],"version-history":[{"count":1,"href":"https:\/\/moja24.pl\/index.php\/wp-json\/wp\/v2\/posts\/23249\/revisions"}],"predecessor-version":[{"id":23251,"href":"https:\/\/moja24.pl\/index.php\/wp-json\/wp\/v2\/posts\/23249\/revisions\/23251"}],"wp:featuredmedia":[{"embeddable":true,"href":"https:\/\/moja24.pl\/index.php\/wp-json\/wp\/v2\/media\/23250"}],"wp:attachment":[{"href":"https:\/\/moja24.pl\/index.php\/wp-json\/wp\/v2\/media?parent=23249"}],"wp:term":[{"taxonomy":"category","embeddable":true,"href":"https:\/\/moja24.pl\/index.php\/wp-json\/wp\/v2\/categories?post=23249"},{"taxonomy":"post_tag","embeddable":true,"href":"https:\/\/moja24.pl\/index.php\/wp-json\/wp\/v2\/tags?post=23249"}],"curies":[{"name":"wp","href":"https:\/\/api.w.org\/{rel}","templated":true}]}}