{"id":2344,"date":"2017-03-24T15:28:11","date_gmt":"2017-03-24T14:28:11","guid":{"rendered":"http:\/\/moja24.pl\/?p=2344"},"modified":"2017-03-24T15:28:11","modified_gmt":"2017-03-24T14:28:11","slug":"dzialaczka-ekologiczna-wycina-drzewa","status":"publish","type":"post","link":"https:\/\/moja24.pl\/index.php\/2017\/03\/24\/dzialaczka-ekologiczna-wycina-drzewa\/","title":{"rendered":"Dzia\u0142aczka ekologiczna wycina drzewa"},"content":{"rendered":"<p><span id=\"tekst\"><strong>Znana z dzia\u0142a\u0144 ekologicznych i akcji &#8222;Drzewko za makulatur\u0119&#8221; Irena Marciniak, wyci\u0119\u0142a na swojej posesji stare d\u0119by.<\/strong><br \/>\n<\/span><\/p>\n<p>Redakcj\u0119 o fakcie wyci\u0119cia starych d\u0119b\u00f3w poinformowali zbulwersowani mieszka\u0144cy ulicy. Irena Marciniak znana jest z zaanga\u017cowania spo\u0142ecznego na rzecz ekologii. Od lat organizowa\u0142a doroczny Sejmik Ekologiczny. Jest &#8222;twarz\u0105&#8221; akcji &#8222;Drzewko za makulatur\u0119&#8221;. Wyci\u0119cie starych d\u0119b\u00f3w zosta\u0142o odebrane jako zaprzeczenie dotychczasowego wizerunku dzia\u0142aczki.<\/p>\n<p>&#8211; Nie wiem, z czego tu robi\u0107 problem. Nie opierajmy si\u0119 na plotkach. Wszytko jest zgodne z prawem. Ja mam zezwolenie na wyci\u0119cie d\u0119b\u00f3w z Urz\u0119du Miasta. Nie korzystam z ustawy, kt\u00f3ra pozwala na wycinanie drzew. &#8211; odpiera zarzuty Irena Marciniak. &#8211; Zezwolenie za\u0142atwia\u0142 jeszcze m\u00f3j nie\u017cyj\u0105cy m\u0105\u017c. Wszystko ocenia\u0142a komisja z Urz\u0119du Miasta. &#8211; dodaje.<\/p>\n<p>Irena Marciniak zapewnia, \u017ce nikt do niej nie przychodzi\u0142 z pretensjami, \u017ce wyci\u0119\u0142a drzewa. Wr\u0119cz przeciwnie, s\u0105siedzi s\u0105 zadowoleni. Dlaczego? Obawiali si\u0119, \u017ce ze wzgl\u0119du na spadaj\u0105ce ga\u0142\u0119zie, drzewa zagra\u017caj\u0105 ich bezpiecze\u0144stwu, a tak\u017ce bezpiecze\u0144stwu przechodni\u00f3w i samochod\u00f3w. Podkre\u015bla, \u017ce jej dom, jak i s\u0105siaduj\u0105ce z jej posesj\u0105 domy s\u0105 stare, a drzewa i korzenie drzew by\u0142y rozro\u015bni\u0119te. To sprawia\u0142o problemy. Wilgo\u0107, p\u0119kaj\u0105ce \u015bciany, zapychaj\u0105ca si\u0119 li\u015b\u0107mi kanalizacja. Piwnica by\u0142a zalewana wod\u0105, trzeba by\u0142o ponosi\u0107 koszty. Problemy z zapchanymi li\u015b\u0107mi rynnami mieli tak\u017ce s\u0105siedzi.<\/p>\n<p>Irena Marciniak zapewnia, \u017ce wyci\u0119\u0142a drzewa ze wzgl\u0119du na bezpiecze\u0144stwo domu i ludzi. Zapewnia, \u017ce jej celem nie by\u0142o zarobienie pieni\u0119dzy na sprzeda\u017cy drzew na belki i czy deski. Poci\u0119te drzewa pos\u0142u\u017c\u0105 jako opa\u0142. W miejsce wyci\u0119tych d\u0119b\u00f3w Marciniak posadzi krzewy i rododendrony.<\/p>\n<p id=\"tekst\" align=\"right\"><i>PaS<\/i><\/p>\n","protected":false},"excerpt":{"rendered":"<p>Znana z dzia\u0142a\u0144 ekologicznych i akcji &#8222;Drzewko za makulatur\u0119&#8221; Irena Marciniak, wyci\u0119\u0142a na swojej posesji stare d\u0119by. Redakcj\u0119 o fakcie wyci\u0119cia starych d\u0119b\u00f3w poinformowali zbulwersowani mieszka\u0144cy ulicy. Irena Marciniak znana jest z zaanga\u017cowania spo\u0142ecznego na rzecz ekologii. Od lat organizowa\u0142a doroczny Sejmik Ekologiczny. Jest &#8222;twarz\u0105&#8221; akcji &#8222;Drzewko za makulatur\u0119&#8221;. Wyci\u0119cie starych d\u0119b\u00f3w zosta\u0142o odebrane jako [&hellip;]<\/p>\n","protected":false},"author":2,"featured_media":2345,"comment_status":"closed","ping_status":"closed","sticky":false,"template":"","format":"standard","meta":{"_monsterinsights_skip_tracking":false,"_monsterinsights_sitenote_active":false,"_monsterinsights_sitenote_note":"","_monsterinsights_sitenote_category":0,"footnotes":""},"categories":[20],"tags":[322,403,321,320,146,74,401,402,109,158,404,111,374,122,73,49,66],"class_list":["post-2344","post","type-post","status-publish","format-standard","has-post-thumbnail","hentry","category-informacje","tag-gazeta-lubsko","tag-gazeta-lubuskie","tag-gazeta-zagan","tag-gazeta-zary","tag-informacje-powiat-zary","tag-informacje-zary","tag-infromacje-lubuskie","tag-irena-marciniak","tag-moja-gazeta","tag-moja24-pl","tag-tygodnik-lubuski","tag-tygodnik-zary","tag-wiadomosci-lubuskie","tag-wiadomosci-zagan","tag-wiadomosci-zary","tag-zagan","tag-zary"],"_links":{"self":[{"href":"https:\/\/moja24.pl\/index.php\/wp-json\/wp\/v2\/posts\/2344","targetHints":{"allow":["GET"]}}],"collection":[{"href":"https:\/\/moja24.pl\/index.php\/wp-json\/wp\/v2\/posts"}],"about":[{"href":"https:\/\/moja24.pl\/index.php\/wp-json\/wp\/v2\/types\/post"}],"author":[{"embeddable":true,"href":"https:\/\/moja24.pl\/index.php\/wp-json\/wp\/v2\/users\/2"}],"replies":[{"embeddable":true,"href":"https:\/\/moja24.pl\/index.php\/wp-json\/wp\/v2\/comments?post=2344"}],"version-history":[{"count":1,"href":"https:\/\/moja24.pl\/index.php\/wp-json\/wp\/v2\/posts\/2344\/revisions"}],"predecessor-version":[{"id":2346,"href":"https:\/\/moja24.pl\/index.php\/wp-json\/wp\/v2\/posts\/2344\/revisions\/2346"}],"wp:featuredmedia":[{"embeddable":true,"href":"https:\/\/moja24.pl\/index.php\/wp-json\/wp\/v2\/media\/2345"}],"wp:attachment":[{"href":"https:\/\/moja24.pl\/index.php\/wp-json\/wp\/v2\/media?parent=2344"}],"wp:term":[{"taxonomy":"category","embeddable":true,"href":"https:\/\/moja24.pl\/index.php\/wp-json\/wp\/v2\/categories?post=2344"},{"taxonomy":"post_tag","embeddable":true,"href":"https:\/\/moja24.pl\/index.php\/wp-json\/wp\/v2\/tags?post=2344"}],"curies":[{"name":"wp","href":"https:\/\/api.w.org\/{rel}","templated":true}]}}