{"id":23676,"date":"2022-03-11T13:09:04","date_gmt":"2022-03-11T12:09:04","guid":{"rendered":"https:\/\/moja24.pl\/?p=23676"},"modified":"2022-03-11T13:09:04","modified_gmt":"2022-03-11T12:09:04","slug":"rusza-inwestycja-w-grabiku-plac-budowy-przekazany","status":"publish","type":"post","link":"https:\/\/moja24.pl\/index.php\/2022\/03\/11\/rusza-inwestycja-w-grabiku-plac-budowy-przekazany\/","title":{"rendered":"Rusza inwestycja w Grabiku. Plac budowy przekazany"},"content":{"rendered":"<p><strong><span style=\"color: #ff0000;\">GMINA \u017bARY<\/span> | Przekazanie placu budowy i kluczy do dawnego budynku ANR to kolejny krok, w pracach nad budow\u0105 Centrum Kulturalno-Edukacyjnego w Grabiku.<\/strong><\/p>\n<p>W \u015brod\u0119, 9 marca na placu budowy pojawili si\u0119 szefowie firmy Kreator Edyta i Jacek Tomczyk, w\u00f3jt gminy Leszek Mro\u017cek, przedstawiciele urz\u0119du, inspektor nadzoru inwestorskiego oraz radny gminy Robert Ratajczyk.<br \/>\nJak informuje w\u00f3jt Leszek Mro\u017cek, Bank Gospodarstwa Krajowego wystawi\u0142 ju\u017c promes\u0119, kt\u00f3ra jest gwarancj\u0105 otrzymania ponad 8 mln. z\u0142otych dofinansowania z Rz\u0105dowego Funduszu \u201ePolski \u0141ad\u201d.<br \/>\n&#8211; Kilka dni temu podpisali\u015bmy umow\u0119 z wykonawc\u0105, przekazanie placu budowy oficjalnie rozpoczyna post\u0119p prac nad jedn\u0105 z najwi\u0119kszych inwestycji gminy &#8211; m\u00f3wi w\u00f3jt. &#8211; Jej zako\u0144czenie planowane jest na listopad 2023 r., a ca\u0142o\u015b\u0107 ma zamkn\u0105\u0107 si\u0119 kwot\u0105 8.987.562 z\u0142otych.<\/p>\n<figure id=\"attachment_23675\" aria-describedby=\"caption-attachment-23675\" style=\"width: 2048px\" class=\"wp-caption aligncenter\"><img loading=\"lazy\" decoding=\"async\" class=\"size-full wp-image-23675\" src=\"https:\/\/moja24.pl\/wp-content\/uploads\/2022\/03\/20220311_ugzary1.jpg\" alt=\"\" width=\"2048\" height=\"1365\" srcset=\"https:\/\/moja24.pl\/wp-content\/uploads\/2022\/03\/20220311_ugzary1.jpg 2048w, https:\/\/moja24.pl\/wp-content\/uploads\/2022\/03\/20220311_ugzary1-300x200.jpg 300w, https:\/\/moja24.pl\/wp-content\/uploads\/2022\/03\/20220311_ugzary1-768x512.jpg 768w, https:\/\/moja24.pl\/wp-content\/uploads\/2022\/03\/20220311_ugzary1-1536x1024.jpg 1536w, https:\/\/moja24.pl\/wp-content\/uploads\/2022\/03\/20220311_ugzary1-696x464.jpg 696w, https:\/\/moja24.pl\/wp-content\/uploads\/2022\/03\/20220311_ugzary1-1068x712.jpg 1068w, https:\/\/moja24.pl\/wp-content\/uploads\/2022\/03\/20220311_ugzary1-630x420.jpg 630w, https:\/\/moja24.pl\/wp-content\/uploads\/2022\/03\/20220311_ugzary1-450x300.jpg 450w\" sizes=\"auto, (max-width: 2048px) 100vw, 2048px\" \/><figcaption id=\"caption-attachment-23675\" class=\"wp-caption-text\">fot. UG \u017bary<\/figcaption><\/figure>\n<p style=\"text-align: right;\"><span style=\"color: #999999;\">ATB (\u017ar\u00f3d\u0142o UG \u017bary)<\/span><\/p>\n","protected":false},"excerpt":{"rendered":"<p>GMINA \u017bARY | Przekazanie placu budowy i kluczy do dawnego budynku ANR to kolejny krok, w pracach nad budow\u0105 Centrum Kulturalno-Edukacyjnego w Grabiku. W \u015brod\u0119, 9 marca na placu budowy pojawili si\u0119 szefowie firmy Kreator Edyta i Jacek Tomczyk, w\u00f3jt gminy Leszek Mro\u017cek, przedstawiciele urz\u0119du, inspektor nadzoru inwestorskiego oraz radny gminy Robert Ratajczyk. Jak informuje [&hellip;]<\/p>\n","protected":false},"author":4,"featured_media":23674,"comment_status":"closed","ping_status":"closed","sticky":false,"template":"","format":"standard","meta":{"_monsterinsights_skip_tracking":false,"_monsterinsights_sitenote_active":false,"_monsterinsights_sitenote_note":"","_monsterinsights_sitenote_category":0,"footnotes":""},"categories":[20,28],"tags":[2830,269,1460,442,109],"class_list":["post-23676","post","type-post","status-publish","format-standard","has-post-thumbnail","hentry","category-informacje","category-wiadomosci","tag-centrum-kulturalno-edukacyjne","tag-gmina-zary","tag-grabik","tag-leszek-mrozek","tag-moja-gazeta"],"_links":{"self":[{"href":"https:\/\/moja24.pl\/index.php\/wp-json\/wp\/v2\/posts\/23676","targetHints":{"allow":["GET"]}}],"collection":[{"href":"https:\/\/moja24.pl\/index.php\/wp-json\/wp\/v2\/posts"}],"about":[{"href":"https:\/\/moja24.pl\/index.php\/wp-json\/wp\/v2\/types\/post"}],"author":[{"embeddable":true,"href":"https:\/\/moja24.pl\/index.php\/wp-json\/wp\/v2\/users\/4"}],"replies":[{"embeddable":true,"href":"https:\/\/moja24.pl\/index.php\/wp-json\/wp\/v2\/comments?post=23676"}],"version-history":[{"count":1,"href":"https:\/\/moja24.pl\/index.php\/wp-json\/wp\/v2\/posts\/23676\/revisions"}],"predecessor-version":[{"id":23677,"href":"https:\/\/moja24.pl\/index.php\/wp-json\/wp\/v2\/posts\/23676\/revisions\/23677"}],"wp:featuredmedia":[{"embeddable":true,"href":"https:\/\/moja24.pl\/index.php\/wp-json\/wp\/v2\/media\/23674"}],"wp:attachment":[{"href":"https:\/\/moja24.pl\/index.php\/wp-json\/wp\/v2\/media?parent=23676"}],"wp:term":[{"taxonomy":"category","embeddable":true,"href":"https:\/\/moja24.pl\/index.php\/wp-json\/wp\/v2\/categories?post=23676"},{"taxonomy":"post_tag","embeddable":true,"href":"https:\/\/moja24.pl\/index.php\/wp-json\/wp\/v2\/tags?post=23676"}],"curies":[{"name":"wp","href":"https:\/\/api.w.org\/{rel}","templated":true}]}}