{"id":23851,"date":"2022-03-30T00:05:01","date_gmt":"2022-03-29T22:05:01","guid":{"rendered":"https:\/\/moja24.pl\/?p=23851"},"modified":"2022-03-30T00:05:01","modified_gmt":"2022-03-29T22:05:01","slug":"boks-tajski-albo-olimpijski-dziewczyny-w-zarach-nie-boja-sie-takich-wyzwan","status":"publish","type":"post","link":"https:\/\/moja24.pl\/index.php\/2022\/03\/30\/boks-tajski-albo-olimpijski-dziewczyny-w-zarach-nie-boja-sie-takich-wyzwan\/","title":{"rendered":"Boks tajski albo olimpijski. Dziewczyny w \u017barach nie boj\u0105 si\u0119 takich wyzwa\u0144"},"content":{"rendered":"<p><strong><span style=\"color: #ff0000;\">SPORTY WALKI<\/span> | Zawodnicy i zawodniczki trenuj\u0105cy w \u017barskim Klubie Sport\u00f3w Walki maj\u0105 na koncie sporo sukces\u00f3w, zar\u00f3wno na ringu amatorskim, jak i zawodowym. Szkol\u0105 si\u0119 si\u0119 tam kolejne m\u0142ode talenty.<\/strong><\/p>\n<p>W Koszalinie odby\u0142 si\u0119 mi\u0119dzynarodowy turniej boksu olimpijskiego Baltic Cup 2022. Prawie 200 zawodnik\u00f3w stoczy\u0142o ponad 110 walk w ci\u0105gu tych dw\u00f3ch dni. W tym wydarzeniu wzi\u0119\u0142o udzia\u0142 dwoje podopiecznych trenera \u0141ukasza Michalczewskiego z \u017barskiego Klubu Sport\u00f3w Walki.<br \/>\nHanna Wojtaszek startowa\u0142a w kategorii m\u0142odzik dziewczyn. By\u0142 to pierwszy start tej zawodniczki na zawodach, na kt\u00f3rych zaprezentowa\u0142a si\u0119 dwukrotnie. Obok serca do walki pokaza\u0142a ju\u017c spore umiej\u0119tno\u015bci i jest to dobry prognostyk przed wrze\u015bniowymi mistrzostwami Polski. Nadmieni\u0107 trzeba, \u017be Hania jest pierwsz\u0105 w historii miasta \u017bary zawodniczk\u0105 boksu.<br \/>\nDrugim zawodnikiem by\u0142 Piotr Jarocki, kt\u00f3ry stoczy\u0142 dwa zwyci\u0119skie pojedynki, pokonuj\u0105c rywali z Mielca i z Chojnic. Piotr pokaza\u0142 dobry, dojrza\u0142y boks i pewnie wygra\u0142 wszystkie pojedynki.<br \/>\n&#8211; Podzi\u0119kowania nale\u017c\u0105 si\u0119 ca\u0142emu &#8222;Cross &amp; Fitness &#8211; Rezler Team&#8221; kt\u00f3rzy odpowiadaj\u0105 w naszym klubie za przygotowanie motoryczne zawodnik\u00f3w i jak wida\u0107 by\u0142o na turnieju, przygotowanie by\u0142o na &#8222;5&#8221; &#8211; m\u00f3wi Dawid Polok z \u017barskiego Klubu Sport\u00f3w Walki. &#8211; Wyjazd na turniej by\u0142 mo\u017cliwy dzi\u0119ki wsparciu finansowemu Urz\u0119du Miasta \u017bary.<\/p>\n<figure id=\"attachment_23848\" aria-describedby=\"caption-attachment-23848\" style=\"width: 2048px\" class=\"wp-caption aligncenter\"><img loading=\"lazy\" decoding=\"async\" class=\"size-full wp-image-23848\" src=\"https:\/\/moja24.pl\/wp-content\/uploads\/2022\/03\/20220329_zksw2.jpg\" alt=\"\" width=\"2048\" height=\"1152\" srcset=\"https:\/\/moja24.pl\/wp-content\/uploads\/2022\/03\/20220329_zksw2.jpg 2048w, https:\/\/moja24.pl\/wp-content\/uploads\/2022\/03\/20220329_zksw2-300x169.jpg 300w, https:\/\/moja24.pl\/wp-content\/uploads\/2022\/03\/20220329_zksw2-768x432.jpg 768w, https:\/\/moja24.pl\/wp-content\/uploads\/2022\/03\/20220329_zksw2-1536x864.jpg 1536w, https:\/\/moja24.pl\/wp-content\/uploads\/2022\/03\/20220329_zksw2-696x392.jpg 696w, https:\/\/moja24.pl\/wp-content\/uploads\/2022\/03\/20220329_zksw2-1068x601.jpg 1068w, https:\/\/moja24.pl\/wp-content\/uploads\/2022\/03\/20220329_zksw2-747x420.jpg 747w, https:\/\/moja24.pl\/wp-content\/uploads\/2022\/03\/20220329_zksw2-533x300.jpg 533w\" sizes=\"auto, (max-width: 2048px) 100vw, 2048px\" \/><figcaption id=\"caption-attachment-23848\" class=\"wp-caption-text\">Wygrana walka Piotra Jarockiego. fot. \u017bKSW<\/figcaption><\/figure>\n<p>W dniach 25-27 marca w Centralnym O\u015brodku Olimpijskim w Wa\u0142czu odby\u0142o si\u0119 zgrupowanie M\u0142odzie\u017cowej Reprezentacji Polski na kt\u00f3re powo\u0142anie otrzyma\u0142o siedmioro m\u0142odych podopiecznych trenera Dawida Poloka &#8211; Hanna Sobecka, Amelia Kowzan, Kalina Ratajczak, Maksymilian Sobecki, Bartosz Kuku\u0142a, Oktawian Dzido oraz Szymon Socha. Zgrupowanie ma na celu wy\u0142onienie \u015bcis\u0142ej Kadry na M\u0142odzie\u017cowe Mistrzostwa \u015awiata Muaythai, kt\u00f3re w tym roku odb\u0119d\u0105 si\u0119 w Malezji i w kt\u00f3rym spore szanse udzia\u0142u maj\u0105 reprezentanci \u017bKSW.<\/p>\n<figure id=\"attachment_23850\" aria-describedby=\"caption-attachment-23850\" style=\"width: 640px\" class=\"wp-caption aligncenter\"><img loading=\"lazy\" decoding=\"async\" class=\"size-large wp-image-23850\" src=\"https:\/\/moja24.pl\/wp-content\/uploads\/2022\/03\/20220329_zksw3-2560x1442.jpg\" alt=\"\" width=\"640\" height=\"361\" srcset=\"https:\/\/moja24.pl\/wp-content\/uploads\/2022\/03\/20220329_zksw3-2560x1442.jpg 2560w, https:\/\/moja24.pl\/wp-content\/uploads\/2022\/03\/20220329_zksw3-300x169.jpg 300w, https:\/\/moja24.pl\/wp-content\/uploads\/2022\/03\/20220329_zksw3-768x433.jpg 768w, https:\/\/moja24.pl\/wp-content\/uploads\/2022\/03\/20220329_zksw3-1536x865.jpg 1536w, https:\/\/moja24.pl\/wp-content\/uploads\/2022\/03\/20220329_zksw3-2048x1154.jpg 2048w, https:\/\/moja24.pl\/wp-content\/uploads\/2022\/03\/20220329_zksw3-696x392.jpg 696w, https:\/\/moja24.pl\/wp-content\/uploads\/2022\/03\/20220329_zksw3-1068x602.jpg 1068w, https:\/\/moja24.pl\/wp-content\/uploads\/2022\/03\/20220329_zksw3-746x420.jpg 746w, https:\/\/moja24.pl\/wp-content\/uploads\/2022\/03\/20220329_zksw3-533x300.jpg 533w\" sizes=\"auto, (max-width: 640px) 100vw, 640px\" \/><figcaption id=\"caption-attachment-23850\" class=\"wp-caption-text\">Zgrupowanie w Wa\u0142czu. fot. \u017bKSW<\/figcaption><\/figure>\n<p style=\"text-align: right;\"><span style=\"color: #999999;\"><strong>ATB<\/strong><\/span><\/p>\n","protected":false},"excerpt":{"rendered":"<p>SPORTY WALKI | Zawodnicy i zawodniczki trenuj\u0105cy w \u017barskim Klubie Sport\u00f3w Walki maj\u0105 na koncie sporo sukces\u00f3w, zar\u00f3wno na ringu amatorskim, jak i zawodowym. Szkol\u0105 si\u0119 si\u0119 tam kolejne m\u0142ode talenty. W Koszalinie odby\u0142 si\u0119 mi\u0119dzynarodowy turniej boksu olimpijskiego Baltic Cup 2022. Prawie 200 zawodnik\u00f3w stoczy\u0142o ponad 110 walk w ci\u0105gu tych dw\u00f3ch dni. W [&hellip;]<\/p>\n","protected":false},"author":4,"featured_media":23849,"comment_status":"closed","ping_status":"closed","sticky":false,"template":"","format":"standard","meta":{"_monsterinsights_skip_tracking":false,"_monsterinsights_sitenote_active":false,"_monsterinsights_sitenote_note":"","_monsterinsights_sitenote_category":0,"footnotes":""},"categories":[20,23,28],"tags":[2846,2849,2127,417,2845,2843,2847,2844,2848,109,2254,2850,2128,1064,826,2761,136,66,1273],"class_list":["post-23851","post","type-post","status-publish","format-standard","has-post-thumbnail","hentry","category-informacje","category-sport","category-wiadomosci","tag-amelia-kowzan","tag-bartosz-kukula","tag-boks","tag-dawid-polok","tag-hanna-sobecka","tag-hanna-wojtaszek","tag-kalina-ratajczak","tag-lukasz-michalczewski","tag-maksymilian-sobecki","tag-moja-gazeta","tag-muaythai","tag-oktawian-dzido","tag-piotr-jarocki","tag-sport","tag-sporty-walki","tag-szymon-socha","tag-zarski-klub-sportow-walki","tag-zary","tag-zksw"],"_links":{"self":[{"href":"https:\/\/moja24.pl\/index.php\/wp-json\/wp\/v2\/posts\/23851","targetHints":{"allow":["GET"]}}],"collection":[{"href":"https:\/\/moja24.pl\/index.php\/wp-json\/wp\/v2\/posts"}],"about":[{"href":"https:\/\/moja24.pl\/index.php\/wp-json\/wp\/v2\/types\/post"}],"author":[{"embeddable":true,"href":"https:\/\/moja24.pl\/index.php\/wp-json\/wp\/v2\/users\/4"}],"replies":[{"embeddable":true,"href":"https:\/\/moja24.pl\/index.php\/wp-json\/wp\/v2\/comments?post=23851"}],"version-history":[{"count":1,"href":"https:\/\/moja24.pl\/index.php\/wp-json\/wp\/v2\/posts\/23851\/revisions"}],"predecessor-version":[{"id":23852,"href":"https:\/\/moja24.pl\/index.php\/wp-json\/wp\/v2\/posts\/23851\/revisions\/23852"}],"wp:featuredmedia":[{"embeddable":true,"href":"https:\/\/moja24.pl\/index.php\/wp-json\/wp\/v2\/media\/23849"}],"wp:attachment":[{"href":"https:\/\/moja24.pl\/index.php\/wp-json\/wp\/v2\/media?parent=23851"}],"wp:term":[{"taxonomy":"category","embeddable":true,"href":"https:\/\/moja24.pl\/index.php\/wp-json\/wp\/v2\/categories?post=23851"},{"taxonomy":"post_tag","embeddable":true,"href":"https:\/\/moja24.pl\/index.php\/wp-json\/wp\/v2\/tags?post=23851"}],"curies":[{"name":"wp","href":"https:\/\/api.w.org\/{rel}","templated":true}]}}