{"id":23890,"date":"2022-04-06T15:56:25","date_gmt":"2022-04-06T13:56:25","guid":{"rendered":"https:\/\/moja24.pl\/?p=23890"},"modified":"2022-04-06T15:56:25","modified_gmt":"2022-04-06T13:56:25","slug":"najzdolniejsi-w-powiecie-stypendia-dla-uczniow","status":"publish","type":"post","link":"https:\/\/moja24.pl\/index.php\/2022\/04\/06\/najzdolniejsi-w-powiecie-stypendia-dla-uczniow\/","title":{"rendered":"Najzdolniejsi w powiecie. Stypendia dla uczni\u00f3w"},"content":{"rendered":"<p><strong><span style=\"color: #ff0000;\">POWIAT \u017bARSKI<\/span> | 5 kwietnia najlepsi uczniowie szk\u00f3\u0142 ponadpodstawowych otrzymali stypendia Rady Powiatu \u017barskiego na rok szkolny 2021\/2022.<\/strong><\/p>\n<p>Uroczysto\u015b\u0107 zorganizowano w Pa\u0144stwowej Szkole Muzycznej w \u017barach. Wyr\u00f3\u017cnieni uczniowie otrzymuj\u0105 stypendia w wysoko\u015bci od 150 do 300 z\u0142 miesi\u0119cznie. Przyznawane s\u0105 one w czterech dziedzinach &#8211; nauki, nauki zawodu, artystycznej oraz sportowej.<\/p>\n<p><strong>Stypendia w dziedzinie nauki otrzymali:<\/strong> Anastazja Lipi\u0144ska, Julia Drzewoska, Wiktor Kl\u00f3j, Konrad Rybaczek, Anna Wardak (Katolickie Liceum Og\u00f3lnokszta\u0142c\u0105ce w \u017barach), Mi\u0142osz Mesjasz, Wojciech G\u00f3rniewicz, Miko\u0142aj Chaszczewski, Aleksandra Brudna (Spo\u0142eczne Liceum Og\u00f3lnokszta\u0142c\u0105ce w \u017barach).<br \/>\n<strong>Stypendia w dziedzinie nauki zawodu otrzymali:<\/strong> \u0141ukasz Garczy\u0144ski, Anna K\u0142os (Zesp\u00f3\u0142 Szk\u00f3\u0142 Ekonomicznych w \u017barach), Eryk Klimek, Micha\u0142 Machulak (Centrum Kszta\u0142cenia Zawodowego i Ustawicznego w \u017barach), Rados\u0142aw D\u0105bek, Alex Dumiec (Zesp\u00f3\u0142 Szk\u00f3\u0142 Og\u00f3lnokszta\u0142c\u0105cych i Ekonomicznych w Lubsku), Julia Stanowska, Wiktoria Wojciechowska (Zesp\u00f3\u0142 Szk\u00f3\u0142 Technicznych w Lubsku), Aleksandra Madej, Kornelia Przyby\u0142ek (Zesp\u00f3\u0142 Szk\u00f3\u0142 Og\u00f3lnokszta\u0142c\u0105cych i Technicznych w \u017barach).<br \/>\n<strong>Stypendia w dziedzinie artystycznej otrzymali:<\/strong> Nikola Krasowska, Gabriela Matkowska, Kinga Olszewska (Zesp\u00f3\u0142 Szk\u00f3\u0142 Ekonomicznych w \u017barach), Martyna Matysiak, Wiktoria Nieka\u0142o, Agata Gajda, Jakub Ko\u015bci\u0144ski (Zesp\u00f3\u0142 Szk\u00f3\u0142 Og\u00f3lnokszta\u0142c\u0105cych w \u017barach).<br \/>\n<strong>Stypendia w dziedzinie sportu otrzymali:<\/strong> Alicja Dudkiewicz, Kamil Gierula, Zuzanna Kuczma, Adrianna Kwiatkowska, Hubert Mleczko, Kinga Pecyna, Kinga Piaskowska (Zesp\u00f3\u0142 Szk\u00f3\u0142 Ekonomicznych w \u017barach), Wojciech Dzi\u0119dzio\u0142a (Katolickie Liceum Og\u00f3lnokszta\u0142c\u0105ce w \u017barach), Jakub Szako\u0142a, Fabian De\u0107, Gracjan Jedut, Stanis\u0142aw Troczy\u0144ski (Zesp\u00f3\u0142 Szk\u00f3\u0142 Budowlanych w \u017barach), Wiktor Grabowski (Zesp\u00f3\u0142 Szk\u00f3\u0142 Og\u00f3lnokszta\u0142c\u0105cych i Ekonomicznych w Lubsku), Kornel S\u0142omkowski, Ksawery S\u0142omkowski (Zesp\u00f3\u0142 Szk\u00f3\u0142 Technicznych w Lubsku), Marcin Jung, Wojciech Ku\u017amiak (Zesp\u00f3\u0142 Szk\u00f3\u0142 Og\u00f3lnokszta\u0142c\u0105cych w \u017barach), Szymon Mac, Martyna Gabryl, Gabriel Mleczko, Nikola Drozdek, Oliwia Charchalis (Centrum Kszta\u0142cenia Zawodowego i Ustawicznego w \u017barach).<\/p>\n<figure id=\"attachment_23889\" aria-describedby=\"caption-attachment-23889\" style=\"width: 1673px\" class=\"wp-caption aligncenter\"><img loading=\"lazy\" decoding=\"async\" class=\"size-full wp-image-23889\" src=\"https:\/\/moja24.pl\/wp-content\/uploads\/2022\/04\/20220406_powiat3.jpg\" alt=\"\" width=\"1673\" height=\"843\" srcset=\"https:\/\/moja24.pl\/wp-content\/uploads\/2022\/04\/20220406_powiat3.jpg 1673w, https:\/\/moja24.pl\/wp-content\/uploads\/2022\/04\/20220406_powiat3-300x151.jpg 300w, https:\/\/moja24.pl\/wp-content\/uploads\/2022\/04\/20220406_powiat3-768x387.jpg 768w, https:\/\/moja24.pl\/wp-content\/uploads\/2022\/04\/20220406_powiat3-1536x774.jpg 1536w, https:\/\/moja24.pl\/wp-content\/uploads\/2022\/04\/20220406_powiat3-696x351.jpg 696w, https:\/\/moja24.pl\/wp-content\/uploads\/2022\/04\/20220406_powiat3-1068x538.jpg 1068w, https:\/\/moja24.pl\/wp-content\/uploads\/2022\/04\/20220406_powiat3-834x420.jpg 834w, https:\/\/moja24.pl\/wp-content\/uploads\/2022\/04\/20220406_powiat3-595x300.jpg 595w\" sizes=\"auto, (max-width: 1673px) 100vw, 1673px\" \/><figcaption id=\"caption-attachment-23889\" class=\"wp-caption-text\">fot. Starostwo Powiatowe w \u017barach<\/figcaption><\/figure>\n<figure id=\"attachment_23888\" aria-describedby=\"caption-attachment-23888\" style=\"width: 1812px\" class=\"wp-caption aligncenter\"><img loading=\"lazy\" decoding=\"async\" class=\"size-full wp-image-23888\" src=\"https:\/\/moja24.pl\/wp-content\/uploads\/2022\/04\/20220406_powiat2.jpg\" alt=\"\" width=\"1812\" height=\"800\" srcset=\"https:\/\/moja24.pl\/wp-content\/uploads\/2022\/04\/20220406_powiat2.jpg 1812w, https:\/\/moja24.pl\/wp-content\/uploads\/2022\/04\/20220406_powiat2-300x132.jpg 300w, https:\/\/moja24.pl\/wp-content\/uploads\/2022\/04\/20220406_powiat2-768x339.jpg 768w, https:\/\/moja24.pl\/wp-content\/uploads\/2022\/04\/20220406_powiat2-1536x678.jpg 1536w, https:\/\/moja24.pl\/wp-content\/uploads\/2022\/04\/20220406_powiat2-696x307.jpg 696w, https:\/\/moja24.pl\/wp-content\/uploads\/2022\/04\/20220406_powiat2-1068x472.jpg 1068w, https:\/\/moja24.pl\/wp-content\/uploads\/2022\/04\/20220406_powiat2-951x420.jpg 951w, https:\/\/moja24.pl\/wp-content\/uploads\/2022\/04\/20220406_powiat2-650x287.jpg 650w\" sizes=\"auto, (max-width: 1812px) 100vw, 1812px\" \/><figcaption id=\"caption-attachment-23888\" class=\"wp-caption-text\">fot. Starostwo Powiatowe w \u017barach<\/figcaption><\/figure>\n<figure id=\"attachment_23887\" aria-describedby=\"caption-attachment-23887\" style=\"width: 1967px\" class=\"wp-caption aligncenter\"><img loading=\"lazy\" decoding=\"async\" class=\"size-full wp-image-23887\" src=\"https:\/\/moja24.pl\/wp-content\/uploads\/2022\/04\/20220406_powiat1.jpg\" alt=\"\" width=\"1967\" height=\"871\" srcset=\"https:\/\/moja24.pl\/wp-content\/uploads\/2022\/04\/20220406_powiat1.jpg 1967w, https:\/\/moja24.pl\/wp-content\/uploads\/2022\/04\/20220406_powiat1-300x133.jpg 300w, https:\/\/moja24.pl\/wp-content\/uploads\/2022\/04\/20220406_powiat1-768x340.jpg 768w, https:\/\/moja24.pl\/wp-content\/uploads\/2022\/04\/20220406_powiat1-1536x680.jpg 1536w, https:\/\/moja24.pl\/wp-content\/uploads\/2022\/04\/20220406_powiat1-696x308.jpg 696w, https:\/\/moja24.pl\/wp-content\/uploads\/2022\/04\/20220406_powiat1-1068x473.jpg 1068w, https:\/\/moja24.pl\/wp-content\/uploads\/2022\/04\/20220406_powiat1-948x420.jpg 948w, https:\/\/moja24.pl\/wp-content\/uploads\/2022\/04\/20220406_powiat1-650x288.jpg 650w\" sizes=\"auto, (max-width: 1967px) 100vw, 1967px\" \/><figcaption id=\"caption-attachment-23887\" class=\"wp-caption-text\">fot. Starostwo Powiatowe w \u017barach<\/figcaption><\/figure>\n<p style=\"text-align: right;\"><span style=\"color: #999999;\"><strong>ATB<\/strong><\/span><\/p>\n","protected":false},"excerpt":{"rendered":"<p>POWIAT \u017bARSKI | 5 kwietnia najlepsi uczniowie szk\u00f3\u0142 ponadpodstawowych otrzymali stypendia Rady Powiatu \u017barskiego na rok szkolny 2021\/2022. Uroczysto\u015b\u0107 zorganizowano w Pa\u0144stwowej Szkole Muzycznej w \u017barach. Wyr\u00f3\u017cnieni uczniowie otrzymuj\u0105 stypendia w wysoko\u015bci od 150 do 300 z\u0142 miesi\u0119cznie. Przyznawane s\u0105 one w czterech dziedzinach &#8211; nauki, nauki zawodu, artystycznej oraz sportowej. Stypendia w dziedzinie nauki [&hellip;]<\/p>\n","protected":false},"author":4,"featured_media":23886,"comment_status":"closed","ping_status":"closed","sticky":false,"template":"","format":"standard","meta":{"_monsterinsights_skip_tracking":false,"_monsterinsights_sitenote_active":false,"_monsterinsights_sitenote_note":"","_monsterinsights_sitenote_category":0,"footnotes":""},"categories":[22,20,28],"tags":[109,32,2858],"class_list":["post-23890","post","type-post","status-publish","format-standard","has-post-thumbnail","hentry","category-edukacja","category-informacje","category-wiadomosci","tag-moja-gazeta","tag-powiat-zarski","tag-stypendia"],"_links":{"self":[{"href":"https:\/\/moja24.pl\/index.php\/wp-json\/wp\/v2\/posts\/23890","targetHints":{"allow":["GET"]}}],"collection":[{"href":"https:\/\/moja24.pl\/index.php\/wp-json\/wp\/v2\/posts"}],"about":[{"href":"https:\/\/moja24.pl\/index.php\/wp-json\/wp\/v2\/types\/post"}],"author":[{"embeddable":true,"href":"https:\/\/moja24.pl\/index.php\/wp-json\/wp\/v2\/users\/4"}],"replies":[{"embeddable":true,"href":"https:\/\/moja24.pl\/index.php\/wp-json\/wp\/v2\/comments?post=23890"}],"version-history":[{"count":1,"href":"https:\/\/moja24.pl\/index.php\/wp-json\/wp\/v2\/posts\/23890\/revisions"}],"predecessor-version":[{"id":23891,"href":"https:\/\/moja24.pl\/index.php\/wp-json\/wp\/v2\/posts\/23890\/revisions\/23891"}],"wp:featuredmedia":[{"embeddable":true,"href":"https:\/\/moja24.pl\/index.php\/wp-json\/wp\/v2\/media\/23886"}],"wp:attachment":[{"href":"https:\/\/moja24.pl\/index.php\/wp-json\/wp\/v2\/media?parent=23890"}],"wp:term":[{"taxonomy":"category","embeddable":true,"href":"https:\/\/moja24.pl\/index.php\/wp-json\/wp\/v2\/categories?post=23890"},{"taxonomy":"post_tag","embeddable":true,"href":"https:\/\/moja24.pl\/index.php\/wp-json\/wp\/v2\/tags?post=23890"}],"curies":[{"name":"wp","href":"https:\/\/api.w.org\/{rel}","templated":true}]}}