{"id":24012,"date":"2022-04-21T16:07:45","date_gmt":"2022-04-21T14:07:45","guid":{"rendered":"https:\/\/moja24.pl\/?p=24012"},"modified":"2022-04-21T16:07:45","modified_gmt":"2022-04-21T14:07:45","slug":"zarski-park-z-nagroda-lubuskiego-wojewodzkiego-konserwatora-zabytkow","status":"publish","type":"post","link":"https:\/\/moja24.pl\/index.php\/2022\/04\/21\/zarski-park-z-nagroda-lubuskiego-wojewodzkiego-konserwatora-zabytkow\/","title":{"rendered":"\u017barski park z nagrod\u0105 Lubuskiego Wojew\u00f3dzkiego Konserwatora Zabytk\u00f3w"},"content":{"rendered":"<p><strong><span style=\"color: #ff0000;\">\u017bARY<\/span> | Jedna z tegorocznych nagr\u00f3d, przyznawanych cyklicznie od 2008 r. przez Lubuskiego Wojew\u00f3dzkiego Konserwatora Zabytk\u00f3w, trafi\u0142a do \u017bar.<\/strong><\/p>\n<p>Nagrody przyznawane s\u0105 przy okazji obchod\u00f3w Mi\u0119dzynarodowego Dnia Ochrony Zabytk\u00f3w, kt\u00f3ry przypada 18 kwietnia. Nagroda &#8222;Lubuskie Konserwacje&#8221; jest uhonorowaniem laureata za szczeg\u00f3lne dokonania w zakresie poprawy stanu zachowania zabytku, podkre\u015blenia jego walor\u00f3w artystycznych i u\u017cytkowych w aspekcie prawid\u0142owo wykonanych prac konserwatorskich, restauratorskich lub rob\u00f3t budowlanych. Ocenie poddawany jest r\u00f3wnie\u017c spos\u00f3b u\u017cytkowania zabytku, utrzymanie estetycznego wygl\u0105du, jego wyposa\u017cenia i otoczenia.<br \/>\n<strong>W edycji 2022 przyznano nast\u0119puj\u0105ce nagrody:<\/strong><br \/>\n&#8211; w kategorii &#8211; za renowacj\u0119 i adaptacj\u0119 architektoniczn\u0105 zabytku nagrod\u0119 przyznano Pa\u0144stwowej Szkole Muzycznej I i II stopnia w \u017baganiu za kompleksowe prace remontowo-konserwatorskie zwi\u0105zane z adaptacj\u0105 dawnego szpitala \u015bw. Doroty w \u017baganiu do nowej funkcji szko\u0142y muzycznej;<br \/>\n&#8211; wyr\u00f3\u017cnienie w tej kategorii przyznano Fundacji Archeologicznej w Zielonej G\u00f3rze za prace zwi\u0105zane z adaptacj\u0105 dawnego ko\u015bcio\u0142a ewangelickiego w Bytomiu Odrza\u0144skim na cele kulturalne oraz magazyny archeologiczne;<br \/>\n&#8211; <strong>w kategorii &#8211; za realizacj\u0119 prac konserwatorsko-restauratorskich w zabytku nagroda przyznana zosta\u0142a gminie miejskiej \u017bary za kompleksowe prace remontowe i konserwatorskie zwi\u0105zane z rewaloryzacj\u0105 parku miejskiego w \u017barach<\/strong> oraz Regionalnemu Centrum Animacji Kultury w Zielonej G\u00f3rze za kompleksowe prace konserwatorsko-restauratorskie przy willi i parku przy ul. Sienkiewicza 11 w Zielonej G\u00f3rze;<br \/>\n&#8211; wyr\u00f3\u017cnienia w tej kategorii przyznano: Parafii Rzymskokatolickiej pw. Naj\u015bwi\u0119tszego Serca Pana Jezusa w Rzepinie za prace konserwatorsko-restauratorskie przy elewacjach drewnianego ko\u015bcio\u0142a w Lubiechni Ma\u0142ej, Parafii Rzymskokatolickiej pw. Stanis\u0142awa Biskupa w \u0141\u0119gowie Sulechowskim za prace konserwatorsko-restauratorskie przy elewacjach drewnianego ko\u015bcio\u0142a w Kl\u0119psku, a tak\u017ce Parafii Rzymskokatolickiej pw. \u015aw. Anny w Jordanowie za prace konserwatorsko-restauratorskie przy o\u0142tarzu g\u0142\u00f3wnym w ko\u015bciele w Rusinowie oraz dla Krajowego O\u015brodka Wsparcia Rolnictwa w Gorzowie Wlkp. za remont konserwatorski dachu zamku w Miodnicy;<br \/>\n&#8211; w kategorii &#8211; za realizacj\u0119 prac in\u017cynieryjnych w zabytku nagrod\u0119 przyznano Parafii Rzymskokatolickiej pw. \u015aw. Jakuba Aposto\u0142a w O\u015bnie Lubuskim za prace zwi\u0105zane ze wzmocnieniem konstrukcji ko\u015bcio\u0142a farnego w O\u015bnie Lubuskim.<\/p>\n<h1 style=\"text-align: center;\"><a href=\"https:\/\/www.zary.pl\/system\/obj\/23511_park_sklad6.pdf\" target=\"_blank\" rel=\"noopener\">FOLDER O \u017bARSKIM PARKU (pobierz .pdf)<\/a><\/h1>\n<p style=\"text-align: right;\"><a href=\"https:\/\/www.zary.pl\/system\/obj\/23511_park_sklad6.pdf\" target=\"_blank\" rel=\"noopener\"><img loading=\"lazy\" decoding=\"async\" class=\"aligncenter size-large wp-image-24010\" src=\"https:\/\/moja24.pl\/wp-content\/uploads\/2022\/04\/20220421_park2-1190x1707.jpg\" alt=\"\" width=\"640\" height=\"918\" srcset=\"https:\/\/moja24.pl\/wp-content\/uploads\/2022\/04\/20220421_park2-1190x1707.jpg 1190w, https:\/\/moja24.pl\/wp-content\/uploads\/2022\/04\/20220421_park2-209x300.jpg 209w, https:\/\/moja24.pl\/wp-content\/uploads\/2022\/04\/20220421_park2-768x1102.jpg 768w, https:\/\/moja24.pl\/wp-content\/uploads\/2022\/04\/20220421_park2-1071x1536.jpg 1071w, https:\/\/moja24.pl\/wp-content\/uploads\/2022\/04\/20220421_park2-1428x2048.jpg 1428w, https:\/\/moja24.pl\/wp-content\/uploads\/2022\/04\/20220421_park2-696x998.jpg 696w, https:\/\/moja24.pl\/wp-content\/uploads\/2022\/04\/20220421_park2-1068x1532.jpg 1068w, https:\/\/moja24.pl\/wp-content\/uploads\/2022\/04\/20220421_park2-293x420.jpg 293w, https:\/\/moja24.pl\/wp-content\/uploads\/2022\/04\/20220421_park2-scaled.jpg 1785w\" sizes=\"auto, (max-width: 640px) 100vw, 640px\" \/><\/a><span style=\"color: #999999;\"><strong>ATB<\/strong><\/span><\/p>\n","protected":false},"excerpt":{"rendered":"<p>\u017bARY | Jedna z tegorocznych nagr\u00f3d, przyznawanych cyklicznie od 2008 r. przez Lubuskiego Wojew\u00f3dzkiego Konserwatora Zabytk\u00f3w, trafi\u0142a do \u017bar. Nagrody przyznawane s\u0105 przy okazji obchod\u00f3w Mi\u0119dzynarodowego Dnia Ochrony Zabytk\u00f3w, kt\u00f3ry przypada 18 kwietnia. Nagroda &#8222;Lubuskie Konserwacje&#8221; jest uhonorowaniem laureata za szczeg\u00f3lne dokonania w zakresie poprawy stanu zachowania zabytku, podkre\u015blenia jego walor\u00f3w artystycznych i u\u017cytkowych w [&hellip;]<\/p>\n","protected":false},"author":4,"featured_media":24011,"comment_status":"closed","ping_status":"closed","sticky":false,"template":"","format":"standard","meta":{"_monsterinsights_skip_tracking":false,"_monsterinsights_sitenote_active":false,"_monsterinsights_sitenote_note":"","_monsterinsights_sitenote_category":0,"footnotes":""},"categories":[20,28],"tags":[2161,109,2871,2450,66],"class_list":["post-24012","post","type-post","status-publish","format-standard","has-post-thumbnail","hentry","category-informacje","category-wiadomosci","tag-lubuski-wojewodzki-konserwator-zabytkow","tag-moja-gazeta","tag-nagroda","tag-park-przypalacowy","tag-zary"],"_links":{"self":[{"href":"https:\/\/moja24.pl\/index.php\/wp-json\/wp\/v2\/posts\/24012","targetHints":{"allow":["GET"]}}],"collection":[{"href":"https:\/\/moja24.pl\/index.php\/wp-json\/wp\/v2\/posts"}],"about":[{"href":"https:\/\/moja24.pl\/index.php\/wp-json\/wp\/v2\/types\/post"}],"author":[{"embeddable":true,"href":"https:\/\/moja24.pl\/index.php\/wp-json\/wp\/v2\/users\/4"}],"replies":[{"embeddable":true,"href":"https:\/\/moja24.pl\/index.php\/wp-json\/wp\/v2\/comments?post=24012"}],"version-history":[{"count":1,"href":"https:\/\/moja24.pl\/index.php\/wp-json\/wp\/v2\/posts\/24012\/revisions"}],"predecessor-version":[{"id":24013,"href":"https:\/\/moja24.pl\/index.php\/wp-json\/wp\/v2\/posts\/24012\/revisions\/24013"}],"wp:featuredmedia":[{"embeddable":true,"href":"https:\/\/moja24.pl\/index.php\/wp-json\/wp\/v2\/media\/24011"}],"wp:attachment":[{"href":"https:\/\/moja24.pl\/index.php\/wp-json\/wp\/v2\/media?parent=24012"}],"wp:term":[{"taxonomy":"category","embeddable":true,"href":"https:\/\/moja24.pl\/index.php\/wp-json\/wp\/v2\/categories?post=24012"},{"taxonomy":"post_tag","embeddable":true,"href":"https:\/\/moja24.pl\/index.php\/wp-json\/wp\/v2\/tags?post=24012"}],"curies":[{"name":"wp","href":"https:\/\/api.w.org\/{rel}","templated":true}]}}