{"id":24082,"date":"2022-05-10T12:47:53","date_gmt":"2022-05-10T10:47:53","guid":{"rendered":"https:\/\/moja24.pl\/?p=24082"},"modified":"2022-05-10T12:47:53","modified_gmt":"2022-05-10T10:47:53","slug":"polsko-niemiecka-zabawa-z-historia-i-nauka","status":"publish","type":"post","link":"https:\/\/moja24.pl\/index.php\/2022\/05\/10\/polsko-niemiecka-zabawa-z-historia-i-nauka\/","title":{"rendered":"Polsko-niemiecka zabawa z histori\u0105 i nauk\u0105"},"content":{"rendered":"<p><strong><span style=\"color: #ff0000;\">\u017bARY<\/span> | Uczniowie z klasy 5c Szko\u0142y Podstawowej nr 2 w \u017barach i z klasy 5 Gimnazjum Landau z Weisswasser spotkali si\u0119 w \u017barach w Muzeum Pogranicza \u015al\u0105sko-\u0141u\u017cyckiego. By\u0142 to element projektu: \u201eZabawa z histori\u0105 i nauk\u0105\u201d, realizowanego w ramach Programu Wsp\u00f3\u0142pracy INTERREG VA Brandenburgia-Polska 2014-2010 w Euroregionie Sprewa-Nysa-B\u00f3br.<\/strong><\/p>\n<p>Do udzia\u0142u w projekcie zaprosi\u0142 \u017carsk\u0105 Dw\u00f3jk\u0119 Urz\u0105d Miasta \u017bary. Uczniowie wzi\u0119li udzia\u0142 w ciekawych zaj\u0119ciach zwi\u0105zanych tematycznie z legendami \u017carskimi. Na uczestnik\u00f3w projektu czeka\u0142o wiele atrakcji, m.in. spacer po mie\u015bcie, zwiedzanie \u017carskich zabytk\u00f3w, poznawanie \u017carskich legend oraz zaj\u0119cia animacyjne, podczas kt\u00f3rych uczniowie poznali si\u0119 bli\u017cej i pr\u00f3bowali komunikowa\u0107 si\u0119 ze sob\u0105 w j\u0119zyku niemieckim. Na zako\u0144czenie odby\u0142y si\u0119 ciekawe zaj\u0119cia plastyczne. Dzie\u0144 by\u0142 pe\u0142en wra\u017ce\u0144 i dobrej zabawy. Polsk\u0105 koordynatork\u0105 projektu jest Aurelia Sporys \u2013 nauczycielka z \u017carskiej Dw\u00f3jki, natomiast w Niemczech Annette Emmrich z Gimnazjum Landau.<\/p>\n<figure id=\"attachment_24080\" aria-describedby=\"caption-attachment-24080\" style=\"width: 2048px\" class=\"wp-caption aligncenter\"><img loading=\"lazy\" decoding=\"async\" class=\"size-full wp-image-24080\" src=\"https:\/\/moja24.pl\/wp-content\/uploads\/2022\/05\/20220510_sp22.jpg\" alt=\"\" width=\"2048\" height=\"1536\" srcset=\"https:\/\/moja24.pl\/wp-content\/uploads\/2022\/05\/20220510_sp22.jpg 2048w, https:\/\/moja24.pl\/wp-content\/uploads\/2022\/05\/20220510_sp22-300x225.jpg 300w, https:\/\/moja24.pl\/wp-content\/uploads\/2022\/05\/20220510_sp22-768x576.jpg 768w, https:\/\/moja24.pl\/wp-content\/uploads\/2022\/05\/20220510_sp22-1536x1152.jpg 1536w, https:\/\/moja24.pl\/wp-content\/uploads\/2022\/05\/20220510_sp22-80x60.jpg 80w, https:\/\/moja24.pl\/wp-content\/uploads\/2022\/05\/20220510_sp22-265x198.jpg 265w, https:\/\/moja24.pl\/wp-content\/uploads\/2022\/05\/20220510_sp22-696x522.jpg 696w, https:\/\/moja24.pl\/wp-content\/uploads\/2022\/05\/20220510_sp22-1068x801.jpg 1068w, https:\/\/moja24.pl\/wp-content\/uploads\/2022\/05\/20220510_sp22-560x420.jpg 560w, https:\/\/moja24.pl\/wp-content\/uploads\/2022\/05\/20220510_sp22-400x300.jpg 400w\" sizes=\"auto, (max-width: 2048px) 100vw, 2048px\" \/><figcaption id=\"caption-attachment-24080\" class=\"wp-caption-text\">fot. nades\u0142ane<\/figcaption><\/figure>\n<p style=\"text-align: right;\"><span style=\"color: #999999;\">nades\u0142ane<\/span><\/p>\n","protected":false},"excerpt":{"rendered":"<p>\u017bARY | Uczniowie z klasy 5c Szko\u0142y Podstawowej nr 2 w \u017barach i z klasy 5 Gimnazjum Landau z Weisswasser spotkali si\u0119 w \u017barach w Muzeum Pogranicza \u015al\u0105sko-\u0141u\u017cyckiego. By\u0142 to element projektu: \u201eZabawa z histori\u0105 i nauk\u0105\u201d, realizowanego w ramach Programu Wsp\u00f3\u0142pracy INTERREG VA Brandenburgia-Polska 2014-2010 w Euroregionie Sprewa-Nysa-B\u00f3br. Do udzia\u0142u w projekcie zaprosi\u0142 \u017carsk\u0105 [&hellip;]<\/p>\n","protected":false},"author":4,"featured_media":24079,"comment_status":"closed","ping_status":"closed","sticky":false,"template":"","format":"standard","meta":{"_monsterinsights_skip_tracking":false,"_monsterinsights_sitenote_active":false,"_monsterinsights_sitenote_note":"","_monsterinsights_sitenote_category":0,"footnotes":""},"categories":[22,20,29,28],"tags":[109,1165,2402,1148,66],"class_list":["post-24082","post","type-post","status-publish","format-standard","has-post-thumbnail","hentry","category-edukacja","category-informacje","category-kontakt-24","category-wiadomosci","tag-moja-gazeta","tag-sp2","tag-szkola-podstawowa-nr-2","tag-weisswasser","tag-zary"],"_links":{"self":[{"href":"https:\/\/moja24.pl\/index.php\/wp-json\/wp\/v2\/posts\/24082","targetHints":{"allow":["GET"]}}],"collection":[{"href":"https:\/\/moja24.pl\/index.php\/wp-json\/wp\/v2\/posts"}],"about":[{"href":"https:\/\/moja24.pl\/index.php\/wp-json\/wp\/v2\/types\/post"}],"author":[{"embeddable":true,"href":"https:\/\/moja24.pl\/index.php\/wp-json\/wp\/v2\/users\/4"}],"replies":[{"embeddable":true,"href":"https:\/\/moja24.pl\/index.php\/wp-json\/wp\/v2\/comments?post=24082"}],"version-history":[{"count":1,"href":"https:\/\/moja24.pl\/index.php\/wp-json\/wp\/v2\/posts\/24082\/revisions"}],"predecessor-version":[{"id":24083,"href":"https:\/\/moja24.pl\/index.php\/wp-json\/wp\/v2\/posts\/24082\/revisions\/24083"}],"wp:featuredmedia":[{"embeddable":true,"href":"https:\/\/moja24.pl\/index.php\/wp-json\/wp\/v2\/media\/24079"}],"wp:attachment":[{"href":"https:\/\/moja24.pl\/index.php\/wp-json\/wp\/v2\/media?parent=24082"}],"wp:term":[{"taxonomy":"category","embeddable":true,"href":"https:\/\/moja24.pl\/index.php\/wp-json\/wp\/v2\/categories?post=24082"},{"taxonomy":"post_tag","embeddable":true,"href":"https:\/\/moja24.pl\/index.php\/wp-json\/wp\/v2\/tags?post=24082"}],"curies":[{"name":"wp","href":"https:\/\/api.w.org\/{rel}","templated":true}]}}