{"id":24110,"date":"2022-05-17T10:24:37","date_gmt":"2022-05-17T08:24:37","guid":{"rendered":"https:\/\/moja24.pl\/?p=24110"},"modified":"2022-05-17T10:24:37","modified_gmt":"2022-05-17T08:24:37","slug":"trafil-do-aresztu-za-narkotyki-mial-tego-sporo","status":"publish","type":"post","link":"https:\/\/moja24.pl\/index.php\/2022\/05\/17\/trafil-do-aresztu-za-narkotyki-mial-tego-sporo\/","title":{"rendered":"Trafi\u0142 do aresztu za narkotyki. Mia\u0142 tego sporo"},"content":{"rendered":"<p><strong><span style=\"color: #ff0000;\">\u017bARY <\/span>| W wyniku intensywnych dzia\u0142a\u0144 policjant\u00f3w kryminalnych z \u017carskiej komendy, zatrzymany zosta\u0142 38-letni m\u0119\u017cczyzna. W jego mieszkaniu funkcjonariusze zabezpieczyli znaczn\u0105 ilo\u015b\u0107 \u015brodk\u00f3w odurzaj\u0105cych oraz psychotropowych. To skuteczne dzia\u0142anie w zwalczaniu przest\u0119pczo\u015bci narkotykowej. Policjanci prowadz\u0105 \u015bledztwo w tej sprawie pod nadzorem \u017carskiej Prokuratury.<\/strong><\/p>\n<p>W minionym tygodniu kryminalni z \u017carskiej komendy przeprowadzili skuteczn\u0105 realizacj\u0119 poprzedzon\u0105 intensywn\u0105 prac\u0105 operacyjn\u0105. Wkroczyli do miejsca zamieszkania, w kt\u00f3rym przebywa\u0142 38-letni mieszkaniec \u017bar. Podczas przeszukania funkcjonariusze znale\u017ali i zabezpieczyli znaczne ilo\u015bci narkotyk\u00f3w, w\u015br\u00f3d kt\u00f3rych znalaz\u0142a si\u0119 marihuana, metamfetamina, kokaina oraz ekstasy &#8211; te ukryte by\u0142y w wiadrze. Podejrzany by\u0142 zaskoczony i podczas prowadzonych czynno\u015bci zachowywa\u0142 si\u0119 nerwowo, pr\u00f3bowa\u0142 nawet oddali\u0107 si\u0119 z miejsca, co mu si\u0119 nie uda\u0142o. Zosta\u0142 zatrzymany i trafi\u0142 do policyjnego aresztu. W toku prowadzonych czynno\u015bci \u015bledczy ustalili, \u017ce m\u0119\u017cczyzna handlowa\u0142 narkotykami i sprzeda\u0142 je co najmniej 5 razy. Zgromadzony materia\u0142 dowodowy w tej sprawie pozwoli\u0142 przedstawi\u0107 podejrzanemu zarzuty posiadania znacznej ilo\u015bci i handlu narkotykami. S\u0105d przychyli\u0142 si\u0119 do decyzji Prokuratury Rejonowej w \u017barach oraz Policji i zastosowa\u0142 wobec 38-latka trzymiesi\u0119czny areszt. Za posiadanie znacznej ilo\u015bci narkotyk\u00f3w oraz handel nimi mo\u017ce mu grozi\u0107 do 10 lat pozbawienia wolno\u015bci. Nielegalny &#8222;towar&#8221; nie trafi ju\u017c na rynek. Z zabezpieczonej ilo\u015bci mo\u017cna by by\u0142o wydzieli\u0107 ponad 2600 porcji narkotyku oraz 112 sztuk tabletek ekstasy.<\/p>\n<figure id=\"attachment_24107\" aria-describedby=\"caption-attachment-24107\" style=\"width: 1200px\" class=\"wp-caption aligncenter\"><img loading=\"lazy\" decoding=\"async\" class=\"size-full wp-image-24107\" src=\"https:\/\/moja24.pl\/wp-content\/uploads\/2022\/05\/20220517_policja2.jpg\" alt=\"\" width=\"1200\" height=\"900\" srcset=\"https:\/\/moja24.pl\/wp-content\/uploads\/2022\/05\/20220517_policja2.jpg 1200w, https:\/\/moja24.pl\/wp-content\/uploads\/2022\/05\/20220517_policja2-300x225.jpg 300w, https:\/\/moja24.pl\/wp-content\/uploads\/2022\/05\/20220517_policja2-768x576.jpg 768w, https:\/\/moja24.pl\/wp-content\/uploads\/2022\/05\/20220517_policja2-80x60.jpg 80w, https:\/\/moja24.pl\/wp-content\/uploads\/2022\/05\/20220517_policja2-265x198.jpg 265w, https:\/\/moja24.pl\/wp-content\/uploads\/2022\/05\/20220517_policja2-696x522.jpg 696w, https:\/\/moja24.pl\/wp-content\/uploads\/2022\/05\/20220517_policja2-1068x801.jpg 1068w, https:\/\/moja24.pl\/wp-content\/uploads\/2022\/05\/20220517_policja2-560x420.jpg 560w, https:\/\/moja24.pl\/wp-content\/uploads\/2022\/05\/20220517_policja2-400x300.jpg 400w\" sizes=\"auto, (max-width: 1200px) 100vw, 1200px\" \/><figcaption id=\"caption-attachment-24107\" class=\"wp-caption-text\">fot. KPP \u017bary<\/figcaption><\/figure>\n<figure id=\"attachment_24105\" aria-describedby=\"caption-attachment-24105\" style=\"width: 1200px\" class=\"wp-caption aligncenter\"><img loading=\"lazy\" decoding=\"async\" class=\"size-full wp-image-24105\" src=\"https:\/\/moja24.pl\/wp-content\/uploads\/2022\/05\/20220517_policja5.jpg\" alt=\"\" width=\"1200\" height=\"900\" srcset=\"https:\/\/moja24.pl\/wp-content\/uploads\/2022\/05\/20220517_policja5.jpg 1200w, https:\/\/moja24.pl\/wp-content\/uploads\/2022\/05\/20220517_policja5-300x225.jpg 300w, https:\/\/moja24.pl\/wp-content\/uploads\/2022\/05\/20220517_policja5-768x576.jpg 768w, https:\/\/moja24.pl\/wp-content\/uploads\/2022\/05\/20220517_policja5-80x60.jpg 80w, https:\/\/moja24.pl\/wp-content\/uploads\/2022\/05\/20220517_policja5-265x198.jpg 265w, https:\/\/moja24.pl\/wp-content\/uploads\/2022\/05\/20220517_policja5-696x522.jpg 696w, https:\/\/moja24.pl\/wp-content\/uploads\/2022\/05\/20220517_policja5-1068x801.jpg 1068w, https:\/\/moja24.pl\/wp-content\/uploads\/2022\/05\/20220517_policja5-560x420.jpg 560w, https:\/\/moja24.pl\/wp-content\/uploads\/2022\/05\/20220517_policja5-400x300.jpg 400w\" sizes=\"auto, (max-width: 1200px) 100vw, 1200px\" \/><figcaption id=\"caption-attachment-24105\" class=\"wp-caption-text\">fot. KPP \u017bary<\/figcaption><\/figure>\n<figure id=\"attachment_24109\" aria-describedby=\"caption-attachment-24109\" style=\"width: 1200px\" class=\"wp-caption aligncenter\"><img loading=\"lazy\" decoding=\"async\" class=\"size-full wp-image-24109\" src=\"https:\/\/moja24.pl\/wp-content\/uploads\/2022\/05\/20220517_policja4.jpg\" alt=\"\" width=\"1200\" height=\"900\" srcset=\"https:\/\/moja24.pl\/wp-content\/uploads\/2022\/05\/20220517_policja4.jpg 1200w, https:\/\/moja24.pl\/wp-content\/uploads\/2022\/05\/20220517_policja4-300x225.jpg 300w, https:\/\/moja24.pl\/wp-content\/uploads\/2022\/05\/20220517_policja4-768x576.jpg 768w, https:\/\/moja24.pl\/wp-content\/uploads\/2022\/05\/20220517_policja4-80x60.jpg 80w, https:\/\/moja24.pl\/wp-content\/uploads\/2022\/05\/20220517_policja4-265x198.jpg 265w, https:\/\/moja24.pl\/wp-content\/uploads\/2022\/05\/20220517_policja4-696x522.jpg 696w, https:\/\/moja24.pl\/wp-content\/uploads\/2022\/05\/20220517_policja4-1068x801.jpg 1068w, https:\/\/moja24.pl\/wp-content\/uploads\/2022\/05\/20220517_policja4-560x420.jpg 560w, https:\/\/moja24.pl\/wp-content\/uploads\/2022\/05\/20220517_policja4-400x300.jpg 400w\" sizes=\"auto, (max-width: 1200px) 100vw, 1200px\" \/><figcaption id=\"caption-attachment-24109\" class=\"wp-caption-text\">fot. KPP \u017bary<\/figcaption><\/figure>\n<figure id=\"attachment_24108\" aria-describedby=\"caption-attachment-24108\" style=\"width: 1200px\" class=\"wp-caption aligncenter\"><img loading=\"lazy\" decoding=\"async\" class=\"size-full wp-image-24108\" src=\"https:\/\/moja24.pl\/wp-content\/uploads\/2022\/05\/20220517_policja3.jpg\" alt=\"\" width=\"1200\" height=\"900\" srcset=\"https:\/\/moja24.pl\/wp-content\/uploads\/2022\/05\/20220517_policja3.jpg 1200w, https:\/\/moja24.pl\/wp-content\/uploads\/2022\/05\/20220517_policja3-300x225.jpg 300w, https:\/\/moja24.pl\/wp-content\/uploads\/2022\/05\/20220517_policja3-768x576.jpg 768w, https:\/\/moja24.pl\/wp-content\/uploads\/2022\/05\/20220517_policja3-80x60.jpg 80w, https:\/\/moja24.pl\/wp-content\/uploads\/2022\/05\/20220517_policja3-265x198.jpg 265w, https:\/\/moja24.pl\/wp-content\/uploads\/2022\/05\/20220517_policja3-696x522.jpg 696w, https:\/\/moja24.pl\/wp-content\/uploads\/2022\/05\/20220517_policja3-1068x801.jpg 1068w, https:\/\/moja24.pl\/wp-content\/uploads\/2022\/05\/20220517_policja3-560x420.jpg 560w, https:\/\/moja24.pl\/wp-content\/uploads\/2022\/05\/20220517_policja3-400x300.jpg 400w\" sizes=\"auto, (max-width: 1200px) 100vw, 1200px\" \/><figcaption id=\"caption-attachment-24108\" class=\"wp-caption-text\">fot. KPP \u017bary<\/figcaption><\/figure>\n<p style=\"text-align: right;\"><strong><span style=\"color: #999999;\">kom. Aneta Berestecka<\/span><\/strong><\/p>\n","protected":false},"excerpt":{"rendered":"<p>\u017bARY | W wyniku intensywnych dzia\u0142a\u0144 policjant\u00f3w kryminalnych z \u017carskiej komendy, zatrzymany zosta\u0142 38-letni m\u0119\u017cczyzna. W jego mieszkaniu funkcjonariusze zabezpieczyli znaczn\u0105 ilo\u015b\u0107 \u015brodk\u00f3w odurzaj\u0105cych oraz psychotropowych. To skuteczne dzia\u0142anie w zwalczaniu przest\u0119pczo\u015bci narkotykowej. Policjanci prowadz\u0105 \u015bledztwo w tej sprawie pod nadzorem \u017carskiej Prokuratury. W minionym tygodniu kryminalni z \u017carskiej komendy przeprowadzili skuteczn\u0105 realizacj\u0119 poprzedzon\u0105 intensywn\u0105 [&hellip;]<\/p>\n","protected":false},"author":4,"featured_media":24106,"comment_status":"closed","ping_status":"closed","sticky":false,"template":"","format":"standard","meta":{"_monsterinsights_skip_tracking":false,"_monsterinsights_sitenote_active":false,"_monsterinsights_sitenote_note":"","_monsterinsights_sitenote_category":0,"footnotes":""},"categories":[20,28,21],"tags":[473,109,513,1119,66],"class_list":["post-24110","post","type-post","status-publish","format-standard","has-post-thumbnail","hentry","category-informacje","category-wiadomosci","category-wypadki-przypadki","tag-komenda-powiatowa-policji-w-zarach","tag-moja-gazeta","tag-narkotyki","tag-policja","tag-zary"],"_links":{"self":[{"href":"https:\/\/moja24.pl\/index.php\/wp-json\/wp\/v2\/posts\/24110","targetHints":{"allow":["GET"]}}],"collection":[{"href":"https:\/\/moja24.pl\/index.php\/wp-json\/wp\/v2\/posts"}],"about":[{"href":"https:\/\/moja24.pl\/index.php\/wp-json\/wp\/v2\/types\/post"}],"author":[{"embeddable":true,"href":"https:\/\/moja24.pl\/index.php\/wp-json\/wp\/v2\/users\/4"}],"replies":[{"embeddable":true,"href":"https:\/\/moja24.pl\/index.php\/wp-json\/wp\/v2\/comments?post=24110"}],"version-history":[{"count":1,"href":"https:\/\/moja24.pl\/index.php\/wp-json\/wp\/v2\/posts\/24110\/revisions"}],"predecessor-version":[{"id":24111,"href":"https:\/\/moja24.pl\/index.php\/wp-json\/wp\/v2\/posts\/24110\/revisions\/24111"}],"wp:featuredmedia":[{"embeddable":true,"href":"https:\/\/moja24.pl\/index.php\/wp-json\/wp\/v2\/media\/24106"}],"wp:attachment":[{"href":"https:\/\/moja24.pl\/index.php\/wp-json\/wp\/v2\/media?parent=24110"}],"wp:term":[{"taxonomy":"category","embeddable":true,"href":"https:\/\/moja24.pl\/index.php\/wp-json\/wp\/v2\/categories?post=24110"},{"taxonomy":"post_tag","embeddable":true,"href":"https:\/\/moja24.pl\/index.php\/wp-json\/wp\/v2\/tags?post=24110"}],"curies":[{"name":"wp","href":"https:\/\/api.w.org\/{rel}","templated":true}]}}