{"id":24124,"date":"2022-05-19T21:03:27","date_gmt":"2022-05-19T19:03:27","guid":{"rendered":"https:\/\/moja24.pl\/?p=24124"},"modified":"2022-05-19T21:03:27","modified_gmt":"2022-05-19T19:03:27","slug":"zaranie-mistrzami-wojewodztwa","status":"publish","type":"post","link":"https:\/\/moja24.pl\/index.php\/2022\/05\/19\/zaranie-mistrzami-wojewodztwa\/","title":{"rendered":"\u017baranie mistrzami wojew\u00f3dztwa!"},"content":{"rendered":"<p><strong><span style=\"color: #ff0000;\">LEKKOATLETYKA<\/span> | 17 maja w S\u0142ubicach podczas Festiwalu Sztafet reprezentacja Zespo\u0142u Szk\u00f3\u0142 Ekonomicznych w \u017barach zdoby\u0142a z\u0142oto na dystansie 4&#215;400 metr\u00f3w.<\/strong><\/p>\n<p>W finale Lubuskiej Olimpiady M\u0142odzie\u017cy dru\u017cyna z \u017bar nie by\u0142a faworytem, tym wi\u0119ksze jednak zaskoczenie rywali i rado\u015b\u0107 ze zwyci\u0119stwa. Mistrzowie Wojew\u00f3dztwa Lubuskiego to: Dawid Ardeli, Kacper Mysiorek, Szymon Wi\u015bniewski, Hubert Pankowski i Fryderyk Stopak.<br \/>\n&#8211; Jestem z nich bardzo dumny &#8211; m\u00f3wi trener Tomasz G\u00f3rski. &#8211; Po cichu liczy\u0142em tylko na br\u0105zowy medal, a tu taka niespodzianka. Tym bardziej, \u017ce pojechali\u015bmy os\u0142abieniu, bez dw\u00f3ch zawodnik\u00f3w trenuj\u0105cych biegi w Agrosie. Mam nadziej\u0119, \u017ce uda si\u0119 znale\u017a\u0107 \u015brodki, aby pojecha\u0107 na Mistrzostwa Polski, o ile si\u0119 odb\u0119d\u0105.<\/p>\n<figure id=\"attachment_24122\" aria-describedby=\"caption-attachment-24122\" style=\"width: 2048px\" class=\"wp-caption aligncenter\"><img loading=\"lazy\" decoding=\"async\" class=\"size-full wp-image-24122\" src=\"https:\/\/moja24.pl\/wp-content\/uploads\/2022\/05\/20220519_tg1.jpg\" alt=\"\" width=\"2048\" height=\"1365\" srcset=\"https:\/\/moja24.pl\/wp-content\/uploads\/2022\/05\/20220519_tg1.jpg 2048w, https:\/\/moja24.pl\/wp-content\/uploads\/2022\/05\/20220519_tg1-300x200.jpg 300w, https:\/\/moja24.pl\/wp-content\/uploads\/2022\/05\/20220519_tg1-768x512.jpg 768w, https:\/\/moja24.pl\/wp-content\/uploads\/2022\/05\/20220519_tg1-1536x1024.jpg 1536w, https:\/\/moja24.pl\/wp-content\/uploads\/2022\/05\/20220519_tg1-696x464.jpg 696w, https:\/\/moja24.pl\/wp-content\/uploads\/2022\/05\/20220519_tg1-1068x712.jpg 1068w, https:\/\/moja24.pl\/wp-content\/uploads\/2022\/05\/20220519_tg1-630x420.jpg 630w, https:\/\/moja24.pl\/wp-content\/uploads\/2022\/05\/20220519_tg1-450x300.jpg 450w\" sizes=\"auto, (max-width: 2048px) 100vw, 2048px\" \/><figcaption id=\"caption-attachment-24122\" class=\"wp-caption-text\">fot. Tomasz G\u00f3rski<\/figcaption><\/figure>\n<figure id=\"attachment_24123\" aria-describedby=\"caption-attachment-24123\" style=\"width: 1365px\" class=\"wp-caption aligncenter\"><img loading=\"lazy\" decoding=\"async\" class=\"size-full wp-image-24123\" src=\"https:\/\/moja24.pl\/wp-content\/uploads\/2022\/05\/20220519_tg2.jpg\" alt=\"\" width=\"1365\" height=\"1230\" srcset=\"https:\/\/moja24.pl\/wp-content\/uploads\/2022\/05\/20220519_tg2.jpg 1365w, https:\/\/moja24.pl\/wp-content\/uploads\/2022\/05\/20220519_tg2-300x270.jpg 300w, https:\/\/moja24.pl\/wp-content\/uploads\/2022\/05\/20220519_tg2-768x692.jpg 768w, https:\/\/moja24.pl\/wp-content\/uploads\/2022\/05\/20220519_tg2-696x627.jpg 696w, https:\/\/moja24.pl\/wp-content\/uploads\/2022\/05\/20220519_tg2-1068x962.jpg 1068w, https:\/\/moja24.pl\/wp-content\/uploads\/2022\/05\/20220519_tg2-466x420.jpg 466w, https:\/\/moja24.pl\/wp-content\/uploads\/2022\/05\/20220519_tg2-333x300.jpg 333w\" sizes=\"auto, (max-width: 1365px) 100vw, 1365px\" \/><figcaption id=\"caption-attachment-24123\" class=\"wp-caption-text\">fot. Tomasz G\u00f3rski<\/figcaption><\/figure>\n<p style=\"text-align: right;\"><span style=\"color: #999999;\"><strong>ATB<\/strong><\/span><\/p>\n","protected":false},"excerpt":{"rendered":"<p>LEKKOATLETYKA | 17 maja w S\u0142ubicach podczas Festiwalu Sztafet reprezentacja Zespo\u0142u Szk\u00f3\u0142 Ekonomicznych w \u017barach zdoby\u0142a z\u0142oto na dystansie 4&#215;400 metr\u00f3w. W finale Lubuskiej Olimpiady M\u0142odzie\u017cy dru\u017cyna z \u017bar nie by\u0142a faworytem, tym wi\u0119ksze jednak zaskoczenie rywali i rado\u015b\u0107 ze zwyci\u0119stwa. Mistrzowie Wojew\u00f3dztwa Lubuskiego to: Dawid Ardeli, Kacper Mysiorek, Szymon Wi\u015bniewski, Hubert Pankowski i Fryderyk [&hellip;]<\/p>\n","protected":false},"author":4,"featured_media":24121,"comment_status":"closed","ping_status":"closed","sticky":false,"template":"","format":"standard","meta":{"_monsterinsights_skip_tracking":false,"_monsterinsights_sitenote_active":false,"_monsterinsights_sitenote_note":"","_monsterinsights_sitenote_category":0,"footnotes":""},"categories":[22,20,23,28],"tags":[2881,1065,109,1064,2880,66,2879],"class_list":["post-24124","post","type-post","status-publish","format-standard","has-post-thumbnail","hentry","category-edukacja","category-informacje","category-sport","category-wiadomosci","tag-festiwal-sztafet","tag-lekkoatletyka","tag-moja-gazeta","tag-sport","tag-sztafeta","tag-zary","tag-zespol-szkol-ekonomicznych"],"_links":{"self":[{"href":"https:\/\/moja24.pl\/index.php\/wp-json\/wp\/v2\/posts\/24124","targetHints":{"allow":["GET"]}}],"collection":[{"href":"https:\/\/moja24.pl\/index.php\/wp-json\/wp\/v2\/posts"}],"about":[{"href":"https:\/\/moja24.pl\/index.php\/wp-json\/wp\/v2\/types\/post"}],"author":[{"embeddable":true,"href":"https:\/\/moja24.pl\/index.php\/wp-json\/wp\/v2\/users\/4"}],"replies":[{"embeddable":true,"href":"https:\/\/moja24.pl\/index.php\/wp-json\/wp\/v2\/comments?post=24124"}],"version-history":[{"count":1,"href":"https:\/\/moja24.pl\/index.php\/wp-json\/wp\/v2\/posts\/24124\/revisions"}],"predecessor-version":[{"id":24125,"href":"https:\/\/moja24.pl\/index.php\/wp-json\/wp\/v2\/posts\/24124\/revisions\/24125"}],"wp:featuredmedia":[{"embeddable":true,"href":"https:\/\/moja24.pl\/index.php\/wp-json\/wp\/v2\/media\/24121"}],"wp:attachment":[{"href":"https:\/\/moja24.pl\/index.php\/wp-json\/wp\/v2\/media?parent=24124"}],"wp:term":[{"taxonomy":"category","embeddable":true,"href":"https:\/\/moja24.pl\/index.php\/wp-json\/wp\/v2\/categories?post=24124"},{"taxonomy":"post_tag","embeddable":true,"href":"https:\/\/moja24.pl\/index.php\/wp-json\/wp\/v2\/tags?post=24124"}],"curies":[{"name":"wp","href":"https:\/\/api.w.org\/{rel}","templated":true}]}}