{"id":24177,"date":"2022-06-02T11:14:31","date_gmt":"2022-06-02T09:14:31","guid":{"rendered":"https:\/\/moja24.pl\/?p=24177"},"modified":"2022-06-02T11:14:31","modified_gmt":"2022-06-02T09:14:31","slug":"policjanci-zatrzymali-w-zarach-nietrzezwego-kierowce","status":"publish","type":"post","link":"https:\/\/moja24.pl\/index.php\/2022\/06\/02\/policjanci-zatrzymali-w-zarach-nietrzezwego-kierowce\/","title":{"rendered":"Policjanci zatrzymali w \u017barach nietrze\u017awego kierowc\u0119"},"content":{"rendered":"<p><strong><span style=\"color: #ff0000;\">\u017bARY<\/span> | \u017barscy policjanci, posterunkowy Justyna Prud\u0142o i dzielnicowy starszy sier\u017cant Kamil Dusze\u0144ko, udowodnili, \u017ce policjantem jest si\u0119 ca\u0142y czas. B\u0119d\u0105c po s\u0142u\u017cbie zauwa\u017cyli kierowc\u0119, kt\u00f3rego zachowanie mog\u0142o wskazywa\u0107, \u017ce znajduje si\u0119 pod wp\u0142ywem alkoholu. M\u0119\u017cczyzna wysiad\u0142 z auta i chwiejnym krokiem uda\u0142 si\u0119 do sklepu, wr\u00f3ci\u0142 i ponownie wsiad\u0142 do auta, chc\u0105c odjecha\u0107 &#8211; dalsz\u0105 jazd\u0119 uniemo\u017cliwili mu jednak funkcjonariusze. Okaza\u0142o si\u0119, \u017ce mia\u0142 blisko dwa promile alkoholu w organizmie.<\/strong><\/p>\n<p>Policjanci z \u017carskiej komendy wielokrotnie potwierdzali zasad\u0119, \u017ce policjantem si\u0119 jest, a nie bywa. Nie wa\u017cne, czy s\u0105 w s\u0142u\u017cbie, czy przed s\u0142u\u017cb\u0105 lub w czasie wolnym, podejmuj\u0105 dzia\u0142anie, kiedy tylko zagro\u017cone jest \u017cycie ludzkie lub kto\u015b swoim zachowaniem mo\u017ce by\u0107 zagro\u017ceniem dla innych. Nie inaczej by\u0142o we wtorek, 31 maja, kiedy posterunkowa Justyna Prud\u0142o i dzielnicowy starszy sier\u017cant Kamil Dusze\u0144ko po zako\u0144czonej s\u0142u\u017cbie na jednej z ulic w \u017barach podj\u0119li czynno\u015bci wobec nietrze\u017awego kierowcy.<br \/>\nPolicjantka zauwa\u017cy\u0142a m\u0119\u017cczyzn\u0119, kt\u00f3rego zachowanie wskazywa\u0142o, \u017ce mo\u017ce on znajdowa\u0107 si\u0119 pod wp\u0142ywem alkoholu b\u0105d\u017a mie\u0107 problemy ze zdrowiem. Przyjecha\u0142 samochodem osobowym skoda i zaparkowa\u0142 w pobli\u017cu sklepu. Wysiad\u0142 z pojazdu i chwiejnym krokiem uda\u0142 si\u0119 na zakupy, po kr\u00f3tkiej chwili wr\u00f3ci\u0142 do pojazdu. Funkcjonariusze natychmiast podeszli do niego, \u017ceby sprawdzi\u0107 jego stan psychofizyczny. M\u0119\u017cczyzna siedzia\u0142 ju\u017c w poje\u017adzie, zapytali go wi\u0119c, czy dobrze si\u0119 czuje i nie potrzebuje pomocy. Kiedy jednak kierowca skody odezwa\u0142 si\u0119, wyczuli od niego siln\u0105 wo\u0144 alkoholu. W tej sytuacji natychmiast nakazali mu zaprzesta\u0107 dalszej jazdy, on jednak nie reagowa\u0142 i ruszy\u0142 do przodu chc\u0105c odjecha\u0107. Dzielnicowy starszy sier\u017cant Kamil Dusze\u0144ko w ostatniej chwili zgasi\u0142 silnik i wyj\u0105\u0142 kluczyki ze stacyjki udaremniaj\u0105c dalsz\u0105 jazd\u0119. Policjanci na miejsce wezwali patrol, kt\u00f3ry sprawdzi\u0142 stan trze\u017awo\u015bci nieodpowiedzialnego kierowcy. Okaza\u0142o si\u0119, \u017ce mia\u0142 on blisko dwa promile alkoholu w organizmie, pojazd nie posiada\u0142 wa\u017cnych bada\u0144 technicznych oraz ubezpieczenia. Za kierowanie w stanie nietrze\u017awo\u015bci 62-latkowi grozi wysoka kara grzywny, zakaz prowadzenia pojazd\u00f3w mechanicznych i kara do dw\u00f3ch lat pozbawienia wolno\u015bci.<br \/>\nNietrze\u017awi za kierownic\u0105 stanowi\u0105 bardzo du\u017ce zagro\u017cenie dla innych uczestnik\u00f3w ruchu drogowego, dlatego takie szybkie i zdecydowane dzia\u0142ania s\u0105 bardzo wa\u017cne, kiedy w gr\u0119 wchodzi bezpiecze\u0144stwo na drodze.<\/p>\n<p style=\"text-align: right;\"><span style=\"color: #999999;\"><strong>kom. Aneta Berestecka<\/strong><\/span><\/p>\n","protected":false},"excerpt":{"rendered":"<p>\u017bARY | \u017barscy policjanci, posterunkowy Justyna Prud\u0142o i dzielnicowy starszy sier\u017cant Kamil Dusze\u0144ko, udowodnili, \u017ce policjantem jest si\u0119 ca\u0142y czas. B\u0119d\u0105c po s\u0142u\u017cbie zauwa\u017cyli kierowc\u0119, kt\u00f3rego zachowanie mog\u0142o wskazywa\u0107, \u017ce znajduje si\u0119 pod wp\u0142ywem alkoholu. M\u0119\u017cczyzna wysiad\u0142 z auta i chwiejnym krokiem uda\u0142 si\u0119 do sklepu, wr\u00f3ci\u0142 i ponownie wsiad\u0142 do auta, chc\u0105c odjecha\u0107 &#8211; [&hellip;]<\/p>\n","protected":false},"author":4,"featured_media":24176,"comment_status":"closed","ping_status":"closed","sticky":false,"template":"","format":"standard","meta":{"_monsterinsights_skip_tracking":false,"_monsterinsights_sitenote_active":false,"_monsterinsights_sitenote_note":"","_monsterinsights_sitenote_category":0,"footnotes":""},"categories":[20,28,21],"tags":[473,109,1915,1119,66],"class_list":{"0":"post-24177","1":"post","2":"type-post","3":"status-publish","4":"format-standard","5":"has-post-thumbnail","6":"hentry","7":"category-informacje","8":"category-wiadomosci","9":"category-wypadki-przypadki","10":"tag-komenda-powiatowa-policji-w-zarach","11":"tag-moja-gazeta","13":"tag-policja","14":"tag-zary"},"_links":{"self":[{"href":"https:\/\/moja24.pl\/index.php\/wp-json\/wp\/v2\/posts\/24177","targetHints":{"allow":["GET"]}}],"collection":[{"href":"https:\/\/moja24.pl\/index.php\/wp-json\/wp\/v2\/posts"}],"about":[{"href":"https:\/\/moja24.pl\/index.php\/wp-json\/wp\/v2\/types\/post"}],"author":[{"embeddable":true,"href":"https:\/\/moja24.pl\/index.php\/wp-json\/wp\/v2\/users\/4"}],"replies":[{"embeddable":true,"href":"https:\/\/moja24.pl\/index.php\/wp-json\/wp\/v2\/comments?post=24177"}],"version-history":[{"count":1,"href":"https:\/\/moja24.pl\/index.php\/wp-json\/wp\/v2\/posts\/24177\/revisions"}],"predecessor-version":[{"id":24178,"href":"https:\/\/moja24.pl\/index.php\/wp-json\/wp\/v2\/posts\/24177\/revisions\/24178"}],"wp:featuredmedia":[{"embeddable":true,"href":"https:\/\/moja24.pl\/index.php\/wp-json\/wp\/v2\/media\/24176"}],"wp:attachment":[{"href":"https:\/\/moja24.pl\/index.php\/wp-json\/wp\/v2\/media?parent=24177"}],"wp:term":[{"taxonomy":"category","embeddable":true,"href":"https:\/\/moja24.pl\/index.php\/wp-json\/wp\/v2\/categories?post=24177"},{"taxonomy":"post_tag","embeddable":true,"href":"https:\/\/moja24.pl\/index.php\/wp-json\/wp\/v2\/tags?post=24177"}],"curies":[{"name":"wp","href":"https:\/\/api.w.org\/{rel}","templated":true}]}}