{"id":24195,"date":"2022-06-07T10:56:47","date_gmt":"2022-06-07T08:56:47","guid":{"rendered":"https:\/\/moja24.pl\/?p=24195"},"modified":"2022-06-07T10:56:47","modified_gmt":"2022-06-07T08:56:47","slug":"nauka-plywania-dla-dzieci-w-zarach-trwaja-zapisy","status":"publish","type":"post","link":"https:\/\/moja24.pl\/index.php\/2022\/06\/07\/nauka-plywania-dla-dzieci-w-zarach-trwaja-zapisy\/","title":{"rendered":"Nauka p\u0142ywania dla dzieci w \u017barach. Trwaj\u0105 zapisy"},"content":{"rendered":"<p><strong><span style=\"color: #ff0000;\">\u017bARY<\/span> | Miasto og\u0142osi\u0142o nab\u00f3r uczestnik\u00f3w do projektu nauki p\u0142ywania w zwi\u0105zku z realizacj\u0105 projektu pn.: \u201e\u017bary Umiej\u0105 P\u0142ywa\u0107\u201d w ramach programu powszechnej nauki p\u0142ywania \u201eUmiem p\u0142ywa\u0107\u201d dofinansowanego ze \u015brodk\u00f3w Ministerstwa Sportu i Turystyki.<\/strong><\/p>\n<p>Projekt \u201eUmiem p\u0142ywa\u0107\u201d skierowany jest do dzieci z terenu \u017bar z klas I-III. Realizowany b\u0119dzie przez do\u015bwiadczonych i wykwalifikowanych instruktor\u00f3w od wrze\u015bnia do listopada 2022 roku na P\u0142ywalni Wodnik.<br \/>\nWe\u017amie w nim udzia\u0142 45 dzieci, 3 grupy 15-osobowe. Ka\u017cda z grup musi wypracowa\u0107 20 godzin zaj\u0119\u0107 (2 godziny x 10 tygodni). Od 30 maja do 12 czerwca 2022 r. nale\u017cy z\u0142o\u017cy\u0107 w zamkni\u0119tej kopercie wype\u0142niony i podpisany Wniosek udzia\u0142u w projekcie \u201e\u017bary Umiej\u0105 p\u0142ywa\u0107\u201d w 2022 roku w biurze podawczym Urz\u0119du Miejskiego w \u017barach. Nale\u017cy wype\u0142ni\u0107 wszystkie pola wniosku oraz podpisa\u0107 wszystkie o\u015bwiadczenia w nim zawarte. Oferty mo\u017cna r\u00f3wnie\u017c sk\u0142ada\u0107 poczt\u0105 elektroniczn\u0105 na adres: konkurs@um.zary.pl, w tytule wiadomo\u015bci, wpisuj\u0105c \u201eWniosek o udzia\u0142 w projekcie nauki p\u0142ywania\u201d z dopiskiem imienia i nazwiska uczestnika. Terminarz zaj\u0119\u0107 oraz lista os\u00f3b zakwalifikowanych zostanie opublikowana na stronie www.zary.pl.<\/p>\n<p><a href=\"https:\/\/view.officeapps.live.com\/op\/view.aspx?src=https%3A%2F%2Fwww.zary.pl%2Fsystem%2Fobj%2F23614_Zalaczniki_-_rekrutacja_do_projektu_Umiem_plywac_Zary_2022.docx&amp;wdOrigin=BROWSELINK\" target=\"_blank\" rel=\"noopener\">WZ\u00d3R WNIOSKU<\/a><\/p>\n<p style=\"text-align: right;\"><strong><span style=\"color: #999999;\">ATB<\/span><\/strong><\/p>\n","protected":false},"excerpt":{"rendered":"<p>\u017bARY | Miasto og\u0142osi\u0142o nab\u00f3r uczestnik\u00f3w do projektu nauki p\u0142ywania w zwi\u0105zku z realizacj\u0105 projektu pn.: \u201e\u017bary Umiej\u0105 P\u0142ywa\u0107\u201d w ramach programu powszechnej nauki p\u0142ywania \u201eUmiem p\u0142ywa\u0107\u201d dofinansowanego ze \u015brodk\u00f3w Ministerstwa Sportu i Turystyki. Projekt \u201eUmiem p\u0142ywa\u0107\u201d skierowany jest do dzieci z terenu \u017bar z klas I-III. Realizowany b\u0119dzie przez do\u015bwiadczonych i wykwalifikowanych instruktor\u00f3w od [&hellip;]<\/p>\n","protected":false},"author":4,"featured_media":24194,"comment_status":"closed","ping_status":"closed","sticky":false,"template":"","format":"standard","meta":{"_monsterinsights_skip_tracking":false,"_monsterinsights_sitenote_active":false,"_monsterinsights_sitenote_note":"","_monsterinsights_sitenote_category":0,"footnotes":""},"categories":[22,20,2384,28],"tags":[109,2889,1158,66],"class_list":["post-24195","post","type-post","status-publish","format-standard","has-post-thumbnail","hentry","category-edukacja","category-informacje","category-ogloszenia","category-wiadomosci","tag-moja-gazeta","tag-nauka-plywania","tag-wodnik","tag-zary"],"_links":{"self":[{"href":"https:\/\/moja24.pl\/index.php\/wp-json\/wp\/v2\/posts\/24195","targetHints":{"allow":["GET"]}}],"collection":[{"href":"https:\/\/moja24.pl\/index.php\/wp-json\/wp\/v2\/posts"}],"about":[{"href":"https:\/\/moja24.pl\/index.php\/wp-json\/wp\/v2\/types\/post"}],"author":[{"embeddable":true,"href":"https:\/\/moja24.pl\/index.php\/wp-json\/wp\/v2\/users\/4"}],"replies":[{"embeddable":true,"href":"https:\/\/moja24.pl\/index.php\/wp-json\/wp\/v2\/comments?post=24195"}],"version-history":[{"count":1,"href":"https:\/\/moja24.pl\/index.php\/wp-json\/wp\/v2\/posts\/24195\/revisions"}],"predecessor-version":[{"id":24196,"href":"https:\/\/moja24.pl\/index.php\/wp-json\/wp\/v2\/posts\/24195\/revisions\/24196"}],"wp:featuredmedia":[{"embeddable":true,"href":"https:\/\/moja24.pl\/index.php\/wp-json\/wp\/v2\/media\/24194"}],"wp:attachment":[{"href":"https:\/\/moja24.pl\/index.php\/wp-json\/wp\/v2\/media?parent=24195"}],"wp:term":[{"taxonomy":"category","embeddable":true,"href":"https:\/\/moja24.pl\/index.php\/wp-json\/wp\/v2\/categories?post=24195"},{"taxonomy":"post_tag","embeddable":true,"href":"https:\/\/moja24.pl\/index.php\/wp-json\/wp\/v2\/tags?post=24195"}],"curies":[{"name":"wp","href":"https:\/\/api.w.org\/{rel}","templated":true}]}}