{"id":24292,"date":"2022-07-15T09:22:42","date_gmt":"2022-07-15T07:22:42","guid":{"rendered":"https:\/\/moja24.pl\/?p=24292"},"modified":"2022-07-15T09:22:42","modified_gmt":"2022-07-15T07:22:42","slug":"teraz-widac-wyraznie-ze-do-zar-przyjezdzaja-turysci-kamper-park-byl-strzalem-w-dziesiatke","status":"publish","type":"post","link":"https:\/\/moja24.pl\/index.php\/2022\/07\/15\/teraz-widac-wyraznie-ze-do-zar-przyjezdzaja-turysci-kamper-park-byl-strzalem-w-dziesiatke\/","title":{"rendered":"Teraz wida\u0107 wyra\u017anie, \u017ce do \u017bar przyje\u017cd\u017caj\u0105 tury\u015bci. Kamper Park by\u0142 strza\u0142em w dziesi\u0105tk\u0119"},"content":{"rendered":"<p><strong><span style=\"color: #ff0000;\">\u017bARY<\/span> | W tym roku do \u017bar na Syren\u0119 przyjecha\u0142o ju\u017c 40 kamper\u00f3w. Ile b\u0119dzie do ko\u0144ca sezonu? Zobaczymy. To i tak wi\u0119cej, ni\u017c zak\u0142adano przed realizacj\u0105 tego projektu.<\/strong><\/p>\n<p>S\u0142ysza\u0142o si\u0119 r\u00f3\u017cne g\u0142osy krytyczne. Kilka, czy kilkana\u015bcie mo\u017ce narzeka\u0142o od samego pocz\u0105tku. Po co to w og\u00f3le robi\u0107? Szkoda kasy. Do \u017bar i tak nikt nie przyjedzie. I co si\u0119 okaza\u0142o? Przyje\u017cd\u017caj\u0105, nawet nie tylko na jedn\u0105 noc. I ludzie s\u0105 zadowoleni. M\u00f3wi\u0105, \u017ce miasto wypi\u0119knia\u0142o przez lata, pami\u0119taj\u0105c je cho\u0107by z czas\u00f3w Przystanku Woodstock. Chwal\u0105 nowoczesno\u015b\u0107 infrastruktury na Syrenie. Chwal\u0105 po\u0142o\u017cony niedaleko kompleks rekreacyjny przy ul. \u0179r\u00f3dlanej. Przyjezdni m\u00f3wi\u0105, \u017ce do \u017bar warto przyjecha\u0107.<\/p>\n<figure id=\"attachment_24289\" aria-describedby=\"caption-attachment-24289\" style=\"width: 2560px\" class=\"wp-caption aligncenter\"><img loading=\"lazy\" decoding=\"async\" class=\"size-full wp-image-24289\" src=\"https:\/\/moja24.pl\/wp-content\/uploads\/2022\/07\/20220714_122606-scaled.jpg\" alt=\"\" width=\"2560\" height=\"1920\" srcset=\"https:\/\/moja24.pl\/wp-content\/uploads\/2022\/07\/20220714_122606-scaled.jpg 2560w, https:\/\/moja24.pl\/wp-content\/uploads\/2022\/07\/20220714_122606-300x225.jpg 300w, https:\/\/moja24.pl\/wp-content\/uploads\/2022\/07\/20220714_122606-768x576.jpg 768w, https:\/\/moja24.pl\/wp-content\/uploads\/2022\/07\/20220714_122606-1536x1152.jpg 1536w, https:\/\/moja24.pl\/wp-content\/uploads\/2022\/07\/20220714_122606-2048x1536.jpg 2048w, https:\/\/moja24.pl\/wp-content\/uploads\/2022\/07\/20220714_122606-80x60.jpg 80w, https:\/\/moja24.pl\/wp-content\/uploads\/2022\/07\/20220714_122606-265x198.jpg 265w, https:\/\/moja24.pl\/wp-content\/uploads\/2022\/07\/20220714_122606-696x522.jpg 696w, https:\/\/moja24.pl\/wp-content\/uploads\/2022\/07\/20220714_122606-1068x801.jpg 1068w, https:\/\/moja24.pl\/wp-content\/uploads\/2022\/07\/20220714_122606-560x420.jpg 560w, https:\/\/moja24.pl\/wp-content\/uploads\/2022\/07\/20220714_122606-400x300.jpg 400w\" sizes=\"auto, (max-width: 2560px) 100vw, 2560px\" \/><figcaption id=\"caption-attachment-24289\" class=\"wp-caption-text\">fot. Andrzej Buczy\u0144ski<\/figcaption><\/figure>\n<p><strong>Olaf Napi\u00f3rkowski, wiceburmistrz \u017bar<\/strong><br \/>\n<em>&#8211; Jak wida\u0107, pole kamperowe cieszy si\u0119 du\u017cym zainteresowaniem. Mamy prawie po\u0142ow\u0119 sezonu, a ju\u017c zawita\u0142o do nas 40 kamper\u00f3w w tym roku. Realizuj\u0105c ten projekt za\u0142o\u017cyli\u015bmy, \u017ce rocznie przyjedzie do \u017bar minimum 36 kamper\u00f3w. I ju\u017c przekroczyli\u015bmy wska\u017aniki, kt\u00f3re s\u0105 w ka\u017cdym projekcie dofinansowanym przez Uni\u0119 Europejsk\u0105. Ten projekt to nie tylko samo pole kamperowe. Obejmowa\u0142 on tak\u017ce wykonanie drogi dojazdowej, o\u015bwietlenia ledowego, doprowadzenie wody, jak r\u00f3wnie\u017c zainstalowanie monitoringu tego obiektu. Otrzymali\u015bmy na to ponad milion z\u0142otych przy jedynie ok. 200 tysi\u0105cach wk\u0142adu w\u0142asnego. Praktycznie wi\u0119c jest to du\u017ca, kompleksowa inwestycja wykonana tylko w ma\u0142ej cz\u0119\u015bci z miejskich pieni\u0119dzy. Wprawdzie to pole kamperowe by\u0142o nieu\u017cywane ponad rok, ale to ze wzgl\u0119du na pandemi\u0119. Warunki sanitarne, jakie musieliby\u015bmy wtedy spe\u0142ni\u0107, dosy\u0107 absurdalne, to na przyk\u0142ad po ka\u017cdym u\u017cyciu toalety pracownik musia\u0142by dezynfekowa\u0107 ca\u0142y obiekt. Nie mia\u0142o to najmniejszego sensu. Na pocz\u0105tku tego sezonu umie\u015bcili\u015bmy pole kamperowe na mapach Google, zrobili\u015bmy te\u017c promocj\u0119 poprzez czasopismo Polski Caravaning i to przynios\u0142o efekty. Pojawia\u0142y si\u0119 w \u017barach takie g\u0142osy, \u017ce tu przecie\u017c nikt nie przyjedzie. Niestety, okazuje si\u0119, \u017ce mamy tu specjalist\u00f3w od wszystkich rzeczy, kt\u00f3rzy pr\u00f3buj\u0105 wypowiada\u0107 si\u0119 na ka\u017cdy temat i wszystko krytykowa\u0107. Wcze\u015bniej ruchu tutaj nie by\u0142o, bo nikt o tym polu nie wiedzia\u0142. Teraz, jak wida\u0107, wszystko funkcjonuje bardzo dobrze. Podobne pole kamperowe powsta\u0142o w ramach tego samego projektu w Weisswasser i obydwa ciesz\u0105 si\u0119 sporym zainteresowaniem. \u017barskie pole mo\u017ce przyj\u0105\u0107 maksymalnie 6 kamper\u00f3w. Zdarzy\u0142o si\u0119 ju\u017c, \u017ce by\u0142y 4 na raz. Niekt\u00f3rzy tury\u015bci zostaj\u0105 na kilka nocleg\u00f3w. Jeste\u015bmy wi\u0119c dobr\u0105 baz\u0105 wypadow\u0105 do zwiedzania nie tylko naszego miasta, ale i okolic. I w ten spos\u00f3b osi\u0105gamy efekt najwa\u017cniejszy w turystyce &#8211; przetrzyma\u0107 turyst\u0119 jak najd\u0142u\u017cej w naszym mie\u015bcie &#8211; bo wtedy on nie tylko pozwiedza, ale zostawi te\u017c pieni\u0105dze u lokalnych przedsi\u0119biorc\u00f3w, w restauracjach, w sklepach. Cieszymy si\u0119, \u017ce ten obiekt powsta\u0142 i t\u0119tni \u017cyciem. Mamy tu w\u0142a\u015bnie go\u015bci w ramach 63. Og\u00f3lnopolskiego Wysokokwalifikowanego Rajdu Pieszego. Jest kilkadziesi\u0105t os\u00f3b, kt\u00f3re zwiedzaj\u0105 nasze miasto, to tury\u015bci z ca\u0142ej Polski. Po rozmowach z nimi wiemy, \u017ce s\u0105 zachwyceni \u017barami, otwarto\u015bci\u0105 tego miasta i tym, co tu zobaczyli.<\/em><\/p>\n<figure id=\"attachment_24288\" aria-describedby=\"caption-attachment-24288\" style=\"width: 2560px\" class=\"wp-caption aligncenter\"><img loading=\"lazy\" decoding=\"async\" class=\"size-full wp-image-24288\" src=\"https:\/\/moja24.pl\/wp-content\/uploads\/2022\/07\/20220714_122601-scaled.jpg\" alt=\"\" width=\"2560\" height=\"1920\" srcset=\"https:\/\/moja24.pl\/wp-content\/uploads\/2022\/07\/20220714_122601-scaled.jpg 2560w, https:\/\/moja24.pl\/wp-content\/uploads\/2022\/07\/20220714_122601-300x225.jpg 300w, https:\/\/moja24.pl\/wp-content\/uploads\/2022\/07\/20220714_122601-768x576.jpg 768w, https:\/\/moja24.pl\/wp-content\/uploads\/2022\/07\/20220714_122601-1536x1152.jpg 1536w, https:\/\/moja24.pl\/wp-content\/uploads\/2022\/07\/20220714_122601-2048x1536.jpg 2048w, https:\/\/moja24.pl\/wp-content\/uploads\/2022\/07\/20220714_122601-80x60.jpg 80w, https:\/\/moja24.pl\/wp-content\/uploads\/2022\/07\/20220714_122601-265x198.jpg 265w, https:\/\/moja24.pl\/wp-content\/uploads\/2022\/07\/20220714_122601-696x522.jpg 696w, https:\/\/moja24.pl\/wp-content\/uploads\/2022\/07\/20220714_122601-1068x801.jpg 1068w, https:\/\/moja24.pl\/wp-content\/uploads\/2022\/07\/20220714_122601-560x420.jpg 560w, https:\/\/moja24.pl\/wp-content\/uploads\/2022\/07\/20220714_122601-400x300.jpg 400w\" sizes=\"auto, (max-width: 2560px) 100vw, 2560px\" \/><figcaption id=\"caption-attachment-24288\" class=\"wp-caption-text\">fot. Andrzej Buczy\u0144ski<\/figcaption><\/figure>\n<p>Cudze chwalicie, swego nie znacie? Co\u015b w tym jest. Dlaczego go\u015bcie z Gda\u0144ska czy z Poznania m\u00f3wi\u0105, \u017ce &#8222;Le\u015bna&#8221; jest fantastyczna? Bo widocznie im si\u0119 podoba. Pytanie, dlaczego niekt\u00f3rzy \u017caranie twierdz\u0105 na przyk\u0142ad, \u017ce basen przy ul. \u0179r\u00f3dlanej to &#8222;ka\u0142u\u017ca&#8221;, \u017ce kiedy\u015b by\u0142o lepiej? Nie by\u0142o lepiej. Komu potrzebna jest woda g\u0142\u0119boka na kilka metr\u00f3w? Nurkom? Czy nie lepiej mie\u0107 wod\u0119 podgrzewan\u0105 i czyst\u0105? Teraz taka jest. Lepiej te\u017c mie\u0107 nowoczesny, zagospodarowany obiekt rekreacyjny. Nie do\u015b\u0107, \u017ce wstydu nie ma, to jeszcze mo\u017cna si\u0119 tym pochwali\u0107. Syrena i &#8222;Le\u015bna&#8221; bardzo dobrze si\u0119 uzupe\u0142niaj\u0105.<\/p>\n<p><strong>Jerzy Kudy\u0144ski, Honorowy Konsul Generalny Republiki Turcji w Poznaniu<\/strong>, tak ju\u017c w ubieg\u0142ym roku m\u00f3wi\u0142 o polu kamperowym podczas pobytu w \u017barach:<br \/>\n<em>&#8211; Miejsce to jest idealne pod ka\u017cdym wzgl\u0119dem. Jest tu tak, jakby sobie ka\u017cdy kamperowiec wyobra\u017ca\u0142 post\u00f3j. Teren \u015bwietnie przygotowany technicznie, \u015bwietnie utrzymany i dobrze po\u0142o\u017cony. Marzenie. Ma\u0142o jest takich miejsc. Je\u017celi kto\u015b mia\u0142by sobie to zaplanowa\u0107, to nie zrobi\u0142by tego tak dobrze, jak to jest zrobione tu. Wzorcowo, a nawet punkt wy\u017cej. Wszystko jest dobrze przemy\u015blane i rozplanowane. To nie jest du\u017ce miejsce, ale jest zrzut do brudnej wody, jest uj\u0119cie wody, pob\u00f3r pr\u0105du &#8211; tych gniazdek jest na tyle du\u017co, \u017ce i telefon mo\u017cna pod\u0142\u0105czy\u0107, czy co\u015b sobie upichci\u0107. Pi\u0119kna i bardzo solidna wiata z \u0142awkami. Bez zarzutu. Jest to \u015bwietnie wykonane, tu nie ma fuszerki. Budzi to uznanie. Na pewno b\u0119d\u0119 to propagowa\u0142, bo takie miejsca, jak w \u017barach, s\u0105 cenione. Takimi informacjami wymieniamy si\u0119 na forum kamperowym. Pomys\u0142odawcom gratuluj\u0119, bo jest to absolutny hit.<\/em><\/p>\n<p>Nic doda\u0107, nic uj\u0105\u0107.<\/p>\n<figure id=\"attachment_24291\" aria-describedby=\"caption-attachment-24291\" style=\"width: 2560px\" class=\"wp-caption aligncenter\"><img loading=\"lazy\" decoding=\"async\" class=\"size-full wp-image-24291\" src=\"https:\/\/moja24.pl\/wp-content\/uploads\/2022\/07\/20220714_122652-scaled.jpg\" alt=\"\" width=\"2560\" height=\"1920\" srcset=\"https:\/\/moja24.pl\/wp-content\/uploads\/2022\/07\/20220714_122652-scaled.jpg 2560w, https:\/\/moja24.pl\/wp-content\/uploads\/2022\/07\/20220714_122652-300x225.jpg 300w, https:\/\/moja24.pl\/wp-content\/uploads\/2022\/07\/20220714_122652-768x576.jpg 768w, https:\/\/moja24.pl\/wp-content\/uploads\/2022\/07\/20220714_122652-1536x1152.jpg 1536w, https:\/\/moja24.pl\/wp-content\/uploads\/2022\/07\/20220714_122652-2048x1536.jpg 2048w, https:\/\/moja24.pl\/wp-content\/uploads\/2022\/07\/20220714_122652-80x60.jpg 80w, https:\/\/moja24.pl\/wp-content\/uploads\/2022\/07\/20220714_122652-265x198.jpg 265w, https:\/\/moja24.pl\/wp-content\/uploads\/2022\/07\/20220714_122652-696x522.jpg 696w, https:\/\/moja24.pl\/wp-content\/uploads\/2022\/07\/20220714_122652-1068x801.jpg 1068w, https:\/\/moja24.pl\/wp-content\/uploads\/2022\/07\/20220714_122652-560x420.jpg 560w, https:\/\/moja24.pl\/wp-content\/uploads\/2022\/07\/20220714_122652-400x300.jpg 400w\" sizes=\"auto, (max-width: 2560px) 100vw, 2560px\" \/><figcaption id=\"caption-attachment-24291\" class=\"wp-caption-text\">fot. Andrzej Buczy\u0144ski<\/figcaption><\/figure>\n<figure id=\"attachment_24287\" aria-describedby=\"caption-attachment-24287\" style=\"width: 2560px\" class=\"wp-caption aligncenter\"><img loading=\"lazy\" decoding=\"async\" class=\"size-full wp-image-24287\" src=\"https:\/\/moja24.pl\/wp-content\/uploads\/2022\/07\/20220714_122545-scaled.jpg\" alt=\"\" width=\"2560\" height=\"1920\" srcset=\"https:\/\/moja24.pl\/wp-content\/uploads\/2022\/07\/20220714_122545-scaled.jpg 2560w, https:\/\/moja24.pl\/wp-content\/uploads\/2022\/07\/20220714_122545-300x225.jpg 300w, https:\/\/moja24.pl\/wp-content\/uploads\/2022\/07\/20220714_122545-768x576.jpg 768w, https:\/\/moja24.pl\/wp-content\/uploads\/2022\/07\/20220714_122545-1536x1152.jpg 1536w, https:\/\/moja24.pl\/wp-content\/uploads\/2022\/07\/20220714_122545-2048x1536.jpg 2048w, https:\/\/moja24.pl\/wp-content\/uploads\/2022\/07\/20220714_122545-80x60.jpg 80w, https:\/\/moja24.pl\/wp-content\/uploads\/2022\/07\/20220714_122545-265x198.jpg 265w, https:\/\/moja24.pl\/wp-content\/uploads\/2022\/07\/20220714_122545-696x522.jpg 696w, https:\/\/moja24.pl\/wp-content\/uploads\/2022\/07\/20220714_122545-1068x801.jpg 1068w, https:\/\/moja24.pl\/wp-content\/uploads\/2022\/07\/20220714_122545-560x420.jpg 560w, https:\/\/moja24.pl\/wp-content\/uploads\/2022\/07\/20220714_122545-400x300.jpg 400w\" sizes=\"auto, (max-width: 2560px) 100vw, 2560px\" \/><figcaption id=\"caption-attachment-24287\" class=\"wp-caption-text\">fot. Andrzej Buczy\u0144ski<\/figcaption><\/figure>\n<figure id=\"attachment_24285\" aria-describedby=\"caption-attachment-24285\" style=\"width: 2560px\" class=\"wp-caption aligncenter\"><img loading=\"lazy\" decoding=\"async\" class=\"size-full wp-image-24285\" src=\"https:\/\/moja24.pl\/wp-content\/uploads\/2022\/07\/20220714_120026-scaled.jpg\" alt=\"\" width=\"2560\" height=\"1920\" srcset=\"https:\/\/moja24.pl\/wp-content\/uploads\/2022\/07\/20220714_120026-scaled.jpg 2560w, https:\/\/moja24.pl\/wp-content\/uploads\/2022\/07\/20220714_120026-300x225.jpg 300w, https:\/\/moja24.pl\/wp-content\/uploads\/2022\/07\/20220714_120026-768x576.jpg 768w, https:\/\/moja24.pl\/wp-content\/uploads\/2022\/07\/20220714_120026-1536x1152.jpg 1536w, https:\/\/moja24.pl\/wp-content\/uploads\/2022\/07\/20220714_120026-2048x1536.jpg 2048w, https:\/\/moja24.pl\/wp-content\/uploads\/2022\/07\/20220714_120026-80x60.jpg 80w, https:\/\/moja24.pl\/wp-content\/uploads\/2022\/07\/20220714_120026-265x198.jpg 265w, https:\/\/moja24.pl\/wp-content\/uploads\/2022\/07\/20220714_120026-696x522.jpg 696w, https:\/\/moja24.pl\/wp-content\/uploads\/2022\/07\/20220714_120026-1068x801.jpg 1068w, https:\/\/moja24.pl\/wp-content\/uploads\/2022\/07\/20220714_120026-560x420.jpg 560w, https:\/\/moja24.pl\/wp-content\/uploads\/2022\/07\/20220714_120026-400x300.jpg 400w\" sizes=\"auto, (max-width: 2560px) 100vw, 2560px\" \/><figcaption id=\"caption-attachment-24285\" class=\"wp-caption-text\">fot. Andrzej Buczy\u0144ski<\/figcaption><\/figure>\n<figure id=\"attachment_24283\" aria-describedby=\"caption-attachment-24283\" style=\"width: 2560px\" class=\"wp-caption aligncenter\"><img loading=\"lazy\" decoding=\"async\" class=\"size-full wp-image-24283\" src=\"https:\/\/moja24.pl\/wp-content\/uploads\/2022\/07\/20220714_122743-scaled.jpg\" alt=\"\" width=\"2560\" height=\"1920\" srcset=\"https:\/\/moja24.pl\/wp-content\/uploads\/2022\/07\/20220714_122743-scaled.jpg 2560w, https:\/\/moja24.pl\/wp-content\/uploads\/2022\/07\/20220714_122743-300x225.jpg 300w, https:\/\/moja24.pl\/wp-content\/uploads\/2022\/07\/20220714_122743-768x576.jpg 768w, https:\/\/moja24.pl\/wp-content\/uploads\/2022\/07\/20220714_122743-1536x1152.jpg 1536w, https:\/\/moja24.pl\/wp-content\/uploads\/2022\/07\/20220714_122743-2048x1536.jpg 2048w, https:\/\/moja24.pl\/wp-content\/uploads\/2022\/07\/20220714_122743-80x60.jpg 80w, https:\/\/moja24.pl\/wp-content\/uploads\/2022\/07\/20220714_122743-265x198.jpg 265w, https:\/\/moja24.pl\/wp-content\/uploads\/2022\/07\/20220714_122743-696x522.jpg 696w, https:\/\/moja24.pl\/wp-content\/uploads\/2022\/07\/20220714_122743-1068x801.jpg 1068w, https:\/\/moja24.pl\/wp-content\/uploads\/2022\/07\/20220714_122743-560x420.jpg 560w, https:\/\/moja24.pl\/wp-content\/uploads\/2022\/07\/20220714_122743-400x300.jpg 400w\" sizes=\"auto, (max-width: 2560px) 100vw, 2560px\" \/><figcaption id=\"caption-attachment-24283\" class=\"wp-caption-text\">fot. Andrzej Buczy\u0144ski<\/figcaption><\/figure>\n<figure id=\"attachment_24284\" aria-describedby=\"caption-attachment-24284\" style=\"width: 2560px\" class=\"wp-caption aligncenter\"><img loading=\"lazy\" decoding=\"async\" class=\"size-full wp-image-24284\" src=\"https:\/\/moja24.pl\/wp-content\/uploads\/2022\/07\/20220714_120010-scaled.jpg\" alt=\"\" width=\"2560\" height=\"1920\" srcset=\"https:\/\/moja24.pl\/wp-content\/uploads\/2022\/07\/20220714_120010-scaled.jpg 2560w, https:\/\/moja24.pl\/wp-content\/uploads\/2022\/07\/20220714_120010-300x225.jpg 300w, https:\/\/moja24.pl\/wp-content\/uploads\/2022\/07\/20220714_120010-768x576.jpg 768w, https:\/\/moja24.pl\/wp-content\/uploads\/2022\/07\/20220714_120010-1536x1152.jpg 1536w, https:\/\/moja24.pl\/wp-content\/uploads\/2022\/07\/20220714_120010-2048x1536.jpg 2048w, https:\/\/moja24.pl\/wp-content\/uploads\/2022\/07\/20220714_120010-80x60.jpg 80w, https:\/\/moja24.pl\/wp-content\/uploads\/2022\/07\/20220714_120010-265x198.jpg 265w, https:\/\/moja24.pl\/wp-content\/uploads\/2022\/07\/20220714_120010-696x522.jpg 696w, https:\/\/moja24.pl\/wp-content\/uploads\/2022\/07\/20220714_120010-1068x801.jpg 1068w, https:\/\/moja24.pl\/wp-content\/uploads\/2022\/07\/20220714_120010-560x420.jpg 560w, https:\/\/moja24.pl\/wp-content\/uploads\/2022\/07\/20220714_120010-400x300.jpg 400w\" sizes=\"auto, (max-width: 2560px) 100vw, 2560px\" \/><figcaption id=\"caption-attachment-24284\" class=\"wp-caption-text\">fot. Andrzej Buczy\u0144ski<\/figcaption><\/figure>\n<figure id=\"attachment_24286\" aria-describedby=\"caption-attachment-24286\" style=\"width: 2560px\" class=\"wp-caption aligncenter\"><img loading=\"lazy\" decoding=\"async\" class=\"size-full wp-image-24286\" src=\"https:\/\/moja24.pl\/wp-content\/uploads\/2022\/07\/20220714_122539-scaled.jpg\" alt=\"\" width=\"2560\" height=\"1920\" srcset=\"https:\/\/moja24.pl\/wp-content\/uploads\/2022\/07\/20220714_122539-scaled.jpg 2560w, https:\/\/moja24.pl\/wp-content\/uploads\/2022\/07\/20220714_122539-300x225.jpg 300w, https:\/\/moja24.pl\/wp-content\/uploads\/2022\/07\/20220714_122539-768x576.jpg 768w, https:\/\/moja24.pl\/wp-content\/uploads\/2022\/07\/20220714_122539-1536x1152.jpg 1536w, https:\/\/moja24.pl\/wp-content\/uploads\/2022\/07\/20220714_122539-2048x1536.jpg 2048w, https:\/\/moja24.pl\/wp-content\/uploads\/2022\/07\/20220714_122539-80x60.jpg 80w, https:\/\/moja24.pl\/wp-content\/uploads\/2022\/07\/20220714_122539-265x198.jpg 265w, https:\/\/moja24.pl\/wp-content\/uploads\/2022\/07\/20220714_122539-696x522.jpg 696w, https:\/\/moja24.pl\/wp-content\/uploads\/2022\/07\/20220714_122539-1068x801.jpg 1068w, https:\/\/moja24.pl\/wp-content\/uploads\/2022\/07\/20220714_122539-560x420.jpg 560w, https:\/\/moja24.pl\/wp-content\/uploads\/2022\/07\/20220714_122539-400x300.jpg 400w\" sizes=\"auto, (max-width: 2560px) 100vw, 2560px\" \/><figcaption id=\"caption-attachment-24286\" class=\"wp-caption-text\">fot. Andrzej Buczy\u0144ski<\/figcaption><\/figure>\n<p style=\"text-align: right;\"><span style=\"color: #999999;\"><strong>Andrzej Buczy\u0144ski<\/strong><\/span><\/p>\n","protected":false},"excerpt":{"rendered":"<p>\u017bARY | W tym roku do \u017bar na Syren\u0119 przyjecha\u0142o ju\u017c 40 kamper\u00f3w. Ile b\u0119dzie do ko\u0144ca sezonu? Zobaczymy. To i tak wi\u0119cej, ni\u017c zak\u0142adano przed realizacj\u0105 tego projektu. S\u0142ysza\u0142o si\u0119 r\u00f3\u017cne g\u0142osy krytyczne. Kilka, czy kilkana\u015bcie mo\u017ce narzeka\u0142o od samego pocz\u0105tku. Po co to w og\u00f3le robi\u0107? Szkoda kasy. Do \u017bar i tak nikt [&hellip;]<\/p>\n","protected":false},"author":4,"featured_media":24290,"comment_status":"closed","ping_status":"closed","sticky":false,"template":"","format":"standard","meta":{"_monsterinsights_skip_tracking":false,"_monsterinsights_sitenote_active":false,"_monsterinsights_sitenote_note":"","_monsterinsights_sitenote_category":0,"footnotes":""},"categories":[20,24,28],"tags":[2893,109,87,2602,2892,66],"class_list":{"0":"post-24292","1":"post","2":"type-post","3":"status-publish","4":"format-standard","5":"has-post-thumbnail","6":"hentry","7":"category-informacje","8":"category-styl-zycia","9":"category-wiadomosci","10":"tag-kamper-park","11":"tag-moja-gazeta","12":"tag-olaf-napiorkowski","14":"tag-pole-namiotowe","15":"tag-zary"},"_links":{"self":[{"href":"https:\/\/moja24.pl\/index.php\/wp-json\/wp\/v2\/posts\/24292","targetHints":{"allow":["GET"]}}],"collection":[{"href":"https:\/\/moja24.pl\/index.php\/wp-json\/wp\/v2\/posts"}],"about":[{"href":"https:\/\/moja24.pl\/index.php\/wp-json\/wp\/v2\/types\/post"}],"author":[{"embeddable":true,"href":"https:\/\/moja24.pl\/index.php\/wp-json\/wp\/v2\/users\/4"}],"replies":[{"embeddable":true,"href":"https:\/\/moja24.pl\/index.php\/wp-json\/wp\/v2\/comments?post=24292"}],"version-history":[{"count":1,"href":"https:\/\/moja24.pl\/index.php\/wp-json\/wp\/v2\/posts\/24292\/revisions"}],"predecessor-version":[{"id":24293,"href":"https:\/\/moja24.pl\/index.php\/wp-json\/wp\/v2\/posts\/24292\/revisions\/24293"}],"wp:featuredmedia":[{"embeddable":true,"href":"https:\/\/moja24.pl\/index.php\/wp-json\/wp\/v2\/media\/24290"}],"wp:attachment":[{"href":"https:\/\/moja24.pl\/index.php\/wp-json\/wp\/v2\/media?parent=24292"}],"wp:term":[{"taxonomy":"category","embeddable":true,"href":"https:\/\/moja24.pl\/index.php\/wp-json\/wp\/v2\/categories?post=24292"},{"taxonomy":"post_tag","embeddable":true,"href":"https:\/\/moja24.pl\/index.php\/wp-json\/wp\/v2\/tags?post=24292"}],"curies":[{"name":"wp","href":"https:\/\/api.w.org\/{rel}","templated":true}]}}