{"id":24375,"date":"2022-08-23T20:54:13","date_gmt":"2022-08-23T18:54:13","guid":{"rendered":"https:\/\/moja24.pl\/?p=24375"},"modified":"2022-08-23T20:54:13","modified_gmt":"2022-08-23T18:54:13","slug":"mirostowice-gorne-rozbily-bank-2","status":"publish","type":"post","link":"https:\/\/moja24.pl\/index.php\/2022\/08\/23\/mirostowice-gorne-rozbily-bank-2\/","title":{"rendered":"Mirostowice G\u00f3rne rozbi\u0142y bank"},"content":{"rendered":"<p><strong><span style=\"color: #ff0000;\">GMINA \u017bARY<\/span> | 20 sierpnia w Z\u0142otniku zorganizowano gminne obchody \u015bwi\u0119ta plon\u00f3w. Bardzo wa\u017cnym elementem do\u017cynek s\u0105 konkursy, w tym na najpi\u0119kniejszy wieniec. W tym roku zar\u00f3wno w kategorii wie\u0144ca tradycyjnego, jak i wsp\u00f3\u0142czesnego, najlepsze prace konkursowe powsta\u0142y w Mirostowicach G\u00f3rnych.<\/strong><\/p>\n<p>Jury w sk\u0142adzie: Ewa Kusion, Anna Polak oraz Mariusz P\u0119kala oceni\u0142o 23 wie\u0144ce tradycyjne i wsp\u00f3\u0142czesne. Pod uwag\u0119 bra\u0142o kunszt, nak\u0142ad pracy, pomys\u0142owo\u015b\u0107, technik\u0119 wykonania. A oto efekty pracy juror\u00f3w.<br \/>\nW kategorii wieniec tradycyjny:<br \/>\nI miejsce &#8211; KGW Mirostowice G\u00f3rne &#8211; nagroda w wysoko\u015bci 1800 z\u0142<br \/>\nII miejsce &#8211; zesp\u00f3\u0142 \u015bpiewaczy \u201eSzyszynianki\u201d z Biedrzychowic Dolnych \u2013 nagroda 1500 z\u0142<br \/>\nIII miejsce &#8211; zesp\u00f3\u0142 \u015bpiewaczy \u201eKarolinki\u201d z Grabika \u2013 nagroda 1300 z\u0142<br \/>\nWyr\u00f3\u017cnienia (talon o warto\u015bci 1000 z\u0142):<br \/>\n&#8211; KGW Olbracht\u00f3w<br \/>\n&#8211; Zesp\u00f3\u0142 \u201eCzerwona Jarz\u0119bina\u201d Lubanic<br \/>\n&#8211; KGW Z\u0142otnik<br \/>\nW kategorii wieniec wsp\u00f3\u0142czesny:<br \/>\nI miejsce &#8211; zesp\u00f3\u0142 \u015bpiewaczy \u201eWeso\u0142a Gromada\u201d z Mirostowic G\u00f3rnych \u2013 nagroda 1800 z\u0142<br \/>\nII miejsce &#8211; zesp\u00f3\u0142 \u015bpiewaczy \u201eJutrzenka\u201d z Olbrachtowa \u2013 nagroda 1500 z\u0142<br \/>\nIII miejsce &#8211; KGW Grabik \u2013 nagroda 1300 z\u0142<br \/>\nWyr\u00f3\u017cnienie (talon o warto\u015bci 1000 z\u0142) &#8211; Danuta Lichwiarz.<br \/>\nPozostali uczestnicy otrzymali upominki pocieszenia w postaci talonu na kwot\u0119 500 z\u0142.<br \/>\nPrzy okazji przeprowadzono r\u00f3wnie\u017c powiatowy konkurs wie\u0144ca do\u017cynkowego. Autorki najwy\u017cej ocenionych prac w obydwu kategoriach otrzyma\u0142y nagrody w wysoko\u015bci po 1000 z\u0142. B\u0119d\u0105 te\u017c reprezentowa\u0107 swoj\u0105 gmin\u0119 i powiat \u017carski na do\u017cynkach wojew\u00f3dzkich.<\/p>\n<figure id=\"attachment_24369\" aria-describedby=\"caption-attachment-24369\" style=\"width: 640px\" class=\"wp-caption aligncenter\"><img loading=\"lazy\" decoding=\"async\" class=\"size-large wp-image-24369\" src=\"https:\/\/moja24.pl\/wp-content\/uploads\/2022\/08\/PEKO1523-2560x1707.jpg\" alt=\"\" width=\"640\" height=\"427\" srcset=\"https:\/\/moja24.pl\/wp-content\/uploads\/2022\/08\/PEKO1523-2560x1707.jpg 2560w, https:\/\/moja24.pl\/wp-content\/uploads\/2022\/08\/PEKO1523-300x200.jpg 300w, https:\/\/moja24.pl\/wp-content\/uploads\/2022\/08\/PEKO1523-768x512.jpg 768w, https:\/\/moja24.pl\/wp-content\/uploads\/2022\/08\/PEKO1523-1536x1024.jpg 1536w, https:\/\/moja24.pl\/wp-content\/uploads\/2022\/08\/PEKO1523-2048x1365.jpg 2048w, https:\/\/moja24.pl\/wp-content\/uploads\/2022\/08\/PEKO1523-696x464.jpg 696w, https:\/\/moja24.pl\/wp-content\/uploads\/2022\/08\/PEKO1523-1068x712.jpg 1068w, https:\/\/moja24.pl\/wp-content\/uploads\/2022\/08\/PEKO1523-630x420.jpg 630w, https:\/\/moja24.pl\/wp-content\/uploads\/2022\/08\/PEKO1523-450x300.jpg 450w, https:\/\/moja24.pl\/wp-content\/uploads\/2022\/08\/PEKO1523-310x207.jpg 310w, https:\/\/moja24.pl\/wp-content\/uploads\/2022\/08\/PEKO1523-150x100.jpg 150w\" sizes=\"auto, (max-width: 640px) 100vw, 640px\" \/><figcaption id=\"caption-attachment-24369\" class=\"wp-caption-text\">fot. Andrzej Buczy\u0144ski<\/figcaption><\/figure>\n<figure id=\"attachment_24370\" aria-describedby=\"caption-attachment-24370\" style=\"width: 640px\" class=\"wp-caption aligncenter\"><img loading=\"lazy\" decoding=\"async\" class=\"size-large wp-image-24370\" src=\"https:\/\/moja24.pl\/wp-content\/uploads\/2022\/08\/PEKO1538-2560x1707.jpg\" alt=\"\" width=\"640\" height=\"427\" srcset=\"https:\/\/moja24.pl\/wp-content\/uploads\/2022\/08\/PEKO1538-2560x1707.jpg 2560w, https:\/\/moja24.pl\/wp-content\/uploads\/2022\/08\/PEKO1538-300x200.jpg 300w, https:\/\/moja24.pl\/wp-content\/uploads\/2022\/08\/PEKO1538-768x512.jpg 768w, https:\/\/moja24.pl\/wp-content\/uploads\/2022\/08\/PEKO1538-1536x1024.jpg 1536w, https:\/\/moja24.pl\/wp-content\/uploads\/2022\/08\/PEKO1538-2048x1365.jpg 2048w, https:\/\/moja24.pl\/wp-content\/uploads\/2022\/08\/PEKO1538-696x464.jpg 696w, https:\/\/moja24.pl\/wp-content\/uploads\/2022\/08\/PEKO1538-1068x712.jpg 1068w, https:\/\/moja24.pl\/wp-content\/uploads\/2022\/08\/PEKO1538-630x420.jpg 630w, https:\/\/moja24.pl\/wp-content\/uploads\/2022\/08\/PEKO1538-450x300.jpg 450w, https:\/\/moja24.pl\/wp-content\/uploads\/2022\/08\/PEKO1538-310x207.jpg 310w, https:\/\/moja24.pl\/wp-content\/uploads\/2022\/08\/PEKO1538-150x100.jpg 150w\" sizes=\"auto, (max-width: 640px) 100vw, 640px\" \/><figcaption id=\"caption-attachment-24370\" class=\"wp-caption-text\">fot. Andrzej Buczy\u0144ski<\/figcaption><\/figure>\n<p><strong>Konkursy na najsmaczniejszy chleb i najlepsz\u0105 nalewk\u0119<\/strong> ocenia\u0142o jury w sk\u0142adzie: Barbara Litewka, Jadwiga Bryjak oraz Krzysztof Stefanowicz.<br \/>\nPo obejrzeniu i degustacji chleb\u00f3w komisja konkursowa nagrodzi\u0142a:<br \/>\nI miejsce &#8211; Teresa Chabiniak<br \/>\nII miejsce &#8211; Ma\u0142gorzata Husar<br \/>\nIII miejsce &#8211; Izabela Sienkiewicz<br \/>\nWyr\u00f3\u017cnienia:<br \/>\n&#8211; Regina Ostrowska<br \/>\n&#8211; Gra\u017cyna Ga\u0142andziej<br \/>\n&#8211; Jan Nowicki<br \/>\nW konkursie na najlepsz\u0105 nalewk\u0119 zostali nagrodzeni:<br \/>\nI miejsce &#8211; Gra\u017cyna Niemczyk<br \/>\nII miejsce &#8211; Urszula Go\u0142ek<br \/>\nIII miejsce &#8211; Irena Kantyka<br \/>\nWyr\u00f3\u017cnienia:<br \/>\n&#8211; Jan Nowicki<br \/>\n&#8211; Genowefa Jurec<br \/>\n&#8211; Genowefa Turza<br \/>\nWszyscy nagrodzeni w konkursie na najlepsz\u0105 nalewk\u0119 oraz na najsmaczniejszy chleb otrzymali nagrody rzeczowe, kt\u00f3re wr\u0119czy\u0142 W\u00f3jt Gminy \u017bary Leszek Mro\u017cek, a pozostali uczestnicy zostali obdarowani upominkami pocieszenia.<\/p>\n<p style=\"text-align: center;\"><iframe loading=\"lazy\" style=\"border: none; overflow: hidden;\" src=\"https:\/\/www.facebook.com\/plugins\/post.php?href=https%3A%2F%2Fwww.facebook.com%2Fmgazeta24%2Fposts%2Fpfbid0guiBqgBNA9ZAsReLMck9UDVvXHKmQXHPX1uPwAXM4ufansn2ycKqiVGuY7eaSKjtl&amp;show_text=true&amp;width=500\" width=\"500\" height=\"652\" frameborder=\"0\" scrolling=\"no\" allowfullscreen=\"allowfullscreen\"><\/iframe><\/p>\n<p style=\"text-align: right;\"><span style=\"color: #999999;\">ATB (\u017ar\u00f3d\u0142o UG \u017bary)<\/span><\/p>\n","protected":false},"excerpt":{"rendered":"<p>GMINA \u017bARY | 20 sierpnia w Z\u0142otniku zorganizowano gminne obchody \u015bwi\u0119ta plon\u00f3w. Bardzo wa\u017cnym elementem do\u017cynek s\u0105 konkursy, w tym na najpi\u0119kniejszy wieniec. W tym roku zar\u00f3wno w kategorii wie\u0144ca tradycyjnego, jak i wsp\u00f3\u0142czesnego, najlepsze prace konkursowe powsta\u0142y w Mirostowicach G\u00f3rnych. Jury w sk\u0142adzie: Ewa Kusion, Anna Polak oraz Mariusz P\u0119kala oceni\u0142o 23 wie\u0144ce tradycyjne [&hellip;]<\/p>\n","protected":false},"author":4,"featured_media":24371,"comment_status":"closed","ping_status":"closed","sticky":false,"template":"","format":"standard","meta":{"_monsterinsights_skip_tracking":false,"_monsterinsights_sitenote_active":false,"_monsterinsights_sitenote_note":"","_monsterinsights_sitenote_category":0,"footnotes":""},"categories":[20,25,28],"tags":[1482,269,1937,109,2635,2901,1239],"class_list":["post-24375","post","type-post","status-publish","format-standard","has-post-thumbnail","hentry","category-informacje","category-kultura-i-rozrywka","category-wiadomosci","tag-dozynki","tag-gmina-zary","tag-mirostowice-dolne","tag-moja-gazeta","tag-swieto-plonow","tag-wesola-gromada","tag-zlotnik"],"_links":{"self":[{"href":"https:\/\/moja24.pl\/index.php\/wp-json\/wp\/v2\/posts\/24375","targetHints":{"allow":["GET"]}}],"collection":[{"href":"https:\/\/moja24.pl\/index.php\/wp-json\/wp\/v2\/posts"}],"about":[{"href":"https:\/\/moja24.pl\/index.php\/wp-json\/wp\/v2\/types\/post"}],"author":[{"embeddable":true,"href":"https:\/\/moja24.pl\/index.php\/wp-json\/wp\/v2\/users\/4"}],"replies":[{"embeddable":true,"href":"https:\/\/moja24.pl\/index.php\/wp-json\/wp\/v2\/comments?post=24375"}],"version-history":[{"count":2,"href":"https:\/\/moja24.pl\/index.php\/wp-json\/wp\/v2\/posts\/24375\/revisions"}],"predecessor-version":[{"id":24377,"href":"https:\/\/moja24.pl\/index.php\/wp-json\/wp\/v2\/posts\/24375\/revisions\/24377"}],"wp:featuredmedia":[{"embeddable":true,"href":"https:\/\/moja24.pl\/index.php\/wp-json\/wp\/v2\/media\/24371"}],"wp:attachment":[{"href":"https:\/\/moja24.pl\/index.php\/wp-json\/wp\/v2\/media?parent=24375"}],"wp:term":[{"taxonomy":"category","embeddable":true,"href":"https:\/\/moja24.pl\/index.php\/wp-json\/wp\/v2\/categories?post=24375"},{"taxonomy":"post_tag","embeddable":true,"href":"https:\/\/moja24.pl\/index.php\/wp-json\/wp\/v2\/tags?post=24375"}],"curies":[{"name":"wp","href":"https:\/\/api.w.org\/{rel}","templated":true}]}}