{"id":24470,"date":"2022-10-18T23:27:28","date_gmt":"2022-10-18T21:27:28","guid":{"rendered":"https:\/\/moja24.pl\/?p=24470"},"modified":"2022-10-19T11:47:19","modified_gmt":"2022-10-19T09:47:19","slug":"24470","status":"publish","type":"post","link":"https:\/\/moja24.pl\/index.php\/2022\/10\/18\/24470\/","title":{"rendered":"Ekonomik wicemistrzem"},"content":{"rendered":"<p><strong><span style=\"color: #ff0000;\">SPORT SZKOLNY<\/span> | Wicemistrzostwo wojew\u00f3dztwa lubuskiego w sztafetowych biegach prze\u0142ajowych zdoby\u0142a reprezentacja Zespo\u0142u Szk\u00f3\u0142 Ekonomicznych z \u017bar.<\/strong><\/p>\n<p>&#8211; Na ostatniej zmianie byli\u015bmy jeszcze na 4. miejscu &#8211; relacjonuje trener Tomasz G\u00f3rski. &#8211; Przede wszystkim jest to ogromny sukces tych ch\u0142opak\u00f3w, bo kawa\u0142 dobrej roboty zrobili. Jestem z nich bardzo dumny.<br \/>\nW zawodach zorganizowanych w Babimo\u015bcie wzi\u0119\u0142o udzia\u0142 12 najlepszych reprezentacji\u00a0 lubuskich powiat\u00f3w. Nasza srebrna dru\u017cyna wyst\u0105pi\u0142a w sk\u0142adzie: Kamil Gierula, Dawid Rewaj, Kacper Mysiorek, Kuba Mysiorek, Hubert Pankowski, Krystian Wojciechowski i Hubert Czekalski.<\/p>\n<figure id=\"attachment_24466\" aria-describedby=\"caption-attachment-24466\" style=\"width: 2048px\" class=\"wp-caption aligncenter\"><img loading=\"lazy\" decoding=\"async\" class=\"size-full wp-image-24466\" src=\"https:\/\/moja24.pl\/wp-content\/uploads\/2022\/10\/20221018_ekonom1.jpg\" alt=\"\" width=\"2048\" height=\"1365\" srcset=\"https:\/\/moja24.pl\/wp-content\/uploads\/2022\/10\/20221018_ekonom1.jpg 2048w, https:\/\/moja24.pl\/wp-content\/uploads\/2022\/10\/20221018_ekonom1-300x200.jpg 300w, https:\/\/moja24.pl\/wp-content\/uploads\/2022\/10\/20221018_ekonom1-768x512.jpg 768w, https:\/\/moja24.pl\/wp-content\/uploads\/2022\/10\/20221018_ekonom1-1536x1024.jpg 1536w, https:\/\/moja24.pl\/wp-content\/uploads\/2022\/10\/20221018_ekonom1-696x464.jpg 696w, https:\/\/moja24.pl\/wp-content\/uploads\/2022\/10\/20221018_ekonom1-1068x712.jpg 1068w, https:\/\/moja24.pl\/wp-content\/uploads\/2022\/10\/20221018_ekonom1-630x420.jpg 630w, https:\/\/moja24.pl\/wp-content\/uploads\/2022\/10\/20221018_ekonom1-450x300.jpg 450w, https:\/\/moja24.pl\/wp-content\/uploads\/2022\/10\/20221018_ekonom1-310x207.jpg 310w, https:\/\/moja24.pl\/wp-content\/uploads\/2022\/10\/20221018_ekonom1-150x100.jpg 150w\" sizes=\"auto, (max-width: 2048px) 100vw, 2048px\" \/><figcaption id=\"caption-attachment-24466\" class=\"wp-caption-text\">fot. Tomasz G\u00f3rski<\/figcaption><\/figure>\n<p style=\"text-align: right;\"><span style=\"color: #999999;\">ATB<\/span><\/p>\n","protected":false},"excerpt":{"rendered":"<p>SPORT SZKOLNY | Wicemistrzostwo wojew\u00f3dztwa lubuskiego w sztafetowych biegach prze\u0142ajowych zdoby\u0142a reprezentacja Zespo\u0142u Szk\u00f3\u0142 Ekonomicznych z \u017bar. &#8211; Na ostatniej zmianie byli\u015bmy jeszcze na 4. miejscu &#8211; relacjonuje trener Tomasz G\u00f3rski. &#8211; Przede wszystkim jest to ogromny sukces tych ch\u0142opak\u00f3w, bo kawa\u0142 dobrej roboty zrobili. Jestem z nich bardzo dumny. W zawodach zorganizowanych w Babimo\u015bcie [&hellip;]<\/p>\n","protected":false},"author":4,"featured_media":24467,"comment_status":"closed","ping_status":"closed","sticky":false,"template":"","format":"standard","meta":{"_monsterinsights_skip_tracking":false,"_monsterinsights_sitenote_active":false,"_monsterinsights_sitenote_note":"","_monsterinsights_sitenote_category":0,"footnotes":""},"categories":[20,23,28],"tags":[2909,2914,2912,2910,2908,2913,2911,109,1064,2906,2907,66,2879],"class_list":["post-24470","post","type-post","status-publish","format-standard","has-post-thumbnail","hentry","category-informacje","category-sport","category-wiadomosci","tag-dawid-rewaj","tag-hubert-czekalski","tag-hubert-pankowski","tag-kacper-mysiorek","tag-kamil-gierula","tag-krystian-wojciechowski","tag-kuba-mysiorek","tag-moja-gazeta","tag-sport","tag-sztafetowe-biegi-przelajowe","tag-tomasz-gorski","tag-zary","tag-zespol-szkol-ekonomicznych"],"_links":{"self":[{"href":"https:\/\/moja24.pl\/index.php\/wp-json\/wp\/v2\/posts\/24470","targetHints":{"allow":["GET"]}}],"collection":[{"href":"https:\/\/moja24.pl\/index.php\/wp-json\/wp\/v2\/posts"}],"about":[{"href":"https:\/\/moja24.pl\/index.php\/wp-json\/wp\/v2\/types\/post"}],"author":[{"embeddable":true,"href":"https:\/\/moja24.pl\/index.php\/wp-json\/wp\/v2\/users\/4"}],"replies":[{"embeddable":true,"href":"https:\/\/moja24.pl\/index.php\/wp-json\/wp\/v2\/comments?post=24470"}],"version-history":[{"count":3,"href":"https:\/\/moja24.pl\/index.php\/wp-json\/wp\/v2\/posts\/24470\/revisions"}],"predecessor-version":[{"id":24473,"href":"https:\/\/moja24.pl\/index.php\/wp-json\/wp\/v2\/posts\/24470\/revisions\/24473"}],"wp:featuredmedia":[{"embeddable":true,"href":"https:\/\/moja24.pl\/index.php\/wp-json\/wp\/v2\/media\/24467"}],"wp:attachment":[{"href":"https:\/\/moja24.pl\/index.php\/wp-json\/wp\/v2\/media?parent=24470"}],"wp:term":[{"taxonomy":"category","embeddable":true,"href":"https:\/\/moja24.pl\/index.php\/wp-json\/wp\/v2\/categories?post=24470"},{"taxonomy":"post_tag","embeddable":true,"href":"https:\/\/moja24.pl\/index.php\/wp-json\/wp\/v2\/tags?post=24470"}],"curies":[{"name":"wp","href":"https:\/\/api.w.org\/{rel}","templated":true}]}}