{"id":24490,"date":"2022-10-22T09:55:22","date_gmt":"2022-10-22T07:55:22","guid":{"rendered":"https:\/\/moja24.pl\/?p=24490"},"modified":"2022-10-22T09:55:22","modified_gmt":"2022-10-22T07:55:22","slug":"kobieta-zabladzila-w-lesie-pomogl-jej-dzielnicowy","status":"publish","type":"post","link":"https:\/\/moja24.pl\/index.php\/2022\/10\/22\/kobieta-zabladzila-w-lesie-pomogl-jej-dzielnicowy\/","title":{"rendered":"Kobieta zab\u0142\u0105dzi\u0142a w lesie. Pom\u00f3g\u0142 jej dzielnicowy"},"content":{"rendered":"<p><strong><span style=\"color: #ff0000;\">POWIAT \u017bARSKI<\/span> | Kobieta, kt\u00f3ra wybra\u0142a si\u0119 na grzyby i straci\u0142a orientacj\u0119 w lesie, dzi\u0119ki bardzo dobrej znajomo\u015bci terenu przez dzielnicowego aspiranta sztabowego Mariusza \u017bukowskiego, mog\u0142a bezpiecznie wr\u00f3ci\u0107 do domu.<\/strong><\/p>\n<p>Po godzinie 17.00 do lubskiego komisariatu wp\u0142yn\u0119\u0142a informacja o kobiecie, kt\u00f3ra zab\u0142\u0105dzi\u0142a w lesie. Z przekazanej informacji wynika\u0142o, \u017ce zostawi\u0142a sw\u00f3j skuter przy drodze asfaltowej w lesie za miejscowo\u015bci\u0105 Jeziory Wysokie godzin\u0119 wcze\u015bniej. Kobieta nie mia\u0142a nic do picia ani jedzenia, a w lesie zrobi\u0142o si\u0119 ju\u017c ciemno. Informacj\u0119 wraz z danymi kobiety dy\u017curny przekaza\u0142 dzielnicowemu z Posterunku Policji w Brodach \u2013 aspirantowi sztabowemu<br \/>\nMariuszowi \u017bukowskiemu. Policjant bardzo dobrze zna ten teren i osoby zamieszkuj\u0105ce gmin\u0119 Brody. Natychmiast nawi\u0105za\u0142 kontakt telefoniczny z kobiet\u0105. Podczas rozmowy z ni\u0105 pyta\u0142 o szczeg\u00f3\u0142y terenu le\u015bnego. Dowiedzia\u0142 si\u0119, \u017ce zagubiona grzybiarka jest w pobli\u017cu ogrodzonego lasu li\u015bciastego. Uda\u0142 si\u0119 w wytypowany rejon, a nast\u0119pnie u\u017cywaj\u0105c sygna\u0142\u00f3w radiowozu naprowadzi\u0142 zagubion\u0105 do miejscowo\u015bci Marianka. Pom\u00f3g\u0142 r\u00f3wnie\u017c odnale\u017a\u0107 zaparkowany w lesie skuter.<br \/>\nKobieta nie potrzebowa\u0142a pomocy medycznej i w ci\u0105gu p\u00f3\u0142 godziny od zg\u0142oszenia szcz\u0119\u015bliwie mog\u0142a powr\u00f3ci\u0107 do domu. Bardzo dobra znajomo\u015b\u0107 terenu oraz dobry kontakt z osob\u0105, kt\u00f3ra potrzebuje pomocy ma niebagatelne znaczenie w prowadzonych poszukiwaniach. Ka\u017cdy mo\u017ce straci\u0107 orientacj\u0119 w lesie, kiedy nagle zrobi si\u0119 ciemno. Szybkie powiadomienie o zdarzeniu oraz fakt, \u017ce osoba kt\u00f3ra si\u0119 zgubi\u0142a posiada telefon, decyduje o szybkim sukcesie.<\/p>\n<p><span style=\"color: #ff0000;\"><strong>Zapami\u0119taj!<\/strong><\/span><br \/>\n&#8211; je\u017celi masz s\u0142ab\u0105 orientacje w terenie lub nie znasz lasu, nie wybieraj si\u0119 tam sam,<br \/>\n&#8211; nie oddalaj si\u0119 od os\u00f3b, z kt\u00f3rymi wybra\u0142e\u015b si\u0119 na grzyby, pozosta\u0144 z nimi w kontakcie wzrokowym,<br \/>\n&#8211; aby by\u0107 widoczny mo\u017cesz za\u0142o\u017cy\u0107 odzie\u017c w jaskrawych barwach lub z elementami odblaskowymi<br \/>\n&#8211; nie wybieraj si\u0119 do lasu po zmierzchu , informuj rodzin\u0119, kiedy zamierzasz wr\u00f3ci\u0107 i dok\u0105d si\u0119 udajesz,<br \/>\n&#8211; nie pozw\u00f3l, aby dzieci lub osoby starsze same wybra\u0142y si\u0119 do lasu<br \/>\n&#8211; zabierz ze sob\u0105 telefon kom\u00f3rkowy z na\u0142adowan\u0105 bateri\u0105<br \/>\nJe\u017celi my lub nasi bliscy zab\u0142\u0105dzili w lesie, natychmiast zaalarmujmy Policj\u0119! Liczy si\u0119 czas, po zmroku trudniej prowadzi\u0107 poszukiwania. Osoba, kt\u00f3ra zagubi\u0142a si\u0119 w lesie powinna stara\u0107 si\u0119 dotrze\u0107 do najbli\u017cszej drogi, to u\u0142atwi poszukiwania.<\/p>\n<p style=\"text-align: right;\"><span style=\"color: #999999;\"><strong>kom. Aneta Berestecka<\/strong><\/span><\/p>\n","protected":false},"excerpt":{"rendered":"<p>POWIAT \u017bARSKI | Kobieta, kt\u00f3ra wybra\u0142a si\u0119 na grzyby i straci\u0142a orientacj\u0119 w lesie, dzi\u0119ki bardzo dobrej znajomo\u015bci terenu przez dzielnicowego aspiranta sztabowego Mariusza \u017bukowskiego, mog\u0142a bezpiecznie wr\u00f3ci\u0107 do domu. Po godzinie 17.00 do lubskiego komisariatu wp\u0142yn\u0119\u0142a informacja o kobiecie, kt\u00f3ra zab\u0142\u0105dzi\u0142a w lesie. Z przekazanej informacji wynika\u0142o, \u017ce zostawi\u0142a sw\u00f3j skuter przy drodze asfaltowej [&hellip;]<\/p>\n","protected":false},"author":4,"featured_media":24488,"comment_status":"closed","ping_status":"closed","sticky":false,"template":"","format":"standard","meta":{"_monsterinsights_skip_tracking":false,"_monsterinsights_sitenote_active":false,"_monsterinsights_sitenote_note":"","_monsterinsights_sitenote_category":0,"footnotes":""},"categories":[20,28,21],"tags":[212,473,109,1119,32],"class_list":["post-24490","post","type-post","status-publish","format-standard","has-post-thumbnail","hentry","category-informacje","category-wiadomosci","category-wypadki-przypadki","tag-gmina-brody","tag-komenda-powiatowa-policji-w-zarach","tag-moja-gazeta","tag-policja","tag-powiat-zarski"],"_links":{"self":[{"href":"https:\/\/moja24.pl\/index.php\/wp-json\/wp\/v2\/posts\/24490","targetHints":{"allow":["GET"]}}],"collection":[{"href":"https:\/\/moja24.pl\/index.php\/wp-json\/wp\/v2\/posts"}],"about":[{"href":"https:\/\/moja24.pl\/index.php\/wp-json\/wp\/v2\/types\/post"}],"author":[{"embeddable":true,"href":"https:\/\/moja24.pl\/index.php\/wp-json\/wp\/v2\/users\/4"}],"replies":[{"embeddable":true,"href":"https:\/\/moja24.pl\/index.php\/wp-json\/wp\/v2\/comments?post=24490"}],"version-history":[{"count":2,"href":"https:\/\/moja24.pl\/index.php\/wp-json\/wp\/v2\/posts\/24490\/revisions"}],"predecessor-version":[{"id":24492,"href":"https:\/\/moja24.pl\/index.php\/wp-json\/wp\/v2\/posts\/24490\/revisions\/24492"}],"wp:featuredmedia":[{"embeddable":true,"href":"https:\/\/moja24.pl\/index.php\/wp-json\/wp\/v2\/media\/24488"}],"wp:attachment":[{"href":"https:\/\/moja24.pl\/index.php\/wp-json\/wp\/v2\/media?parent=24490"}],"wp:term":[{"taxonomy":"category","embeddable":true,"href":"https:\/\/moja24.pl\/index.php\/wp-json\/wp\/v2\/categories?post=24490"},{"taxonomy":"post_tag","embeddable":true,"href":"https:\/\/moja24.pl\/index.php\/wp-json\/wp\/v2\/tags?post=24490"}],"curies":[{"name":"wp","href":"https:\/\/api.w.org\/{rel}","templated":true}]}}