{"id":24558,"date":"2022-12-10T19:15:01","date_gmt":"2022-12-10T18:15:01","guid":{"rendered":"https:\/\/moja24.pl\/?p=24558"},"modified":"2022-12-11T19:24:11","modified_gmt":"2022-12-11T18:24:11","slug":"powietrze-w-zarach-zaproszenie-dla-mieszkancow","status":"publish","type":"post","link":"https:\/\/moja24.pl\/index.php\/2022\/12\/10\/powietrze-w-zarach-zaproszenie-dla-mieszkancow\/","title":{"rendered":"Powietrze w \u017barach. Zaproszenie dla mieszka\u0144c\u00f3w"},"content":{"rendered":"<p><strong><span style=\"color: #ff0000;\">\u017bARY<\/span> | 13 grudnia 2022 r. o godz. 15.00 w folwarku zamkowym przy ul. Folwarcznej 3 odb\u0119dzie si\u0119 spotkanie organizowane dla mieszka\u0144c\u00f3w \u017bar, kt\u00f3rego tematem b\u0119dzie &#8222;Innowacyjny system monitorowania i analizy jako\u015bci powietrza w mie\u015bcie \u017bary&#8221;.<\/strong><\/p>\n<p><img loading=\"lazy\" decoding=\"async\" class=\"aligncenter size-full wp-image-24556\" src=\"https:\/\/moja24.pl\/wp-content\/uploads\/2022\/12\/spotkanie_13122022_2.jpg\" alt=\"\" width=\"1587\" height=\"2245\" srcset=\"https:\/\/moja24.pl\/wp-content\/uploads\/2022\/12\/spotkanie_13122022_2.jpg 1587w, https:\/\/moja24.pl\/wp-content\/uploads\/2022\/12\/spotkanie_13122022_2-212x300.jpg 212w, https:\/\/moja24.pl\/wp-content\/uploads\/2022\/12\/spotkanie_13122022_2-1207x1707.jpg 1207w, https:\/\/moja24.pl\/wp-content\/uploads\/2022\/12\/spotkanie_13122022_2-768x1086.jpg 768w, https:\/\/moja24.pl\/wp-content\/uploads\/2022\/12\/spotkanie_13122022_2-1086x1536.jpg 1086w, https:\/\/moja24.pl\/wp-content\/uploads\/2022\/12\/spotkanie_13122022_2-1448x2048.jpg 1448w, https:\/\/moja24.pl\/wp-content\/uploads\/2022\/12\/spotkanie_13122022_2-696x985.jpg 696w, https:\/\/moja24.pl\/wp-content\/uploads\/2022\/12\/spotkanie_13122022_2-1068x1511.jpg 1068w, https:\/\/moja24.pl\/wp-content\/uploads\/2022\/12\/spotkanie_13122022_2-297x420.jpg 297w, https:\/\/moja24.pl\/wp-content\/uploads\/2022\/12\/spotkanie_13122022_2-219x310.jpg 219w, https:\/\/moja24.pl\/wp-content\/uploads\/2022\/12\/spotkanie_13122022_2-74x105.jpg 74w\" sizes=\"auto, (max-width: 1587px) 100vw, 1587px\" \/><\/p>\n<p style=\"text-align: right;\"><span style=\"color: #999999;\">OG\u0141OSZENIE<\/span><\/p>\n","protected":false},"excerpt":{"rendered":"<p>\u017bARY | 13 grudnia 2022 r. o godz. 15.00 w folwarku zamkowym przy ul. Folwarcznej 3 odb\u0119dzie si\u0119 spotkanie organizowane dla mieszka\u0144c\u00f3w \u017bar, kt\u00f3rego tematem b\u0119dzie &#8222;Innowacyjny system monitorowania i analizy jako\u015bci powietrza w mie\u015bcie \u017bary&#8221;. OG\u0141OSZENIE<\/p>\n","protected":false},"author":4,"featured_media":24557,"comment_status":"closed","ping_status":"closed","sticky":false,"template":"","format":"standard","meta":{"_monsterinsights_skip_tracking":false,"_monsterinsights_sitenote_active":false,"_monsterinsights_sitenote_note":"","_monsterinsights_sitenote_category":0,"footnotes":""},"categories":[20,2384,28],"tags":[2921,109,2920,1259,66],"class_list":["post-24558","post","type-post","status-publish","format-standard","has-post-thumbnail","hentry","category-informacje","category-ogloszenia","category-wiadomosci","tag-jakosc-powietrza","tag-moja-gazeta","tag-monitoring-powietrza","tag-powietrze","tag-zary"],"_links":{"self":[{"href":"https:\/\/moja24.pl\/index.php\/wp-json\/wp\/v2\/posts\/24558","targetHints":{"allow":["GET"]}}],"collection":[{"href":"https:\/\/moja24.pl\/index.php\/wp-json\/wp\/v2\/posts"}],"about":[{"href":"https:\/\/moja24.pl\/index.php\/wp-json\/wp\/v2\/types\/post"}],"author":[{"embeddable":true,"href":"https:\/\/moja24.pl\/index.php\/wp-json\/wp\/v2\/users\/4"}],"replies":[{"embeddable":true,"href":"https:\/\/moja24.pl\/index.php\/wp-json\/wp\/v2\/comments?post=24558"}],"version-history":[{"count":1,"href":"https:\/\/moja24.pl\/index.php\/wp-json\/wp\/v2\/posts\/24558\/revisions"}],"predecessor-version":[{"id":24559,"href":"https:\/\/moja24.pl\/index.php\/wp-json\/wp\/v2\/posts\/24558\/revisions\/24559"}],"wp:featuredmedia":[{"embeddable":true,"href":"https:\/\/moja24.pl\/index.php\/wp-json\/wp\/v2\/media\/24557"}],"wp:attachment":[{"href":"https:\/\/moja24.pl\/index.php\/wp-json\/wp\/v2\/media?parent=24558"}],"wp:term":[{"taxonomy":"category","embeddable":true,"href":"https:\/\/moja24.pl\/index.php\/wp-json\/wp\/v2\/categories?post=24558"},{"taxonomy":"post_tag","embeddable":true,"href":"https:\/\/moja24.pl\/index.php\/wp-json\/wp\/v2\/tags?post=24558"}],"curies":[{"name":"wp","href":"https:\/\/api.w.org\/{rel}","templated":true}]}}