{"id":24565,"date":"2022-12-20T15:24:01","date_gmt":"2022-12-20T14:24:01","guid":{"rendered":"https:\/\/moja24.pl\/?p=24565"},"modified":"2022-12-20T15:24:01","modified_gmt":"2022-12-20T14:24:01","slug":"zary-beda-mialy-jedyny-taki-monitoring-w-polsce","status":"publish","type":"post","link":"https:\/\/moja24.pl\/index.php\/2022\/12\/20\/zary-beda-mialy-jedyny-taki-monitoring-w-polsce\/","title":{"rendered":"\u017bary b\u0119d\u0105 mia\u0142y jedyny taki monitoring w Polsce"},"content":{"rendered":"<p><strong><span style=\"color: #ff0000;\">\u017bARY<\/span> | Nie b\u0119dzie ju\u017c w\u0105tpliwo\u015bci, co do jako\u015bci powietrza w \u017barach. I to w ka\u017cdym punkcie na mapie miasta. Powstaje w\u0142a\u015bnie kompleksowe rozwi\u0105zanie, jakiego nie ma jeszcze \u017cadne miasto w Polsce. Wdro\u017cenie systemu kosztowa\u0107 b\u0119dzie 2,4 miliona z\u0142otych.<\/strong><\/p>\n<p><span style=\"font-weight: 400;\">Projekt pod nazw\u0105 \u201cInnowacyjny system monitorowania i analizy jako\u015bci powietrza w mie\u015bcie \u017bary\u201d realizowany jest przez naukowc\u00f3w z Uniwersytetu Zielonog\u00f3rskiego oraz firm\u0119 Integrale IT z Poznania. Prace nad stworzeniem tego wyj\u0105tkowego monitoringu maj\u0105 si\u0119 zako\u0144czy\u0107 w pierwszym kwartale 2024 roku.<\/span><\/p>\n<p><span style=\"font-weight: 400;\">System pozwoli na szczeg\u00f3\u0142ow\u0105 analiz\u0119 jako\u015bci powietrza w spos\u00f3b profesjonalny, w oparciu o podstawy naukowe i sprz\u0119t pomiarowy najwy\u017cszej jako\u015bci. Ma obj\u0105\u0107 swoim zasi\u0119giem ca\u0142y teren miasta do kilometra poza jego granice administracyjne. Funkcjonuj\u0105ca obecnie stacja pomiarowa przy ul. Szymanowskiego bada jako\u015b\u0107 powietrza w miejscu, w kt\u00f3rym jest zlokalizowana. Wiadomo jednak, \u017ce w tym samym czasie oddycha\u0107 si\u0119 mo\u017ce zupe\u0142nie inaczej na osiedlu muzyk\u00f3w, na Zatorzu, czy w dawnych Kunicach. Dlatego te\u017c w ramach realizowanego projektu na terenie miasta postawionych zostanie a\u017c 14 stacji pomiarowych. Jeszcze nie wiadomo, w jakich konkretnie miejscach. To b\u0119dzie wynika\u0142o z przeprowadzonej inwentaryzacji \u017ar\u00f3de\u0142 emisji zanieczyszcze\u0144 w mie\u015bcie. Wa\u017cne jest to, \u017ce wszystkie stacje b\u0119d\u0105 ze sob\u0105 po\u0142\u0105czone, a dzi\u0119ki komputerowym symulacjom b\u0119dzie mo\u017cna sprawdzi\u0107 jako\u015b\u0107 powietrza w dowolnym miejscu na mapie \u017bar. Ka\u017cdy mieszkaniec b\u0119dzie mia\u0142 dost\u0119p do aktualnych wynik\u00f3w publikowanych na bie\u017c\u0105co na stronie internetowej. Teoretycznie wi\u0119c, je\u015bli kto\u015b zrobi sobie na podw\u00f3rku ognisko ze starych opon, system powinien to wychwyci\u0107, a nawet wskaza\u0107 lokalizacj\u0119.<\/span><\/p>\n<figure id=\"attachment_24563\" aria-describedby=\"caption-attachment-24563\" style=\"width: 2560px\" class=\"wp-caption aligncenter\"><img loading=\"lazy\" decoding=\"async\" class=\"size-full wp-image-24563\" src=\"https:\/\/moja24.pl\/wp-content\/uploads\/2022\/12\/20221213_152821-scaled.jpg\" alt=\"\" width=\"2560\" height=\"1920\" srcset=\"https:\/\/moja24.pl\/wp-content\/uploads\/2022\/12\/20221213_152821-scaled.jpg 2560w, https:\/\/moja24.pl\/wp-content\/uploads\/2022\/12\/20221213_152821-300x225.jpg 300w, https:\/\/moja24.pl\/wp-content\/uploads\/2022\/12\/20221213_152821-768x576.jpg 768w, https:\/\/moja24.pl\/wp-content\/uploads\/2022\/12\/20221213_152821-1536x1152.jpg 1536w, https:\/\/moja24.pl\/wp-content\/uploads\/2022\/12\/20221213_152821-2048x1536.jpg 2048w, https:\/\/moja24.pl\/wp-content\/uploads\/2022\/12\/20221213_152821-80x60.jpg 80w, https:\/\/moja24.pl\/wp-content\/uploads\/2022\/12\/20221213_152821-265x198.jpg 265w, https:\/\/moja24.pl\/wp-content\/uploads\/2022\/12\/20221213_152821-696x522.jpg 696w, https:\/\/moja24.pl\/wp-content\/uploads\/2022\/12\/20221213_152821-1068x801.jpg 1068w, https:\/\/moja24.pl\/wp-content\/uploads\/2022\/12\/20221213_152821-560x420.jpg 560w, https:\/\/moja24.pl\/wp-content\/uploads\/2022\/12\/20221213_152821-400x300.jpg 400w, https:\/\/moja24.pl\/wp-content\/uploads\/2022\/12\/20221213_152821-310x233.jpg 310w, https:\/\/moja24.pl\/wp-content\/uploads\/2022\/12\/20221213_152821-140x105.jpg 140w\" sizes=\"auto, (max-width: 2560px) 100vw, 2560px\" \/><figcaption id=\"caption-attachment-24563\" class=\"wp-caption-text\">Dr in\u017c. Piotr Ziembicki z Uniwersytetu Zielonog\u00f3rskiego opowiedzia\u0142 o za\u0142o\u017ceniach i harmonogramie realizacji projektu. fot. Andrzej Buczy\u0144ski<\/figcaption><\/figure>\n<p><strong>Kogo obchodzi powietrze w \u017barach?<\/strong><\/p>\n<p><em><span style=\"font-weight: 400;\">W ubieg\u0142ym tygodniu miejscy urz\u0119dnicy zorganizowali otwarte spotkanie dla mieszka\u0144c\u00f3w, podczas kt\u00f3rego dr in\u017c. Piotr Ziembicki z Uniwersytetu Zielonog\u00f3rskiego opowiedzia\u0142 o za\u0142o\u017ceniach i harmonogramie realizacji tego projektu. Tyle \u017ce mieszka\u0144c\u00f3w mo\u017cna by\u0142o policzy\u0107 na palcach. Troch\u0119 to dziwne. Czy\u017cby mieszka\u0144cy przestali martwi\u0107 si\u0119 powietrzem? A mo\u017ce wcale nie jest takie z\u0142e, \u017ceby si\u0119 tym przejmowa\u0107? Tak czy siak, ciekaw jestem mapy zanieczyszcze\u0144 miasta. Ciekawe, kt\u00f3ra dzielnica zajmie pierwsze miejsce w plebiscycie na spalanie \u015bmieci w piecach. W kt\u00f3rej cz\u0119\u015bci miasta najzdrowiej spacerowa\u0107? Dzi\u015b tego nie wiemy, ale wkr\u00f3tce si\u0119 dowiemy. Poza tym, ciekaw te\u017c jestem nowego systemu monitoringu na kominach Swiss Krono. Ci\u0105gle trwa jeszcze kalibracja, dostrajanie i inne tego typu prace maj\u0105ce zagwarantowa\u0107 pe\u0142ne i wiarygodne wyniki pomiar\u00f3w. Gdy wszystkie te nowoczesne systemy pomiarowe zaczn\u0105 ju\u017c funkcjonowa\u0107, przekonamy si\u0119 tak naprawd\u0119, kto, gdzie i w jakim stopniu zatruwa powietrze w mie\u015bcie.<\/span><\/em><\/p>\n<p style=\"text-align: right;\"><strong>Andrzej Buczy\u0144ski<\/strong><\/p>\n<figure id=\"attachment_24564\" aria-describedby=\"caption-attachment-24564\" style=\"width: 2560px\" class=\"wp-caption aligncenter\"><img loading=\"lazy\" decoding=\"async\" class=\"size-full wp-image-24564\" src=\"https:\/\/moja24.pl\/wp-content\/uploads\/2022\/12\/20221213_151823-scaled.jpg\" alt=\"\" width=\"2560\" height=\"1920\" srcset=\"https:\/\/moja24.pl\/wp-content\/uploads\/2022\/12\/20221213_151823-scaled.jpg 2560w, https:\/\/moja24.pl\/wp-content\/uploads\/2022\/12\/20221213_151823-300x225.jpg 300w, https:\/\/moja24.pl\/wp-content\/uploads\/2022\/12\/20221213_151823-768x576.jpg 768w, https:\/\/moja24.pl\/wp-content\/uploads\/2022\/12\/20221213_151823-1536x1152.jpg 1536w, https:\/\/moja24.pl\/wp-content\/uploads\/2022\/12\/20221213_151823-2048x1536.jpg 2048w, https:\/\/moja24.pl\/wp-content\/uploads\/2022\/12\/20221213_151823-80x60.jpg 80w, https:\/\/moja24.pl\/wp-content\/uploads\/2022\/12\/20221213_151823-265x198.jpg 265w, https:\/\/moja24.pl\/wp-content\/uploads\/2022\/12\/20221213_151823-696x522.jpg 696w, https:\/\/moja24.pl\/wp-content\/uploads\/2022\/12\/20221213_151823-1068x801.jpg 1068w, https:\/\/moja24.pl\/wp-content\/uploads\/2022\/12\/20221213_151823-560x420.jpg 560w, https:\/\/moja24.pl\/wp-content\/uploads\/2022\/12\/20221213_151823-400x300.jpg 400w, https:\/\/moja24.pl\/wp-content\/uploads\/2022\/12\/20221213_151823-310x233.jpg 310w, https:\/\/moja24.pl\/wp-content\/uploads\/2022\/12\/20221213_151823-140x105.jpg 140w\" sizes=\"auto, (max-width: 2560px) 100vw, 2560px\" \/><figcaption id=\"caption-attachment-24564\" class=\"wp-caption-text\">fot. Andrzej Buczy\u0144ski<\/figcaption><\/figure>\n","protected":false},"excerpt":{"rendered":"<p>\u017bARY | Nie b\u0119dzie ju\u017c w\u0105tpliwo\u015bci, co do jako\u015bci powietrza w \u017barach. I to w ka\u017cdym punkcie na mapie miasta. Powstaje w\u0142a\u015bnie kompleksowe rozwi\u0105zanie, jakiego nie ma jeszcze \u017cadne miasto w Polsce. Wdro\u017cenie systemu kosztowa\u0107 b\u0119dzie 2,4 miliona z\u0142otych. Projekt pod nazw\u0105 \u201cInnowacyjny system monitorowania i analizy jako\u015bci powietrza w mie\u015bcie \u017bary\u201d realizowany jest przez [&hellip;]<\/p>\n","protected":false},"author":4,"featured_media":24562,"comment_status":"closed","ping_status":"closed","sticky":false,"template":"","format":"standard","meta":{"_monsterinsights_skip_tracking":false,"_monsterinsights_sitenote_active":false,"_monsterinsights_sitenote_note":"","_monsterinsights_sitenote_category":0,"footnotes":""},"categories":[20,28],"tags":[],"class_list":["post-24565","post","type-post","status-publish","format-standard","has-post-thumbnail","hentry","category-informacje","category-wiadomosci"],"_links":{"self":[{"href":"https:\/\/moja24.pl\/index.php\/wp-json\/wp\/v2\/posts\/24565","targetHints":{"allow":["GET"]}}],"collection":[{"href":"https:\/\/moja24.pl\/index.php\/wp-json\/wp\/v2\/posts"}],"about":[{"href":"https:\/\/moja24.pl\/index.php\/wp-json\/wp\/v2\/types\/post"}],"author":[{"embeddable":true,"href":"https:\/\/moja24.pl\/index.php\/wp-json\/wp\/v2\/users\/4"}],"replies":[{"embeddable":true,"href":"https:\/\/moja24.pl\/index.php\/wp-json\/wp\/v2\/comments?post=24565"}],"version-history":[{"count":1,"href":"https:\/\/moja24.pl\/index.php\/wp-json\/wp\/v2\/posts\/24565\/revisions"}],"predecessor-version":[{"id":24566,"href":"https:\/\/moja24.pl\/index.php\/wp-json\/wp\/v2\/posts\/24565\/revisions\/24566"}],"wp:featuredmedia":[{"embeddable":true,"href":"https:\/\/moja24.pl\/index.php\/wp-json\/wp\/v2\/media\/24562"}],"wp:attachment":[{"href":"https:\/\/moja24.pl\/index.php\/wp-json\/wp\/v2\/media?parent=24565"}],"wp:term":[{"taxonomy":"category","embeddable":true,"href":"https:\/\/moja24.pl\/index.php\/wp-json\/wp\/v2\/categories?post=24565"},{"taxonomy":"post_tag","embeddable":true,"href":"https:\/\/moja24.pl\/index.php\/wp-json\/wp\/v2\/tags?post=24565"}],"curies":[{"name":"wp","href":"https:\/\/api.w.org\/{rel}","templated":true}]}}