{"id":24579,"date":"2022-12-28T11:35:28","date_gmt":"2022-12-28T10:35:28","guid":{"rendered":"https:\/\/moja24.pl\/?p=24579"},"modified":"2022-12-28T11:35:28","modified_gmt":"2022-12-28T10:35:28","slug":"345-miliona-na-inwestycje-w-gminie-wiejskiej-zary","status":"publish","type":"post","link":"https:\/\/moja24.pl\/index.php\/2022\/12\/28\/345-miliona-na-inwestycje-w-gminie-wiejskiej-zary\/","title":{"rendered":"34,5 miliona na inwestycje w gminie wiejskiej \u017bary"},"content":{"rendered":"<p><strong><span style=\"color: #ff0000;\">GMINA \u017bARY<\/span> | Bud\u017cet na przysz\u0142y rok zosta\u0142 przyj\u0119ty prawie jednog\u0142o\u015bnie. 12 radnych popar\u0142o projekt uchwa\u0142y, jeden wstrzyma\u0142 si\u0119 od g\u0142osu.<\/strong><\/p>\n<p>&#8211; Serdecznie dzi\u0119kuj\u0119 za wsp\u00f3\u0142prac\u0119 przy opracowaniu i przeg\u0142osowanie bud\u017cetu gminy na 2023 rok \u2013 powiedzia\u0142 w podczas sesji bud\u017cetowej w\u00f3jt Leszek Mro\u017cek \u2013 Wielkie s\u0142owa podzi\u0119kowania nale\u017c\u0105 si\u0119 w szczeg\u00f3lno\u015bci pani Barbarze Karpowicz, Skarbnik Gminy i wsp\u00f3\u0142pracownikom za opracowanie za\u0142o\u017ce\u0144, kt\u00f3re sta\u0142y si\u0119 podstaw\u0105 do przyj\u0119cia bud\u017cetu przez Rad\u0119 Gminy.<br \/>\nW\u00f3jt zaznaczy\u0142, \u017ce to bardzo trudny bud\u017cet. Wskazywa\u0142 przy tym na gospodarcze perturbacje w naszym kraju zwi\u0105zane z cenami energii, zakupem w\u0119gla i wysok\u0105 inflacj\u0105, ale i te zwi\u0105zane z wojn\u0105 na Ukrainie.<br \/>\n&#8211; Mimo recesji, 34,5 mln. z\u0142 przeznaczonych zostanie na inwestycje, kt\u00f3rych celem jest poprawa jako\u015bci \u017cycia mieszka\u0144c\u00f3w poprzez rozbudow\u0119 infrastruktury gminnej \u2013 m.in. na budow\u0119 przedszkola w Olbrachtowie, Centrum Kulturalno-Edukacyjnego w Grabiku i Mi\u0142owicach, budow\u0119 szatni w Dro\u017ckowie, budow\u0119 dr\u00f3g i o\u015bwietlenia w poszczeg\u00f3lnych miejscowo\u015bciach \u2013 Na zdecydowan\u0105 wi\u0119kszo\u015b\u0107 z nich dostali\u015bmy rz\u0105dowe i unijne dofinansowanie.<\/p>\n<p>Dochody gminy oszacowano na ponad 70 mln. z\u0142, a wydatki na nieco ponad 84 mln. z\u0142. Wynosz\u0105cy 14 mln. z\u0142 deficyt zostanie pokryty z tegorocznej nadwy\u017cki bud\u017cetowej. Najpowa\u017cniejsze wydatki zwi\u0105zane s\u0105 z o\u015bwiat\u0105. Na ten cel gmina wyda w przysz\u0142ym roku ponad 25,8 mln. z\u0142.<\/p>\n<figure id=\"attachment_24577\" aria-describedby=\"caption-attachment-24577\" style=\"width: 2048px\" class=\"wp-caption aligncenter\"><img loading=\"lazy\" decoding=\"async\" class=\"size-full wp-image-24577\" src=\"https:\/\/moja24.pl\/wp-content\/uploads\/2022\/12\/gmina2.jpg\" alt=\"\" width=\"2048\" height=\"1365\" srcset=\"https:\/\/moja24.pl\/wp-content\/uploads\/2022\/12\/gmina2.jpg 2048w, https:\/\/moja24.pl\/wp-content\/uploads\/2022\/12\/gmina2-300x200.jpg 300w, https:\/\/moja24.pl\/wp-content\/uploads\/2022\/12\/gmina2-768x512.jpg 768w, https:\/\/moja24.pl\/wp-content\/uploads\/2022\/12\/gmina2-1536x1024.jpg 1536w, https:\/\/moja24.pl\/wp-content\/uploads\/2022\/12\/gmina2-696x464.jpg 696w, https:\/\/moja24.pl\/wp-content\/uploads\/2022\/12\/gmina2-1068x712.jpg 1068w, https:\/\/moja24.pl\/wp-content\/uploads\/2022\/12\/gmina2-630x420.jpg 630w, https:\/\/moja24.pl\/wp-content\/uploads\/2022\/12\/gmina2-450x300.jpg 450w, https:\/\/moja24.pl\/wp-content\/uploads\/2022\/12\/gmina2-310x207.jpg 310w, https:\/\/moja24.pl\/wp-content\/uploads\/2022\/12\/gmina2-150x100.jpg 150w\" sizes=\"auto, (max-width: 2048px) 100vw, 2048px\" \/><figcaption id=\"caption-attachment-24577\" class=\"wp-caption-text\">fot. UG \u017bary<\/figcaption><\/figure>\n<p><strong>Najwa\u017cniejsze inwestycje zaplanowane na 2023 rok:<\/strong><br \/>\n&#8211; budowa centrum Kulturalno-Edukacyjnego w Grabiku \u2013 9 mln., z tego w 2023 roku 8,1 mln. z\u0142;<br \/>\n&#8211; budowa przedszkola z oddzia\u0142ami szkolnymi w Olbrachtowie &#8211; 11 mln. z\u0142, z tego w 2023 roku 6 mln.;<br \/>\n&#8211; budowa szatni sportowej w Dro\u017ckowie &#8211; 1,031 mln. z\u0142 (2023 r.) \u2013 ca\u0142o\u015b\u0107 2,274 mln. z\u0142;<br \/>\n&#8211; budowa drogi w Sieniawie \u017barskiej &#8211; 1,644 mln. z\u0142;<br \/>\n&#8211; przebudowa drogi Lubomy\u015blu &#8211; 1,663 mln. z\u0142;<br \/>\n&#8211; przebudowa drogi w Mirostowicach Dolnych \u2013 2 mln. z\u0142;<br \/>\n&#8211; wykonanie zbiornika retencyjnego w Sieniawie \u017barskiej 950 tys. z\u0142;<br \/>\n&#8211; dofinansowanie do przydomowych oczyszczalni \u015bciek\u00f3w 460 tys. z\u0142;<br \/>\n&#8211; budowa drogi w Lubanicach &#8211; 240 tys. z\u0142;<br \/>\n&#8211; przebudowa drogi w Olbrachtowie &#8211; 1,179 mln. z\u0142;<br \/>\n&#8211; budowa drogi w Mirostowicach G\u00f3rnych &#8211; 390 tys. z\u0142;<br \/>\n&#8211; wymiana wodomierzy w Sieniawie \u017barskiej, Marszowie i Olszy\u0144cu &#8211; 200 tys. z\u0142;<br \/>\n&#8211; budowa drogi w Surowej &#8211; 320 tys. z\u0142;<br \/>\n&#8211; budowa o\u015bwietlenia w przy ul. Dolnej w Bieniowie &#8211; 580 tys. z\u0142;<br \/>\n&#8211; budowa o\u015bwietlenie drogowego w Bogumi\u0142owie \u2013 225 tys. z\u0142;<br \/>\n&#8211; budowa o\u015bwietlenia drogowego w Lubomy\u015blu \u2013 325 tys. z\u0142;<br \/>\n&#8211; budowa o\u015bwietlenia drogowego w Mirostowicach G\u00f3rnych \u2013 330 tys. z\u0142;<br \/>\n&#8211; budowa o\u015bwietlenia drogowego w D\u0105browcu \u2013 150 tys. z\u0142;<br \/>\n&#8211; dofinansowanie do usuwania azbestu &#8211; 50 tys. z\u0142;<br \/>\n&#8211; budowa Centrum Kulturalno-Edukacyjnego w Mi\u0142owicach \u2013 1,730 mln. z\u0142 (z tego w 2023 roku &#8211; 231 tys. z\u0142);<br \/>\n&#8211; budowa sieci wodoci\u0105gowej w i zbiornika zasilaj\u0105cego Grabik \u2013 1,797 mln. z\u0142;<br \/>\n&#8211; budowa drogi w Grabiku (osiedle) &#8211; 1 mln 745 tys. z\u0142;<br \/>\n&#8211; podjazd dla niepe\u0142nosprawnych przy Urz\u0119dzie Gminy \u017bary \u2013 200 tys. z\u0142.<\/p>\n<p style=\"text-align: right;\"><span style=\"color: #999999;\">ATB (\u017ar\u00f3d\u0142o: UG \u017bary)<\/span><\/p>\n","protected":false},"excerpt":{"rendered":"<p>GMINA \u017bARY | Bud\u017cet na przysz\u0142y rok zosta\u0142 przyj\u0119ty prawie jednog\u0142o\u015bnie. 12 radnych popar\u0142o projekt uchwa\u0142y, jeden wstrzyma\u0142 si\u0119 od g\u0142osu. &#8211; Serdecznie dzi\u0119kuj\u0119 za wsp\u00f3\u0142prac\u0119 przy opracowaniu i przeg\u0142osowanie bud\u017cetu gminy na 2023 rok \u2013 powiedzia\u0142 w podczas sesji bud\u017cetowej w\u00f3jt Leszek Mro\u017cek \u2013 Wielkie s\u0142owa podzi\u0119kowania nale\u017c\u0105 si\u0119 w szczeg\u00f3lno\u015bci pani Barbarze Karpowicz, [&hellip;]<\/p>\n","protected":false},"author":4,"featured_media":24578,"comment_status":"closed","ping_status":"closed","sticky":false,"template":"","format":"standard","meta":{"_monsterinsights_skip_tracking":false,"_monsterinsights_sitenote_active":false,"_monsterinsights_sitenote_note":"","_monsterinsights_sitenote_category":0,"footnotes":""},"categories":[20,28],"tags":[1648,269,1637,442,109],"class_list":["post-24579","post","type-post","status-publish","format-standard","has-post-thumbnail","hentry","category-informacje","category-wiadomosci","tag-budzet","tag-gmina-zary","tag-inwestycje","tag-leszek-mrozek","tag-moja-gazeta"],"_links":{"self":[{"href":"https:\/\/moja24.pl\/index.php\/wp-json\/wp\/v2\/posts\/24579","targetHints":{"allow":["GET"]}}],"collection":[{"href":"https:\/\/moja24.pl\/index.php\/wp-json\/wp\/v2\/posts"}],"about":[{"href":"https:\/\/moja24.pl\/index.php\/wp-json\/wp\/v2\/types\/post"}],"author":[{"embeddable":true,"href":"https:\/\/moja24.pl\/index.php\/wp-json\/wp\/v2\/users\/4"}],"replies":[{"embeddable":true,"href":"https:\/\/moja24.pl\/index.php\/wp-json\/wp\/v2\/comments?post=24579"}],"version-history":[{"count":2,"href":"https:\/\/moja24.pl\/index.php\/wp-json\/wp\/v2\/posts\/24579\/revisions"}],"predecessor-version":[{"id":24581,"href":"https:\/\/moja24.pl\/index.php\/wp-json\/wp\/v2\/posts\/24579\/revisions\/24581"}],"wp:featuredmedia":[{"embeddable":true,"href":"https:\/\/moja24.pl\/index.php\/wp-json\/wp\/v2\/media\/24578"}],"wp:attachment":[{"href":"https:\/\/moja24.pl\/index.php\/wp-json\/wp\/v2\/media?parent=24579"}],"wp:term":[{"taxonomy":"category","embeddable":true,"href":"https:\/\/moja24.pl\/index.php\/wp-json\/wp\/v2\/categories?post=24579"},{"taxonomy":"post_tag","embeddable":true,"href":"https:\/\/moja24.pl\/index.php\/wp-json\/wp\/v2\/tags?post=24579"}],"curies":[{"name":"wp","href":"https:\/\/api.w.org\/{rel}","templated":true}]}}