{"id":24589,"date":"2023-01-05T11:07:47","date_gmt":"2023-01-05T10:07:47","guid":{"rendered":"https:\/\/moja24.pl\/?p=24589"},"modified":"2023-01-05T11:07:47","modified_gmt":"2023-01-05T10:07:47","slug":"uroczystosc-powolania-komendanta-powiatowego-policji-w-zarach","status":"publish","type":"post","link":"https:\/\/moja24.pl\/index.php\/2023\/01\/05\/uroczystosc-powolania-komendanta-powiatowego-policji-w-zarach\/","title":{"rendered":"Uroczysto\u015b\u0107 powo\u0142ania Komendanta Powiatowego Policji w \u017barach"},"content":{"rendered":"<p><strong><span style=\"color: #ff0000;\">\u017bARY<\/span> | Komendant Wojew\u00f3dzki Policji w Gorzowie Wielkopolskim nadinspektor Jaros\u0142aw Pasterski powo\u0142a\u0142 na Komendanta Powiatowego Policji w \u017barach komisarza Mateusza Domaradzkiego. Podczas uroczystej zbi\u00f3rki rozkaz wr\u0119czy\u0142 Pierwszy Zast\u0119pca Komendanta Wojew\u00f3dzkiego Policji w Gorzowie Wielkopolskim inspektor Bogdan Piotrowski. W uroczysto\u015bci uczestniczyli przedstawiciele samorz\u0105d\u00f3w i instytucji wsp\u00f3\u0142pracuj\u0105cych z \u017carsk\u0105 komend\u0105.<\/strong><\/p>\n<p>We wtorek, 3 stycznia, w sali odpraw \u017carskiej komendy odby\u0142a si\u0119 uroczysto\u015b\u0107 powo\u0142ania Komendanta Powiatowego Policji w \u017barach. Pierwszy Zast\u0119pca Komendanta Wojew\u00f3dzkiego Policji w Gorzowie Wielkopolskim inspektor Bogdan Piotrowski wr\u0119czy\u0142 komisarzowi Mateuszowi Domaradzkiemu rozkaz o powo\u0142aniu na to stanowisko.<br \/>\nW swoim wyst\u0105pieniu szef \u017carskich str\u00f3\u017c\u00f3w prawa podzi\u0119kowa\u0142 za wyr\u00f3\u017cnienie i zaufanie, jakim zosta\u0142 obdarzony i zapewni\u0142, \u017ce &#8222;&#8230;bezpiecze\u0144stwo mieszka\u0144c\u00f3w powiatu \u017carskiego b\u0119dzie dla mnie oraz kierowanych przeze mnie policjant\u00f3w zadaniem najwa\u017cniejszym&#8221;.<br \/>\nKomisarz Mateusz Domaradzki swoj\u0105 s\u0142u\u017cb\u0119 w Policji rozpocz\u0105\u0142 w styczniu 2002 roku jako kursant w Oddzia\u0142ach Prewencji Policji w Warszawie, gdzie sp\u0119dzi\u0142 ponad rok. Przez kolejne 3 lata zwi\u0105zany by\u0142 z Komend\u0105 Miejsk\u0105 Policji w \u015awinouj\u015bciu, gdzie realizowa\u0142 obowi\u0105zki s\u0142u\u017cbowe w Referacie Patrolowo-Interwencyjnym. W 2006 roku przeni\u00f3s\u0142 si\u0119 do Zielonej G\u00f3ry i przez rok pe\u0142ni\u0142 s\u0142u\u017cb\u0119 w Rewirze Dzielnicowych III Komisariatu Policji. Od 2007 roku przez kolejnych 10 lat zdobywa\u0142 do\u015bwiadczenie zawodowe w kom\u00f3rkach pionu kryminalnego w III Komisariacie Policji w Zielonej G\u00f3rze. \u200bOd lutego 2017 roku piastowa\u0142 funkcj\u0119 Zast\u0119pcy Komendanta Komisariatu Policji I w Zielonej G\u00f3rze, a nast\u0119pnie Komendanta Komisariatu w Sulechowie. Od kwietnia 2020 roku powierzono mu funkcj\u0119 Pierwszego Zast\u0119pcy Komendanta Powiatowego Policji w \u017baganiu. Przeszed\u0142 niemal przez wszystkie piony i szczeble w policyjnej formacji. Od 23 wrze\u015bnia 2022 r. pe\u0142ni obowi\u0105zki Komendanta Powiatowego Policji w \u017barach.<\/p>\n<figure id=\"attachment_24587\" aria-describedby=\"caption-attachment-24587\" style=\"width: 1200px\" class=\"wp-caption aligncenter\"><img loading=\"lazy\" decoding=\"async\" class=\"size-full wp-image-24587\" src=\"https:\/\/moja24.pl\/wp-content\/uploads\/2023\/01\/3-1.jpg\" alt=\"\" width=\"1200\" height=\"800\" srcset=\"https:\/\/moja24.pl\/wp-content\/uploads\/2023\/01\/3-1.jpg 1200w, https:\/\/moja24.pl\/wp-content\/uploads\/2023\/01\/3-1-300x200.jpg 300w, https:\/\/moja24.pl\/wp-content\/uploads\/2023\/01\/3-1-768x512.jpg 768w, https:\/\/moja24.pl\/wp-content\/uploads\/2023\/01\/3-1-696x464.jpg 696w, https:\/\/moja24.pl\/wp-content\/uploads\/2023\/01\/3-1-1068x712.jpg 1068w, https:\/\/moja24.pl\/wp-content\/uploads\/2023\/01\/3-1-630x420.jpg 630w, https:\/\/moja24.pl\/wp-content\/uploads\/2023\/01\/3-1-450x300.jpg 450w, https:\/\/moja24.pl\/wp-content\/uploads\/2023\/01\/3-1-310x207.jpg 310w, https:\/\/moja24.pl\/wp-content\/uploads\/2023\/01\/3-1-150x100.jpg 150w\" sizes=\"auto, (max-width: 1200px) 100vw, 1200px\" \/><figcaption id=\"caption-attachment-24587\" class=\"wp-caption-text\">fot. KPP \u017bary<\/figcaption><\/figure>\n<figure id=\"attachment_24588\" aria-describedby=\"caption-attachment-24588\" style=\"width: 1200px\" class=\"wp-caption aligncenter\"><img loading=\"lazy\" decoding=\"async\" class=\"size-full wp-image-24588\" src=\"https:\/\/moja24.pl\/wp-content\/uploads\/2023\/01\/1-1.jpg\" alt=\"\" width=\"1200\" height=\"800\" srcset=\"https:\/\/moja24.pl\/wp-content\/uploads\/2023\/01\/1-1.jpg 1200w, https:\/\/moja24.pl\/wp-content\/uploads\/2023\/01\/1-1-300x200.jpg 300w, https:\/\/moja24.pl\/wp-content\/uploads\/2023\/01\/1-1-768x512.jpg 768w, https:\/\/moja24.pl\/wp-content\/uploads\/2023\/01\/1-1-696x464.jpg 696w, https:\/\/moja24.pl\/wp-content\/uploads\/2023\/01\/1-1-1068x712.jpg 1068w, https:\/\/moja24.pl\/wp-content\/uploads\/2023\/01\/1-1-630x420.jpg 630w, https:\/\/moja24.pl\/wp-content\/uploads\/2023\/01\/1-1-450x300.jpg 450w, https:\/\/moja24.pl\/wp-content\/uploads\/2023\/01\/1-1-310x207.jpg 310w, https:\/\/moja24.pl\/wp-content\/uploads\/2023\/01\/1-1-150x100.jpg 150w\" sizes=\"auto, (max-width: 1200px) 100vw, 1200px\" \/><figcaption id=\"caption-attachment-24588\" class=\"wp-caption-text\">fot. KPP \u017bary<\/figcaption><\/figure>\n<figure id=\"attachment_24585\" aria-describedby=\"caption-attachment-24585\" style=\"width: 1200px\" class=\"wp-caption aligncenter\"><img loading=\"lazy\" decoding=\"async\" class=\"size-full wp-image-24585\" src=\"https:\/\/moja24.pl\/wp-content\/uploads\/2023\/01\/7.jpg\" alt=\"\" width=\"1200\" height=\"800\" srcset=\"https:\/\/moja24.pl\/wp-content\/uploads\/2023\/01\/7.jpg 1200w, https:\/\/moja24.pl\/wp-content\/uploads\/2023\/01\/7-300x200.jpg 300w, https:\/\/moja24.pl\/wp-content\/uploads\/2023\/01\/7-768x512.jpg 768w, https:\/\/moja24.pl\/wp-content\/uploads\/2023\/01\/7-696x464.jpg 696w, https:\/\/moja24.pl\/wp-content\/uploads\/2023\/01\/7-1068x712.jpg 1068w, https:\/\/moja24.pl\/wp-content\/uploads\/2023\/01\/7-630x420.jpg 630w, https:\/\/moja24.pl\/wp-content\/uploads\/2023\/01\/7-450x300.jpg 450w, https:\/\/moja24.pl\/wp-content\/uploads\/2023\/01\/7-310x207.jpg 310w, https:\/\/moja24.pl\/wp-content\/uploads\/2023\/01\/7-150x100.jpg 150w\" sizes=\"auto, (max-width: 1200px) 100vw, 1200px\" \/><figcaption id=\"caption-attachment-24585\" class=\"wp-caption-text\">fot. KPP \u017bary<\/figcaption><\/figure>\n<p style=\"text-align: right;\"><strong><span style=\"color: #999999;\">kom. Aneta Berestecka<\/span><\/strong><\/p>\n","protected":false},"excerpt":{"rendered":"<p>\u017bARY | Komendant Wojew\u00f3dzki Policji w Gorzowie Wielkopolskim nadinspektor Jaros\u0142aw Pasterski powo\u0142a\u0142 na Komendanta Powiatowego Policji w \u017barach komisarza Mateusza Domaradzkiego. Podczas uroczystej zbi\u00f3rki rozkaz wr\u0119czy\u0142 Pierwszy Zast\u0119pca Komendanta Wojew\u00f3dzkiego Policji w Gorzowie Wielkopolskim inspektor Bogdan Piotrowski. W uroczysto\u015bci uczestniczyli przedstawiciele samorz\u0105d\u00f3w i instytucji wsp\u00f3\u0142pracuj\u0105cych z \u017carsk\u0105 komend\u0105. We wtorek, 3 stycznia, w sali odpraw [&hellip;]<\/p>\n","protected":false},"author":4,"featured_media":24586,"comment_status":"closed","ping_status":"closed","sticky":false,"template":"","format":"standard","meta":{"_monsterinsights_skip_tracking":false,"_monsterinsights_sitenote_active":false,"_monsterinsights_sitenote_note":"","_monsterinsights_sitenote_category":0,"footnotes":""},"categories":[20,28],"tags":[473,2923,2924,109,1119,66],"class_list":["post-24589","post","type-post","status-publish","format-standard","has-post-thumbnail","hentry","category-informacje","category-wiadomosci","tag-komenda-powiatowa-policji-w-zarach","tag-komendant","tag-mateusz-domaradzki","tag-moja-gazeta","tag-policja","tag-zary"],"_links":{"self":[{"href":"https:\/\/moja24.pl\/index.php\/wp-json\/wp\/v2\/posts\/24589","targetHints":{"allow":["GET"]}}],"collection":[{"href":"https:\/\/moja24.pl\/index.php\/wp-json\/wp\/v2\/posts"}],"about":[{"href":"https:\/\/moja24.pl\/index.php\/wp-json\/wp\/v2\/types\/post"}],"author":[{"embeddable":true,"href":"https:\/\/moja24.pl\/index.php\/wp-json\/wp\/v2\/users\/4"}],"replies":[{"embeddable":true,"href":"https:\/\/moja24.pl\/index.php\/wp-json\/wp\/v2\/comments?post=24589"}],"version-history":[{"count":1,"href":"https:\/\/moja24.pl\/index.php\/wp-json\/wp\/v2\/posts\/24589\/revisions"}],"predecessor-version":[{"id":24590,"href":"https:\/\/moja24.pl\/index.php\/wp-json\/wp\/v2\/posts\/24589\/revisions\/24590"}],"wp:featuredmedia":[{"embeddable":true,"href":"https:\/\/moja24.pl\/index.php\/wp-json\/wp\/v2\/media\/24586"}],"wp:attachment":[{"href":"https:\/\/moja24.pl\/index.php\/wp-json\/wp\/v2\/media?parent=24589"}],"wp:term":[{"taxonomy":"category","embeddable":true,"href":"https:\/\/moja24.pl\/index.php\/wp-json\/wp\/v2\/categories?post=24589"},{"taxonomy":"post_tag","embeddable":true,"href":"https:\/\/moja24.pl\/index.php\/wp-json\/wp\/v2\/tags?post=24589"}],"curies":[{"name":"wp","href":"https:\/\/api.w.org\/{rel}","templated":true}]}}