{"id":24641,"date":"2023-03-02T17:21:37","date_gmt":"2023-03-02T16:21:37","guid":{"rendered":"https:\/\/moja24.pl\/?p=24641"},"modified":"2023-03-02T17:21:37","modified_gmt":"2023-03-02T16:21:37","slug":"zloto-i-trzy-srebra-dla-zarskiego-klubu-sportow-walki","status":"publish","type":"post","link":"https:\/\/moja24.pl\/index.php\/2023\/03\/02\/zloto-i-trzy-srebra-dla-zarskiego-klubu-sportow-walki\/","title":{"rendered":"Z\u0142oto i trzy srebra dla \u017barskiego Klubu Sport\u00f3w Walki"},"content":{"rendered":"<p dir=\"ltr\"><strong><span style=\"color: #ff0000;\">SPORTY WALKI<\/span> | W dniach 25-26 lutego w miejscowo\u015bci Turnhout odby\u0142y si\u0119 M\u0142odzie\u017cowe Mistrzostwa Belgii Muaythai 2023. W tym mi\u0119dzynarodowym wydarzeniu wzi\u0119\u0142o udzia\u0142 5 reprezentant\u00f3w \u017barskiego Klubu Sport\u00f3w Walki. W mistrzostwach opr\u00f3cz gospodarzy wystartowali r\u00f3wnie\u017c zawodnicy z Francji, Holandii, Niemiec i Hiszpanii.<\/strong><\/p>\n<div dir=\"ltr\">Wyjazd okaza\u0142 si\u0119 wielkim sukcesem i tylko jeden zawodnik z \u017bar nie stan\u0105\u0142 na podium &#8211; Szymon Socha, kt\u00f3rego w 1\/4 fina\u0142\u00f3w w kategorii U16 -54kg decyzj\u0105 s\u0119dzi\u00f3w po \u015bwietnym pojedynku pokona\u0142 inny reprezentant Polski &#8211; Filip Kisiel. Kategori\u0119 U14 -36kg zdominowa\u0142 Maksymilian Sobecki, kt\u00f3ry w pi\u0119knym stylu wygra\u0142 wszystkie pojedynki i zdoby\u0142 Pas Mistrza Belgii.\u00a0Doskonale r\u00f3wnie\u017c zaprezentowa\u0142y si\u0119 zawodniczki \u017bKSW, kt\u00f3re dopiero w fina\u0142ach musia\u0142y uzna\u0107 wy\u017cszo\u015b\u0107 swoich przeciwniczek nale\u017c\u0105cych do \u015bwiatowej czo\u0142\u00f3wki. Podopieczne trenera Dawida Poloka wywalczy\u0142y srebro Mistrzostw Belgii &#8211; Amelia Kowzan U16 -48kg; Hanna Sobecka U14 -39kg; Kalina Ratajczak U14 -66kg.<\/div>\n<div dir=\"ltr\">Wyjazd by\u0142 mo\u017cliwy dzi\u0119ki wsparciu Urz\u0119du Miasta \u017bary i \u017carskiej firmy Z-Trans.<\/div>\n<div dir=\"ltr\"><\/div>\n<div dir=\"ltr\">\n<figure id=\"attachment_24638\" aria-describedby=\"caption-attachment-24638\" style=\"width: 2560px\" class=\"wp-caption aligncenter\"><img loading=\"lazy\" decoding=\"async\" class=\"size-full wp-image-24638\" src=\"https:\/\/moja24.pl\/wp-content\/uploads\/2023\/03\/20230225_171132-scaled.jpg\" alt=\"\" width=\"2560\" height=\"1440\" srcset=\"https:\/\/moja24.pl\/wp-content\/uploads\/2023\/03\/20230225_171132-scaled.jpg 2560w, https:\/\/moja24.pl\/wp-content\/uploads\/2023\/03\/20230225_171132-300x169.jpg 300w, https:\/\/moja24.pl\/wp-content\/uploads\/2023\/03\/20230225_171132-768x432.jpg 768w, https:\/\/moja24.pl\/wp-content\/uploads\/2023\/03\/20230225_171132-1536x864.jpg 1536w, https:\/\/moja24.pl\/wp-content\/uploads\/2023\/03\/20230225_171132-2048x1152.jpg 2048w, https:\/\/moja24.pl\/wp-content\/uploads\/2023\/03\/20230225_171132-696x392.jpg 696w, https:\/\/moja24.pl\/wp-content\/uploads\/2023\/03\/20230225_171132-1068x601.jpg 1068w, https:\/\/moja24.pl\/wp-content\/uploads\/2023\/03\/20230225_171132-747x420.jpg 747w, https:\/\/moja24.pl\/wp-content\/uploads\/2023\/03\/20230225_171132-533x300.jpg 533w, https:\/\/moja24.pl\/wp-content\/uploads\/2023\/03\/20230225_171132-310x174.jpg 310w, https:\/\/moja24.pl\/wp-content\/uploads\/2023\/03\/20230225_171132-150x84.jpg 150w\" sizes=\"auto, (max-width: 2560px) 100vw, 2560px\" \/><figcaption id=\"caption-attachment-24638\" class=\"wp-caption-text\">fot. \u017bKSW<\/figcaption><\/figure>\n<figure id=\"attachment_24639\" aria-describedby=\"caption-attachment-24639\" style=\"width: 1564px\" class=\"wp-caption aligncenter\"><img loading=\"lazy\" decoding=\"async\" class=\"size-full wp-image-24639\" src=\"https:\/\/moja24.pl\/wp-content\/uploads\/2023\/03\/img_20230225_185837_711.jpg\" alt=\"\" width=\"1564\" height=\"1564\" srcset=\"https:\/\/moja24.pl\/wp-content\/uploads\/2023\/03\/img_20230225_185837_711.jpg 1564w, https:\/\/moja24.pl\/wp-content\/uploads\/2023\/03\/img_20230225_185837_711-300x300.jpg 300w, https:\/\/moja24.pl\/wp-content\/uploads\/2023\/03\/img_20230225_185837_711-150x150.jpg 150w, https:\/\/moja24.pl\/wp-content\/uploads\/2023\/03\/img_20230225_185837_711-768x768.jpg 768w, https:\/\/moja24.pl\/wp-content\/uploads\/2023\/03\/img_20230225_185837_711-1536x1536.jpg 1536w, https:\/\/moja24.pl\/wp-content\/uploads\/2023\/03\/img_20230225_185837_711-696x696.jpg 696w, https:\/\/moja24.pl\/wp-content\/uploads\/2023\/03\/img_20230225_185837_711-1068x1068.jpg 1068w, https:\/\/moja24.pl\/wp-content\/uploads\/2023\/03\/img_20230225_185837_711-420x420.jpg 420w, https:\/\/moja24.pl\/wp-content\/uploads\/2023\/03\/img_20230225_185837_711-310x310.jpg 310w, https:\/\/moja24.pl\/wp-content\/uploads\/2023\/03\/img_20230225_185837_711-105x105.jpg 105w\" sizes=\"auto, (max-width: 1564px) 100vw, 1564px\" \/><figcaption id=\"caption-attachment-24639\" class=\"wp-caption-text\">fot. \u017bKSW<\/figcaption><\/figure>\n<p style=\"text-align: right;\"><span style=\"color: #999999;\">nades\u0142ane<\/span><\/p>\n<\/div>\n","protected":false},"excerpt":{"rendered":"<p>SPORTY WALKI | W dniach 25-26 lutego w miejscowo\u015bci Turnhout odby\u0142y si\u0119 M\u0142odzie\u017cowe Mistrzostwa Belgii Muaythai 2023. W tym mi\u0119dzynarodowym wydarzeniu wzi\u0119\u0142o udzia\u0142 5 reprezentant\u00f3w \u017barskiego Klubu Sport\u00f3w Walki. W mistrzostwach opr\u00f3cz gospodarzy wystartowali r\u00f3wnie\u017c zawodnicy z Francji, Holandii, Niemiec i Hiszpanii. Wyjazd okaza\u0142 si\u0119 wielkim sukcesem i tylko jeden zawodnik z \u017bar nie stan\u0105\u0142 [&hellip;]<\/p>\n","protected":false},"author":4,"featured_media":24640,"comment_status":"closed","ping_status":"closed","sticky":false,"template":"","format":"standard","meta":{"_monsterinsights_skip_tracking":false,"_monsterinsights_sitenote_active":false,"_monsterinsights_sitenote_note":"","_monsterinsights_sitenote_category":0,"footnotes":""},"categories":[20,23,28],"tags":[109,1064,136,1273],"class_list":["post-24641","post","type-post","status-publish","format-standard","has-post-thumbnail","hentry","category-informacje","category-sport","category-wiadomosci","tag-moja-gazeta","tag-sport","tag-zarski-klub-sportow-walki","tag-zksw"],"_links":{"self":[{"href":"https:\/\/moja24.pl\/index.php\/wp-json\/wp\/v2\/posts\/24641","targetHints":{"allow":["GET"]}}],"collection":[{"href":"https:\/\/moja24.pl\/index.php\/wp-json\/wp\/v2\/posts"}],"about":[{"href":"https:\/\/moja24.pl\/index.php\/wp-json\/wp\/v2\/types\/post"}],"author":[{"embeddable":true,"href":"https:\/\/moja24.pl\/index.php\/wp-json\/wp\/v2\/users\/4"}],"replies":[{"embeddable":true,"href":"https:\/\/moja24.pl\/index.php\/wp-json\/wp\/v2\/comments?post=24641"}],"version-history":[{"count":1,"href":"https:\/\/moja24.pl\/index.php\/wp-json\/wp\/v2\/posts\/24641\/revisions"}],"predecessor-version":[{"id":24642,"href":"https:\/\/moja24.pl\/index.php\/wp-json\/wp\/v2\/posts\/24641\/revisions\/24642"}],"wp:featuredmedia":[{"embeddable":true,"href":"https:\/\/moja24.pl\/index.php\/wp-json\/wp\/v2\/media\/24640"}],"wp:attachment":[{"href":"https:\/\/moja24.pl\/index.php\/wp-json\/wp\/v2\/media?parent=24641"}],"wp:term":[{"taxonomy":"category","embeddable":true,"href":"https:\/\/moja24.pl\/index.php\/wp-json\/wp\/v2\/categories?post=24641"},{"taxonomy":"post_tag","embeddable":true,"href":"https:\/\/moja24.pl\/index.php\/wp-json\/wp\/v2\/tags?post=24641"}],"curies":[{"name":"wp","href":"https:\/\/api.w.org\/{rel}","templated":true}]}}