{"id":24726,"date":"2023-03-30T10:10:24","date_gmt":"2023-03-30T08:10:24","guid":{"rendered":"https:\/\/moja24.pl\/?p=24726"},"modified":"2023-03-30T10:10:24","modified_gmt":"2023-03-30T08:10:24","slug":"oferty-pracy-29-marca-2023","status":"publish","type":"post","link":"https:\/\/moja24.pl\/index.php\/2023\/03\/30\/oferty-pracy-29-marca-2023\/","title":{"rendered":"Oferty pracy &#8211; 29 marca 2023"},"content":{"rendered":"<p><strong><span style=\"color: #ff0000;\">POWIAT \u017bARSKI<\/span> | Aktualne oferty z Powiatowego Urz\u0119du Pracy w \u017barach.<\/strong><\/p>\n<ul>\n<li>Nauczyciel psycholog &#8211; Lubsko (1)<\/li>\n<li>Psycholog &#8211; Lubsko (1)<\/li>\n<li>Nauczyciel wspomagaj\u0105cy &#8211; Lubsko (1)<\/li>\n<li>Nauczyciel wychowania przedszkolnego &#8211; \u017bary (1)<\/li>\n<li>Nauczyciel Bibliotekarz &#8211; \u017bary (1)<\/li>\n<li>Sekretarz Szko\u0142y &#8211; \u017bary (1)<\/li>\n<li>Nauczyciel wychowania przedszkolnego &#8211; Przew\u00f3z (1)<\/li>\n<li>Oligofrenopedagog\/rewalidant &#8211; Przew\u00f3z (1)<\/li>\n<li>Pedagog specjalny &#8211; Przew\u00f3z (1)<\/li>\n<li>Pomoc nauczyciela &#8211; \u017bary (1)<\/li>\n<li>G\u0142\u00f3wny ksi\u0119gowy &#8211; Trzebiel (1)<\/li>\n<li>M\u0142odszy asystent &#8211; \u017bary (1)<\/li>\n<li>Pracownik socjalny &#8211; Lubsko (1)<\/li>\n<li>Asystent osobisty osoby niepe\u0142nosprawnej &#8211; \u017bary (1)<\/li>\n<li>Specjalista terapii uzale\u017cnie\u0144 &#8211; \u017bary (1)<\/li>\n<li>Policjant &#8211; \u017bary (20)<\/li>\n<li>Pracownik &#8211; \u017bary (3)<\/li>\n<li>Opiekunka &#8211; Mi\u0142owice (3)<\/li>\n<li>Piel\u0119gniarka &#8211; \u017bary (1)<\/li>\n<li>Pomoc opiekuna os\u00f3b starszych &#8211; \u017bary (1)<\/li>\n<li>Pozostali robotnicy wykonuj\u0105cy prace proste w przemy\u015ble (Pracownik produkcji) &#8211; \u017bary (10)<\/li>\n<li>Pomocnik sprzedawcy &#8211; \u017bary\/Lubsko (1)<\/li>\n<li>Sprzedawca \u2013 kucharz &#8211; Lubsko (2)<\/li>\n<li>Sprzedawca &#8211; \u017bary (1)<\/li>\n<li>Piekarz &#8211; \u017bary (2)<\/li>\n<li>Sprz\u0105taczka &#8211; Zasieki (1)<\/li>\n<li>Pracownik ochrony &#8211; \u0141\u0119knica (1)<\/li>\n<li>Kasjer &#8211; sprzedawca &#8211; Lubomy\u015bl (1)<\/li>\n<li>Magazynier \u2013 sprzedawca na stacji paliw &#8211; \u017bary (1)<\/li>\n<li>Magazynier &#8211; \u017bary (1)<\/li>\n<li>Dekarz &#8211; Wojew\u00f3dztwo lubuskie (1)<\/li>\n<li>Spawacz &#8211; \u017bary (1)<\/li>\n<li>\u015alusarz &#8211; \u017bary (2)<\/li>\n<li>Tokarz &#8211; \u017bary (1)<\/li>\n<li>Monter &#8211; \u017bary (1)<\/li>\n<li>Szwaczka &#8211; Jasie\u0144 (2)<\/li>\n<li>Krojczy &#8211; Jasie\u0144 (1)<\/li>\n<li>Frezer na frezarce manualnej &#8211; Jasie\u0144 (1)<\/li>\n<li>Technolog obr\u00f3bki metali &#8211; Jasie\u0144 (1)<\/li>\n<li>Tokarz na tokarce manualnej &#8211; Jasie\u0144 (1)<\/li>\n<li>Pracownik do obs\u0142ugi wycinarki laserowej &#8211; Jasie\u0144 (1)<\/li>\n<li>Elektryk &#8211; Jasie\u0144 (1)<\/li>\n<li>Spawacz &#8211; Jasie\u0144 (2)<\/li>\n<li>Pracownik Obs\u0142ugi Cmentarza &#8211; Lubsko (1)<\/li>\n<li>Magazynier &#8211; Lubsko (1)<\/li>\n<li>Mechanik &#8211; G\u00f3rzyn (1)<\/li>\n<li>Kierowca samochodu ci\u0119\u017carowego &#8211; Jasie\u0144 (1)<\/li>\n<li>Kierowca samochodu ci\u0119\u017carowego &#8211; Lubsko (5)<\/li>\n<li>Kierowca C+ E &#8211; \u017bary (1)<\/li>\n<li>Kierowca samochodu ci\u0119\u017carowego powy\u017cej 3,5 tony &#8211; \u017bary &#8211; I\u0142owa (4)<\/li>\n<\/ul>\n<p style=\"text-align: right;\"><span style=\"color: #999999;\">ATB<\/span><\/p>\n","protected":false},"excerpt":{"rendered":"<p>POWIAT \u017bARSKI | Aktualne oferty z Powiatowego Urz\u0119du Pracy w \u017barach. Nauczyciel psycholog &#8211; Lubsko (1) Psycholog &#8211; Lubsko (1) Nauczyciel wspomagaj\u0105cy &#8211; Lubsko (1) Nauczyciel wychowania przedszkolnego &#8211; \u017bary (1) Nauczyciel Bibliotekarz &#8211; \u017bary (1) Sekretarz Szko\u0142y &#8211; \u017bary (1) Nauczyciel wychowania przedszkolnego &#8211; Przew\u00f3z (1) Oligofrenopedagog\/rewalidant &#8211; Przew\u00f3z (1) Pedagog specjalny &#8211; Przew\u00f3z [&hellip;]<\/p>\n","protected":false},"author":4,"featured_media":24725,"comment_status":"closed","ping_status":"closed","sticky":false,"template":"","format":"standard","meta":{"_monsterinsights_skip_tracking":false,"_monsterinsights_sitenote_active":false,"_monsterinsights_sitenote_note":"","_monsterinsights_sitenote_category":0,"footnotes":""},"categories":[20,2384,28],"tags":[109,2224,32,2216,66],"class_list":["post-24726","post","type-post","status-publish","format-standard","has-post-thumbnail","hentry","category-informacje","category-ogloszenia","category-wiadomosci","tag-moja-gazeta","tag-oferty-pracy","tag-powiat-zarski","tag-praca","tag-zary"],"_links":{"self":[{"href":"https:\/\/moja24.pl\/index.php\/wp-json\/wp\/v2\/posts\/24726","targetHints":{"allow":["GET"]}}],"collection":[{"href":"https:\/\/moja24.pl\/index.php\/wp-json\/wp\/v2\/posts"}],"about":[{"href":"https:\/\/moja24.pl\/index.php\/wp-json\/wp\/v2\/types\/post"}],"author":[{"embeddable":true,"href":"https:\/\/moja24.pl\/index.php\/wp-json\/wp\/v2\/users\/4"}],"replies":[{"embeddable":true,"href":"https:\/\/moja24.pl\/index.php\/wp-json\/wp\/v2\/comments?post=24726"}],"version-history":[{"count":1,"href":"https:\/\/moja24.pl\/index.php\/wp-json\/wp\/v2\/posts\/24726\/revisions"}],"predecessor-version":[{"id":24727,"href":"https:\/\/moja24.pl\/index.php\/wp-json\/wp\/v2\/posts\/24726\/revisions\/24727"}],"wp:featuredmedia":[{"embeddable":true,"href":"https:\/\/moja24.pl\/index.php\/wp-json\/wp\/v2\/media\/24725"}],"wp:attachment":[{"href":"https:\/\/moja24.pl\/index.php\/wp-json\/wp\/v2\/media?parent=24726"}],"wp:term":[{"taxonomy":"category","embeddable":true,"href":"https:\/\/moja24.pl\/index.php\/wp-json\/wp\/v2\/categories?post=24726"},{"taxonomy":"post_tag","embeddable":true,"href":"https:\/\/moja24.pl\/index.php\/wp-json\/wp\/v2\/tags?post=24726"}],"curies":[{"name":"wp","href":"https:\/\/api.w.org\/{rel}","templated":true}]}}