{"id":2479,"date":"2017-04-02T11:03:07","date_gmt":"2017-04-02T09:03:07","guid":{"rendered":"http:\/\/moja24.pl\/?p=2479"},"modified":"2017-04-02T11:21:51","modified_gmt":"2017-04-02T09:21:51","slug":"ponad-7-milionow-do-zagospodarowania","status":"publish","type":"post","link":"https:\/\/moja24.pl\/index.php\/2017\/04\/02\/ponad-7-milionow-do-zagospodarowania\/","title":{"rendered":"Ponad 7 milion\u00f3w do zagospodarowania"},"content":{"rendered":"<p><span id=\"tekst\"><strong>Na obradach kwietniowej sesji rady miejskiej pojawi\u0142a si\u0119 uchwa\u0142a o zatwierdzeniu wolnych \u015brodk\u00f3w, kt\u00f3re zasil\u0105 bud\u017cet miasta. Wst\u0119pnie rozdysponowano ju\u017c ca\u0142\u0105 kwot\u0119.<\/strong><br \/>\n<\/span><\/p>\n<p>Dzi\u0119ki oszcz\u0119dno\u015bciom z przetarg\u00f3w oraz wp\u0142ywom z podatk\u00f3w Wydzia\u0142 Infrastruktury Technicznej i Ochrony \u015arodowiska otrzyma dodatkowe 2 miliony z\u0142otych. B\u0119d\u0105 to na przyk\u0142ad na remonty dr\u00f3g. Cz\u0119\u015b\u0107 z tych pieni\u0119dzy p\u00f3jdzie tak\u017ce na dofinansowanie wymiany starych piec\u00f3w, a wi\u0119c za\u0142o\u017cona wst\u0119pnie pula 200 tys. zostanie zwi\u0119kszona. Tym samym uda si\u0119 zrealizowa\u0107 wi\u0119ksz\u0105 ilo\u015b\u0107 wniosk\u00f3w mieszka\u0144c\u00f3w. Kolejne 600 tys. podzielono po r\u00f3wno na Zesp\u00f3\u0142 Szkolno-Przedszkolny i Gimnazjum nr 2, w kt\u00f3rym \u015brodki przeznaczone zostan\u0105 na dach. \u017barski Dom Kultury dostanie 600 tys. z przeznaczeniem mi\u0119dzy innymi na elewacj\u0119 filii w Kunicach. W 2011 roku miasto zaci\u0105gn\u0119\u0142o kredyt &#8211; na jego sp\u0142at\u0119 p\u00f3jdzie 2.600.000 z\u0142. Mieszka\u0144cy \u017bar otrzymaj\u0105 dop\u0142at\u0119 do \u015bciek\u00f3w w zwi\u0105zku z podwy\u017ck\u0105, o kt\u00f3r\u0105 wnioskowa\u0142 Zak\u0142ad Wodoci\u0105g\u00f3w i Kanalizacji. Na ten cel zarezerwowano kwot\u0119 przesz\u0142o 215 tys. z\u0142. Ostatecznie te\u017c skalkulowano \u015brodki, jakimi \u017carski samorz\u0105d wesprze budow\u0119 dodatkowego skrzyd\u0142a w Szpitalu na Wyspie. Milion z\u0142otych przy\u015bpieszy realizacj\u0119 inwestycji, z kt\u00f3rej skorzystaj\u0105 przede wszystkim najm\u0142odsi pacjenci.<\/p>\n<figure id=\"attachment_2480\" aria-describedby=\"caption-attachment-2480\" style=\"width: 254px\" class=\"wp-caption alignleft\"><img loading=\"lazy\" decoding=\"async\" class=\"size-medium wp-image-2480\" src=\"http:\/\/moja24.pl\/wp-content\/uploads\/2017\/03\/Madej-Danuta-254x300.jpg\" alt=\"\" width=\"254\" height=\"300\" srcset=\"https:\/\/moja24.pl\/wp-content\/uploads\/2017\/03\/Madej-Danuta-254x300.jpg 254w, https:\/\/moja24.pl\/wp-content\/uploads\/2017\/03\/Madej-Danuta-356x420.jpg 356w, https:\/\/moja24.pl\/wp-content\/uploads\/2017\/03\/Madej-Danuta.jpg 593w\" sizes=\"auto, (max-width: 254px) 100vw, 254px\" \/><figcaption id=\"caption-attachment-2480\" class=\"wp-caption-text\">foto AB<\/figcaption><\/figure>\n<p><b>Burmistrz Danuta Madej<\/b><\/p>\n<p>&#8211; Rok 2016 pod wzgl\u0119dem finansowym ko\u0144czymy bardzo dobrze. Te pieni\u0105dze to efekt w\u0142a\u015bciwego gospodarowania pieni\u0119dzmi w roku ubieg\u0142ym, a tak\u017ce wp\u0142ywami z podatk\u00f3w PIT i CIT. Wynika to z dobrze prosperuj\u0105cych przedsi\u0119biorstw i tak zwanego ruchu w interesie. W mie\u015bcie w\u0142a\u015bciwie nie m\u00f3wimy o problemie bezrobocia &#8211; ludzie pracuj\u0105, p\u0142ac\u0105 podatki do urz\u0119du skarbowego, a cz\u0119\u015b\u0107 z nich trafia do kasy miasta. W ten spos\u00f3b mamy wi\u0119ksze dochody, ni\u017c planowali\u015bmy.<\/p>\n<p>Systematycznie zmniejszamy te\u017c zad\u0142u\u017cenie. Zwi\u0119kszy si\u0119 bud\u017cet inwestycyjny miasta oraz wsparcie dla mieszka\u0144c\u00f3w, w tym dop\u0142aty do \u015bciek\u00f3w oraz do wymiany piec\u00f3w. Zwi\u0119kszamy bud\u017cet Wydzia\u0142u Infrastruktury Technicznej i Ochrony \u015arodowiska. Na bie\u017c\u0105ce remonty w tegorocznym bud\u017cecie mamy 3 miliony. Dodali\u015bmy teraz dwa. W ubieg\u0142ym roku na ten cel wydali\u015bmy 4 miliony, czyli mamy teraz milionowy zapas &#8211; g\u0142\u00f3wnie w\u0142a\u015bnie z my\u015bl\u0105 o wymianie jak najwi\u0119kszej ilo\u015bci starych piec\u00f3w w mie\u015bcie.<\/p>\n<p id=\"tekst\" align=\"right\"><i>Andrzej Buczy\u0144ski<\/i><\/p>\n","protected":false},"excerpt":{"rendered":"<p>Na obradach kwietniowej sesji rady miejskiej pojawi\u0142a si\u0119 uchwa\u0142a o zatwierdzeniu wolnych \u015brodk\u00f3w, kt\u00f3re zasil\u0105 bud\u017cet miasta. Wst\u0119pnie rozdysponowano ju\u017c ca\u0142\u0105 kwot\u0119. Dzi\u0119ki oszcz\u0119dno\u015bciom z przetarg\u00f3w oraz wp\u0142ywom z podatk\u00f3w Wydzia\u0142 Infrastruktury Technicznej i Ochrony \u015arodowiska otrzyma dodatkowe 2 miliony z\u0142otych. B\u0119d\u0105 to na przyk\u0142ad na remonty dr\u00f3g. Cz\u0119\u015b\u0107 z tych pieni\u0119dzy p\u00f3jdzie tak\u017ce na [&hellip;]<\/p>\n","protected":false},"author":2,"featured_media":2481,"comment_status":"closed","ping_status":"closed","sticky":false,"template":"","format":"standard","meta":{"_monsterinsights_skip_tracking":false,"_monsterinsights_sitenote_active":false,"_monsterinsights_sitenote_note":"","_monsterinsights_sitenote_category":0,"footnotes":""},"categories":[20],"tags":[90,315,321,320,53,146,52,74,375,344,350,383,111,68,374,394,122,73,49,66],"class_list":["post-2479","post","type-post","status-publish","format-standard","has-post-thumbnail","hentry","category-informacje","tag-burmiastrz-miasta-zary","tag-danuta-madej","tag-gazeta-zagan","tag-gazeta-zary","tag-informacje-lubuskie","tag-informacje-powiat-zary","tag-informacje-zagan","tag-informacje-zary","tag-moja-gazeta-lokalna-zary-zagan","tag-moja-gazeta-regionalna-zagan-zary","tag-moja-gazeta-tygodnik-regionalny-zary-zagan","tag-tygodnik-zagan","tag-tygodnik-zary","tag-urzad-miasta-zary","tag-wiadomosci-lubuskie","tag-wiadomosci-powiat-zary","tag-wiadomosci-zagan","tag-wiadomosci-zary","tag-zagan","tag-zary"],"_links":{"self":[{"href":"https:\/\/moja24.pl\/index.php\/wp-json\/wp\/v2\/posts\/2479","targetHints":{"allow":["GET"]}}],"collection":[{"href":"https:\/\/moja24.pl\/index.php\/wp-json\/wp\/v2\/posts"}],"about":[{"href":"https:\/\/moja24.pl\/index.php\/wp-json\/wp\/v2\/types\/post"}],"author":[{"embeddable":true,"href":"https:\/\/moja24.pl\/index.php\/wp-json\/wp\/v2\/users\/2"}],"replies":[{"embeddable":true,"href":"https:\/\/moja24.pl\/index.php\/wp-json\/wp\/v2\/comments?post=2479"}],"version-history":[{"count":3,"href":"https:\/\/moja24.pl\/index.php\/wp-json\/wp\/v2\/posts\/2479\/revisions"}],"predecessor-version":[{"id":2551,"href":"https:\/\/moja24.pl\/index.php\/wp-json\/wp\/v2\/posts\/2479\/revisions\/2551"}],"wp:featuredmedia":[{"embeddable":true,"href":"https:\/\/moja24.pl\/index.php\/wp-json\/wp\/v2\/media\/2481"}],"wp:attachment":[{"href":"https:\/\/moja24.pl\/index.php\/wp-json\/wp\/v2\/media?parent=2479"}],"wp:term":[{"taxonomy":"category","embeddable":true,"href":"https:\/\/moja24.pl\/index.php\/wp-json\/wp\/v2\/categories?post=2479"},{"taxonomy":"post_tag","embeddable":true,"href":"https:\/\/moja24.pl\/index.php\/wp-json\/wp\/v2\/tags?post=2479"}],"curies":[{"name":"wp","href":"https:\/\/api.w.org\/{rel}","templated":true}]}}