{"id":24810,"date":"2023-05-10T09:22:24","date_gmt":"2023-05-10T07:22:24","guid":{"rendered":"https:\/\/moja24.pl\/?p=24810"},"modified":"2023-05-10T09:22:24","modified_gmt":"2023-05-10T07:22:24","slug":"poszukiwany-zatrzymany-po-poscigu","status":"publish","type":"post","link":"https:\/\/moja24.pl\/index.php\/2023\/05\/10\/poszukiwany-zatrzymany-po-poscigu\/","title":{"rendered":"Poszukiwany zatrzymany po po\u015bcigu"},"content":{"rendered":"<div data-canvas-width=\"600.5440000000001\"><strong><span style=\"color: #ff0000;\">\u017bARY<\/span> | Kieruj\u0105cy renault clio zignorowa\u0142 sygna\u0142y \u015bwietlne i d\u017awi\u0119kowe, po skutecznym po\u015bcigu\u00a0\u017carskich funkcjonariuszy zosta\u0142 zatrzymany. Okaza\u0142o si\u0119, \u017ce 35-letni m\u0119\u017cczyzna by\u0142 poszukiwany, a za kierownic\u0119 wsiad\u0142 pomimo zakazu prowadzenia pojazd\u00f3w. Przy sobie\u00a0<\/strong><strong>posiada\u0142 tak\u017ce narkotyki. Teraz odpowie za pope\u0142nione przest\u0119pstwa.<\/strong><\/div>\n<div data-canvas-width=\"480.17600000000004\"><\/div>\n<div data-canvas-width=\"480.17600000000004\">W niedziel\u0119 (07.05) w nocy policjanci z \u017carskiej komendy na ulicy Katowickiej w \u017barach<\/div>\n<div data-canvas-width=\"619.5839999999998\">wytypowali do kontroli samoch\u00f3d marki Renault Clio. W\u0142\u0105czyli sygna\u0142y \u015bwietlne i d\u017awi\u0119kowe,\u00a0aby zatrzyma\u0107 pojazd i przeprowadzi\u0107 kontrol\u0119 drogow\u0105. Kieruj\u0105cy jednak zignorowa\u0142 je,\u00a0przyspieszy\u0142 i rozpocz\u0105\u0142 ucieczk\u0119 ulicami miasta. W pewnej chwili zatrzyma\u0142 pojazd na poboczu i\u00a0kontynuowa\u0142 ucieczk\u0119 pieszo. Policjanci udali si\u0119 w \u015blad za nim i po kr\u00f3tkiej chwili zatrzymali\u00a0m\u0119\u017cczyzn\u0119. Podczas przeszukania funkcjonariusze w kieszeniach znale\u017ali metalowe pude\u0142ko z\u00a0zawarto\u015bci\u0105 bia\u0142ej substancji. Test narkotykowy wykaza\u0142, \u017ce jest to metamfetamina. Substancja\u00a0zosta\u0142a zabezpieczona do dalszych bada\u0144 laboratoryjnych, od m\u0119\u017cczyzny zosta\u0142a pobrana krew. Po\u00a0sprawdzeniu w bazach policyjnych okaza\u0142o si\u0119 r\u00f3wnie\u017c, \u017ce 35-latek jest poszukiwany do odbycia\u00a0kary pozbawienia wolno\u015bci w wymiarze blisko jednego roku, a tak\u017ce posiada aktywnych zakaz\u00a0prowadzenia wszelkich pojazd\u00f3w mechanicznych. Teraz mieszkaniec powiatu \u017carskiego odpowie\u00a0za pope\u0142nione przest\u0119pstwa.<\/div>\n<div data-canvas-width=\"562.752\">Ka\u017cdy kierowca, kt\u00f3ry \u015bwiadomie zmusi funkcjonariuszy do po\u015bcigu i nie zatrzyma si\u0119<\/div>\n<div data-canvas-width=\"575.6799999999998\">mimo wydawanych mu polece\u0144 w postaci sygna\u0142\u00f3w \u015bwietlnych i d\u017awi\u0119kowych, pope\u0142nia<\/div>\n<div data-canvas-width=\"391.36\">przest\u0119pstwo zagro\u017cone kar\u0105 pozbawienia wolno\u015bci do lat 5.<\/div>\n<div data-canvas-width=\"171.728\"><\/div>\n<div style=\"text-align: right;\" data-canvas-width=\"171.728\"><span style=\"color: #999999;\"><strong>nadkom. Aneta Berestecka<\/strong><\/span><\/div>\n","protected":false},"excerpt":{"rendered":"<p>\u017bARY | Kieruj\u0105cy renault clio zignorowa\u0142 sygna\u0142y \u015bwietlne i d\u017awi\u0119kowe, po skutecznym po\u015bcigu\u00a0\u017carskich funkcjonariuszy zosta\u0142 zatrzymany. Okaza\u0142o si\u0119, \u017ce 35-letni m\u0119\u017cczyzna by\u0142 poszukiwany, a za kierownic\u0119 wsiad\u0142 pomimo zakazu prowadzenia pojazd\u00f3w. Przy sobie\u00a0posiada\u0142 tak\u017ce narkotyki. Teraz odpowie za pope\u0142nione przest\u0119pstwa. W niedziel\u0119 (07.05) w nocy policjanci z \u017carskiej komendy na ulicy Katowickiej w \u017barach wytypowali [&hellip;]<\/p>\n","protected":false},"author":4,"featured_media":24809,"comment_status":"closed","ping_status":"closed","sticky":false,"template":"","format":"standard","meta":{"_monsterinsights_skip_tracking":false,"_monsterinsights_sitenote_active":false,"_monsterinsights_sitenote_note":"","_monsterinsights_sitenote_category":0,"footnotes":""},"categories":[20,28,21],"tags":[473,109,513,1119,1222,66],"class_list":["post-24810","post","type-post","status-publish","format-standard","has-post-thumbnail","hentry","category-informacje","category-wiadomosci","category-wypadki-przypadki","tag-komenda-powiatowa-policji-w-zarach","tag-moja-gazeta","tag-narkotyki","tag-policja","tag-poscig","tag-zary"],"_links":{"self":[{"href":"https:\/\/moja24.pl\/index.php\/wp-json\/wp\/v2\/posts\/24810","targetHints":{"allow":["GET"]}}],"collection":[{"href":"https:\/\/moja24.pl\/index.php\/wp-json\/wp\/v2\/posts"}],"about":[{"href":"https:\/\/moja24.pl\/index.php\/wp-json\/wp\/v2\/types\/post"}],"author":[{"embeddable":true,"href":"https:\/\/moja24.pl\/index.php\/wp-json\/wp\/v2\/users\/4"}],"replies":[{"embeddable":true,"href":"https:\/\/moja24.pl\/index.php\/wp-json\/wp\/v2\/comments?post=24810"}],"version-history":[{"count":2,"href":"https:\/\/moja24.pl\/index.php\/wp-json\/wp\/v2\/posts\/24810\/revisions"}],"predecessor-version":[{"id":24812,"href":"https:\/\/moja24.pl\/index.php\/wp-json\/wp\/v2\/posts\/24810\/revisions\/24812"}],"wp:featuredmedia":[{"embeddable":true,"href":"https:\/\/moja24.pl\/index.php\/wp-json\/wp\/v2\/media\/24809"}],"wp:attachment":[{"href":"https:\/\/moja24.pl\/index.php\/wp-json\/wp\/v2\/media?parent=24810"}],"wp:term":[{"taxonomy":"category","embeddable":true,"href":"https:\/\/moja24.pl\/index.php\/wp-json\/wp\/v2\/categories?post=24810"},{"taxonomy":"post_tag","embeddable":true,"href":"https:\/\/moja24.pl\/index.php\/wp-json\/wp\/v2\/tags?post=24810"}],"curies":[{"name":"wp","href":"https:\/\/api.w.org\/{rel}","templated":true}]}}