{"id":24817,"date":"2023-05-11T20:18:46","date_gmt":"2023-05-11T18:18:46","guid":{"rendered":"https:\/\/moja24.pl\/?p=24817"},"modified":"2023-05-11T20:18:46","modified_gmt":"2023-05-11T18:18:46","slug":"zarskie-atrakcje-z-okazji-nocy-muzeow-12-14-maja","status":"publish","type":"post","link":"https:\/\/moja24.pl\/index.php\/2023\/05\/11\/zarskie-atrakcje-z-okazji-nocy-muzeow-12-14-maja\/","title":{"rendered":"\u017barskie atrakcje z okazji Nocy Muze\u00f3w (12-14 maja)"},"content":{"rendered":"<p><strong><span style=\"color: #ff0000;\">\u017bARY<\/span> | Doroczna impreza \u017carskiego Muzeum Pogranicza \u015al\u0105sko-\u0141u\u017cyckiego zapowiada si\u0119 niezwykle interesuj\u0105co. Sprawd\u017amy, jakie atrakcje przygotowano.<\/strong><\/p>\n<p>Ju\u017c w pi\u0105tek, 12 maja, o godz. 17.00 odb\u0119dzie si\u0119 uroczyste otwarcie sali porcelanowej po ca\u0142kowitej metamorfozie. Z tej okazji przygotowano now\u0105 wystaw\u0119 \u017carskiej porcelany ze zbior\u00f3w cz\u0142onk\u00f3w Stowarzyszenia Mi\u0142o\u015bnik\u00f3w \u017barskiej Porcelany. Je\u015bli wi\u0119c kto\u015b ju\u017c wcze\u015bniej zwiedza\u0142 porcelanow\u0105 wystaw\u0119 w \u017carskim muzeum, tym razem b\u0119dzie mia\u0142 okazj\u0119 zobaczy\u0107 wiele zupe\u0142nie innych eksponat\u00f3w, w\u015br\u00f3d kt\u00f3rych s\u0105 pono\u0107 prawdziwe pere\u0142ki. Oprowadzanie po wystawie zaplanowano na sobot\u0119, na godzin\u0119 16.30.<\/p>\n<p>B\u0119dzie te\u017c atrakcja dla mi\u0142o\u015bnik\u00f3w wojskowo\u015bci i wszystkich zainteresowanych histori\u0105 \u017carskiego garnizonu, kt\u00f3ry stacjonowa\u0142 w \u017barach w latach 1945-2001. Dotychczasowy &#8222;k\u0105cik&#8221; wojskowy zamieniono na sal\u0119 po\u015bwi\u0119con\u0105 tej tematyce. W pracach nad przygotowaniem nowej ekspozycji brali udzia\u0142 mi\u0119dzy innymi emerytowani oficerowie zwi\u0105zani z \u017carskim garnizonem &#8211; Waldemar Kotula i Krzysztof Polusik. To w\u0142a\u015bnie oni b\u0119d\u0105 oprowadza\u0107 po nowej wystawie w sobot\u0119, 13 maja, o godz. 20.00.<\/p>\n<p>No i wreszcie co\u015b&#8230; z nieco innej beczki. Co\u015b, co mo\u017ce zainteresowa\u0107 zar\u00f3wno nastolatka, jak i osoby z kategorii wiekowej 50+. Historia i nowoczesno\u015b\u0107 w jednym, czyli &#8222;Retro gry&#8221; na dawnych komputerach i konsolach. Je\u015bli wiecie, co to takiego Commodore 64, Amiga, Pegasus, Nintendo, itp., to z pewno\u015bci\u0105 nie trzeba was zach\u0119ca\u0107 do odwiedzenia \u017carskiego muzeum 13 maja w godz. 16.00-23.00 i 14 maja w godz. 11.00-16.00. B\u0119dzie mo\u017cna sobie pogra\u0107 na kilkunastu specjalnie na t\u0119 okazj\u0119 przygotowanych stanowiskach. Ciekawostk\u0105 jest to, \u017ce najstarsza z gier mia\u0142a swoj\u0105 premier\u0119 44 lata temu!<\/p>\n<p>Wi\u0119cej szczeg\u00f3\u0142\u00f3w na plakacie poni\u017cej.<\/p>\n<p><img loading=\"lazy\" decoding=\"async\" class=\"aligncenter size-full wp-image-24815\" src=\"https:\/\/moja24.pl\/wp-content\/uploads\/2023\/05\/343583369_3463123533899098_7447852274353273799_n.jpg\" alt=\"\" width=\"681\" height=\"960\" srcset=\"https:\/\/moja24.pl\/wp-content\/uploads\/2023\/05\/343583369_3463123533899098_7447852274353273799_n.jpg 681w, https:\/\/moja24.pl\/wp-content\/uploads\/2023\/05\/343583369_3463123533899098_7447852274353273799_n-213x300.jpg 213w, https:\/\/moja24.pl\/wp-content\/uploads\/2023\/05\/343583369_3463123533899098_7447852274353273799_n-298x420.jpg 298w, https:\/\/moja24.pl\/wp-content\/uploads\/2023\/05\/343583369_3463123533899098_7447852274353273799_n-220x310.jpg 220w, https:\/\/moja24.pl\/wp-content\/uploads\/2023\/05\/343583369_3463123533899098_7447852274353273799_n-74x105.jpg 74w\" sizes=\"auto, (max-width: 681px) 100vw, 681px\" \/><\/p>\n<p style=\"text-align: right;\"><strong><span style=\"color: #999999;\">Andrzej Buczy\u0144ski<\/span><\/strong><\/p>\n","protected":false},"excerpt":{"rendered":"<p>\u017bARY | Doroczna impreza \u017carskiego Muzeum Pogranicza \u015al\u0105sko-\u0141u\u017cyckiego zapowiada si\u0119 niezwykle interesuj\u0105co. Sprawd\u017amy, jakie atrakcje przygotowano. Ju\u017c w pi\u0105tek, 12 maja, o godz. 17.00 odb\u0119dzie si\u0119 uroczyste otwarcie sali porcelanowej po ca\u0142kowitej metamorfozie. Z tej okazji przygotowano now\u0105 wystaw\u0119 \u017carskiej porcelany ze zbior\u00f3w cz\u0142onk\u00f3w Stowarzyszenia Mi\u0142o\u015bnik\u00f3w \u017barskiej Porcelany. Je\u015bli wi\u0119c kto\u015b ju\u017c wcze\u015bniej zwiedza\u0142 porcelanow\u0105 [&hellip;]<\/p>\n","protected":false},"author":4,"featured_media":24816,"comment_status":"closed","ping_status":"closed","sticky":false,"template":"","format":"standard","meta":{"_monsterinsights_skip_tracking":false,"_monsterinsights_sitenote_active":false,"_monsterinsights_sitenote_note":"","_monsterinsights_sitenote_category":0,"footnotes":""},"categories":[20,25,28],"tags":[2944,109,2059,274,2511,2943,2942,66],"class_list":["post-24817","post","type-post","status-publish","format-standard","has-post-thumbnail","hentry","category-informacje","category-kultura-i-rozrywka","category-wiadomosci","tag-garnizon-zary","tag-moja-gazeta","tag-muzeum","tag-muzeum-pogranicza-slasko-luzyckiego","tag-noc-muzeow","tag-porcelana","tag-retro-gry","tag-zary"],"_links":{"self":[{"href":"https:\/\/moja24.pl\/index.php\/wp-json\/wp\/v2\/posts\/24817","targetHints":{"allow":["GET"]}}],"collection":[{"href":"https:\/\/moja24.pl\/index.php\/wp-json\/wp\/v2\/posts"}],"about":[{"href":"https:\/\/moja24.pl\/index.php\/wp-json\/wp\/v2\/types\/post"}],"author":[{"embeddable":true,"href":"https:\/\/moja24.pl\/index.php\/wp-json\/wp\/v2\/users\/4"}],"replies":[{"embeddable":true,"href":"https:\/\/moja24.pl\/index.php\/wp-json\/wp\/v2\/comments?post=24817"}],"version-history":[{"count":1,"href":"https:\/\/moja24.pl\/index.php\/wp-json\/wp\/v2\/posts\/24817\/revisions"}],"predecessor-version":[{"id":24818,"href":"https:\/\/moja24.pl\/index.php\/wp-json\/wp\/v2\/posts\/24817\/revisions\/24818"}],"wp:featuredmedia":[{"embeddable":true,"href":"https:\/\/moja24.pl\/index.php\/wp-json\/wp\/v2\/media\/24816"}],"wp:attachment":[{"href":"https:\/\/moja24.pl\/index.php\/wp-json\/wp\/v2\/media?parent=24817"}],"wp:term":[{"taxonomy":"category","embeddable":true,"href":"https:\/\/moja24.pl\/index.php\/wp-json\/wp\/v2\/categories?post=24817"},{"taxonomy":"post_tag","embeddable":true,"href":"https:\/\/moja24.pl\/index.php\/wp-json\/wp\/v2\/tags?post=24817"}],"curies":[{"name":"wp","href":"https:\/\/api.w.org\/{rel}","templated":true}]}}