{"id":24895,"date":"2023-09-08T14:29:26","date_gmt":"2023-09-08T12:29:26","guid":{"rendered":"https:\/\/moja24.pl\/?p=24895"},"modified":"2023-09-08T14:29:26","modified_gmt":"2023-09-08T12:29:26","slug":"ciekawe-wydarzenia-w-zarach-8-10-wrzesnia-2023","status":"publish","type":"post","link":"https:\/\/moja24.pl\/index.php\/2023\/09\/08\/ciekawe-wydarzenia-w-zarach-8-10-wrzesnia-2023\/","title":{"rendered":"Ciekawe wydarzenia w \u017barach &#8211; 8-10 wrze\u015bnia 2023"},"content":{"rendered":"<p><strong><span style=\"color: #ff0000;\">\u017bARY<\/span> | W ramach obchod\u00f3w Europejskich Dni Dziedzictwa w \u017carskiej bibliotece, w zamku, w ratuszu oraz w muzeum odb\u0119d\u0105 si\u0119 ciekawe wydarzenia kulturalne. Szczeg\u00f3\u0142y na plakacie.<\/strong><\/p>\n<p><img loading=\"lazy\" decoding=\"async\" class=\"aligncenter size-full wp-image-24891\" src=\"https:\/\/moja24.pl\/wp-content\/uploads\/2023\/09\/plakat-A2-EDD-2023-v3-scaled.jpg\" alt=\"\" width=\"1814\" height=\"2560\" srcset=\"https:\/\/moja24.pl\/wp-content\/uploads\/2023\/09\/plakat-A2-EDD-2023-v3-scaled.jpg 1814w, https:\/\/moja24.pl\/wp-content\/uploads\/2023\/09\/plakat-A2-EDD-2023-v3-213x300.jpg 213w, https:\/\/moja24.pl\/wp-content\/uploads\/2023\/09\/plakat-A2-EDD-2023-v3-1209x1707.jpg 1209w, https:\/\/moja24.pl\/wp-content\/uploads\/2023\/09\/plakat-A2-EDD-2023-v3-768x1084.jpg 768w, https:\/\/moja24.pl\/wp-content\/uploads\/2023\/09\/plakat-A2-EDD-2023-v3-1088x1536.jpg 1088w, https:\/\/moja24.pl\/wp-content\/uploads\/2023\/09\/plakat-A2-EDD-2023-v3-1451x2048.jpg 1451w, https:\/\/moja24.pl\/wp-content\/uploads\/2023\/09\/plakat-A2-EDD-2023-v3-696x982.jpg 696w, https:\/\/moja24.pl\/wp-content\/uploads\/2023\/09\/plakat-A2-EDD-2023-v3-1068x1507.jpg 1068w, https:\/\/moja24.pl\/wp-content\/uploads\/2023\/09\/plakat-A2-EDD-2023-v3-298x420.jpg 298w, https:\/\/moja24.pl\/wp-content\/uploads\/2023\/09\/plakat-A2-EDD-2023-v3-220x310.jpg 220w, https:\/\/moja24.pl\/wp-content\/uploads\/2023\/09\/plakat-A2-EDD-2023-v3-74x105.jpg 74w\" sizes=\"auto, (max-width: 1814px) 100vw, 1814px\" \/><\/p>\n<p style=\"text-align: right;\"><span style=\"color: #999999;\">ATB<\/span><\/p>\n","protected":false},"excerpt":{"rendered":"<p>\u017bARY | W ramach obchod\u00f3w Europejskich Dni Dziedzictwa w \u017carskiej bibliotece, w zamku, w ratuszu oraz w muzeum odb\u0119d\u0105 si\u0119 ciekawe wydarzenia kulturalne. Szczeg\u00f3\u0142y na plakacie. ATB<\/p>\n","protected":false},"author":4,"featured_media":24890,"comment_status":"closed","ping_status":"closed","sticky":false,"template":"","format":"standard","meta":{"_monsterinsights_skip_tracking":false,"_monsterinsights_sitenote_active":false,"_monsterinsights_sitenote_note":"","_monsterinsights_sitenote_category":0,"footnotes":""},"categories":[20,25,28],"tags":[1118,2950,1169,109,2059,2227,1704,66],"class_list":["post-24895","post","type-post","status-publish","format-standard","has-post-thumbnail","hentry","category-informacje","category-kultura-i-rozrywka","category-wiadomosci","tag-biblioteka","tag-edd","tag-koncert","tag-moja-gazeta","tag-muzeum","tag-ratusz","tag-zamek","tag-zary"],"_links":{"self":[{"href":"https:\/\/moja24.pl\/index.php\/wp-json\/wp\/v2\/posts\/24895","targetHints":{"allow":["GET"]}}],"collection":[{"href":"https:\/\/moja24.pl\/index.php\/wp-json\/wp\/v2\/posts"}],"about":[{"href":"https:\/\/moja24.pl\/index.php\/wp-json\/wp\/v2\/types\/post"}],"author":[{"embeddable":true,"href":"https:\/\/moja24.pl\/index.php\/wp-json\/wp\/v2\/users\/4"}],"replies":[{"embeddable":true,"href":"https:\/\/moja24.pl\/index.php\/wp-json\/wp\/v2\/comments?post=24895"}],"version-history":[{"count":2,"href":"https:\/\/moja24.pl\/index.php\/wp-json\/wp\/v2\/posts\/24895\/revisions"}],"predecessor-version":[{"id":24897,"href":"https:\/\/moja24.pl\/index.php\/wp-json\/wp\/v2\/posts\/24895\/revisions\/24897"}],"wp:featuredmedia":[{"embeddable":true,"href":"https:\/\/moja24.pl\/index.php\/wp-json\/wp\/v2\/media\/24890"}],"wp:attachment":[{"href":"https:\/\/moja24.pl\/index.php\/wp-json\/wp\/v2\/media?parent=24895"}],"wp:term":[{"taxonomy":"category","embeddable":true,"href":"https:\/\/moja24.pl\/index.php\/wp-json\/wp\/v2\/categories?post=24895"},{"taxonomy":"post_tag","embeddable":true,"href":"https:\/\/moja24.pl\/index.php\/wp-json\/wp\/v2\/tags?post=24895"}],"curies":[{"name":"wp","href":"https:\/\/api.w.org\/{rel}","templated":true}]}}