{"id":24928,"date":"2023-10-17T11:49:43","date_gmt":"2023-10-17T09:49:43","guid":{"rendered":"https:\/\/moja24.pl\/?p=24928"},"modified":"2023-10-17T11:49:43","modified_gmt":"2023-10-17T09:49:43","slug":"kandydaci-do-sejmu-z-zar-takie-uzyskali-poparcie","status":"publish","type":"post","link":"https:\/\/moja24.pl\/index.php\/2023\/10\/17\/kandydaci-do-sejmu-z-zar-takie-uzyskali-poparcie\/","title":{"rendered":"Kandydaci do Sejmu z \u017bar. Takie uzyskali poparcie"},"content":{"rendered":"<p><strong><span style=\"color: #ff0000;\">\u017bARY<\/span> | Mieszka\u0144cy \u017bar kandydowali do Sejmu w wyborach przeprowadzonych 15 pa\u017adziernika 2023 r. Sprawd\u017amy, ile zdobyli g\u0142os\u00f3w, zar\u00f3wno w \u017barach, jak i w ca\u0142ym okr\u0119gu wyborczym.<\/strong><\/p>\n<p><strong><span style=\"color: #ff0000;\">POP\u0141AWSKI Dariusz<\/span><\/strong><br \/>\nzaw\u00f3d &#8211; emeryt\/rencista wojskowy<br \/>\ncz\u0142onek partii politycznej: Polska 2050 Szymona Ho\u0142owni<br \/>\n<strong>3075<\/strong> g\u0142os\u00f3w \u0142\u0105cznie<br \/>\n<strong>552<\/strong> g\u0142osy w \u017barach<\/p>\n<p><strong><span style=\"color: #ff0000;\">WERSTLER-WOJTASZEK Joanna Magdalena<\/span><\/strong><br \/>\nzaw\u00f3d &#8211; przedstawiciel w\u0142adzy samorz\u0105dowej (radny)<br \/>\ncz\u0142onek partii politycznej: Prawo i Sprawiedliwo\u015b\u0107<br \/>\n<strong>1285<\/strong> g\u0142os\u00f3w \u0142\u0105cznie<br \/>\n<strong>680<\/strong> g\u0142os\u00f3w w \u017barach<\/p>\n<p><span style=\"color: #ff0000;\"><strong>DRZEWIECKA-WILUSZ Kornelia Katarzyna<\/strong><\/span><br \/>\nzaw\u00f3d &#8211; nauczyciel<br \/>\nnie nale\u017cy do partii politycznej<br \/>\nstartowa\u0142 z listy Koalicji Obywatelskiej<br \/>\n<strong>1107<\/strong> g\u0142os\u00f3w \u0142\u0105cznie<br \/>\n<strong>551<\/strong> g\u0142os\u00f3w w \u017barach<\/p>\n<p><span style=\"color: #ff0000;\"><strong>POGORZELEC Rados\u0142aw Roman<\/strong><\/span><br \/>\nprzez wiele lat mieszkaniec \u017bar, a obecnie Olbrachtowa<br \/>\nzaw\u00f3d &#8211; pedagog<br \/>\ncz\u0142onek partii politycznej: Nowa Lewica<br \/>\n<strong>982<\/strong> g\u0142osy \u0142\u0105cznie<br \/>\n<strong>513<\/strong> g\u0142os\u00f3w w \u017barach<br \/>\n<strong>186<\/strong> g\u0142os\u00f3w w gminie \u017bary<\/p>\n<p><strong><span style=\"color: #ff0000;\">GAJDEMSKI Mateusz<\/span><\/strong><br \/>\nzaw\u00f3d &#8211; informatyk<br \/>\nnie nale\u017cy do partii politycznej<br \/>\nstartowa\u0142 z listy Koalicji Obywatelskiej<br \/>\n<strong>815<\/strong> g\u0142os\u00f3w \u0142\u0105cznie<br \/>\n<strong>321<\/strong> g\u0142os\u00f3w w \u017barach<\/p>\n<p><strong><span style=\"color: #ff0000;\">ISSEL Joanna Bronis\u0142awa<\/span><\/strong><br \/>\nzaw\u00f3d &#8211; nauczyciel<br \/>\ncz\u0142onek partii politycznej: Prawo i Sprawiedliwo\u015b\u0107<br \/>\n<strong>712<\/strong> g\u0142os\u00f3w \u0142\u0105cznie<br \/>\n<strong>336<\/strong> g\u0142os\u00f3w w \u017barach<\/p>\n<p><span style=\"color: #ff0000;\"><strong>HA\u0141ABURA Damian Karol<\/strong><\/span><br \/>\nzaw\u00f3d &#8211; socjolog<br \/>\ncz\u0142onek partii politycznej: Nowa Lewica<br \/>\n<strong>602<\/strong> g\u0142osy \u0142\u0105cznie<br \/>\n<strong>128<\/strong> g\u0142os\u00f3w w \u017barach<\/p>\n<p style=\"text-align: right;\">ATB (\u017ar\u00f3d\u0142o PKW)<\/p>\n","protected":false},"excerpt":{"rendered":"<p>\u017bARY | Mieszka\u0144cy \u017bar kandydowali do Sejmu w wyborach przeprowadzonych 15 pa\u017adziernika 2023 r. Sprawd\u017amy, ile zdobyli g\u0142os\u00f3w, zar\u00f3wno w \u017barach, jak i w ca\u0142ym okr\u0119gu wyborczym. POP\u0141AWSKI Dariusz zaw\u00f3d &#8211; emeryt\/rencista wojskowy cz\u0142onek partii politycznej: Polska 2050 Szymona Ho\u0142owni 3075 g\u0142os\u00f3w \u0142\u0105cznie 552 g\u0142osy w \u017barach WERSTLER-WOJTASZEK Joanna Magdalena zaw\u00f3d &#8211; przedstawiciel w\u0142adzy samorz\u0105dowej [&hellip;]<\/p>\n","protected":false},"author":4,"featured_media":24926,"comment_status":"closed","ping_status":"closed","sticky":false,"template":"","format":"standard","meta":{"_monsterinsights_skip_tracking":false,"_monsterinsights_sitenote_active":false,"_monsterinsights_sitenote_note":"","_monsterinsights_sitenote_category":0,"footnotes":""},"categories":[20,28],"tags":[109,1231,66],"class_list":["post-24928","post","type-post","status-publish","format-standard","has-post-thumbnail","hentry","category-informacje","category-wiadomosci","tag-moja-gazeta","tag-wybory","tag-zary"],"_links":{"self":[{"href":"https:\/\/moja24.pl\/index.php\/wp-json\/wp\/v2\/posts\/24928","targetHints":{"allow":["GET"]}}],"collection":[{"href":"https:\/\/moja24.pl\/index.php\/wp-json\/wp\/v2\/posts"}],"about":[{"href":"https:\/\/moja24.pl\/index.php\/wp-json\/wp\/v2\/types\/post"}],"author":[{"embeddable":true,"href":"https:\/\/moja24.pl\/index.php\/wp-json\/wp\/v2\/users\/4"}],"replies":[{"embeddable":true,"href":"https:\/\/moja24.pl\/index.php\/wp-json\/wp\/v2\/comments?post=24928"}],"version-history":[{"count":1,"href":"https:\/\/moja24.pl\/index.php\/wp-json\/wp\/v2\/posts\/24928\/revisions"}],"predecessor-version":[{"id":24929,"href":"https:\/\/moja24.pl\/index.php\/wp-json\/wp\/v2\/posts\/24928\/revisions\/24929"}],"wp:featuredmedia":[{"embeddable":true,"href":"https:\/\/moja24.pl\/index.php\/wp-json\/wp\/v2\/media\/24926"}],"wp:attachment":[{"href":"https:\/\/moja24.pl\/index.php\/wp-json\/wp\/v2\/media?parent=24928"}],"wp:term":[{"taxonomy":"category","embeddable":true,"href":"https:\/\/moja24.pl\/index.php\/wp-json\/wp\/v2\/categories?post=24928"},{"taxonomy":"post_tag","embeddable":true,"href":"https:\/\/moja24.pl\/index.php\/wp-json\/wp\/v2\/tags?post=24928"}],"curies":[{"name":"wp","href":"https:\/\/api.w.org\/{rel}","templated":true}]}}