{"id":24947,"date":"2023-10-26T21:23:32","date_gmt":"2023-10-26T19:23:32","guid":{"rendered":"https:\/\/moja24.pl\/?p=24947"},"modified":"2023-10-26T21:23:32","modified_gmt":"2023-10-26T19:23:32","slug":"bezplatna-rehabilitacja-dla-mieszkancow-zar","status":"publish","type":"post","link":"https:\/\/moja24.pl\/index.php\/2023\/10\/26\/bezplatna-rehabilitacja-dla-mieszkancow-zar\/","title":{"rendered":"Bezp\u0142atna rehabilitacja dla mieszka\u0144c\u00f3w \u017bar"},"content":{"rendered":"<p><strong><span style=\"color: #ff0000;\">\u017bARY<\/span> | Burmistrz Miasta \u017bary Danuta Madej oraz Rada Miejska w \u017barach zapraszaj\u0105 mieszka\u0144c\u00f3w miasta w wieku od 40 do 64 roku \u017cycia, maj\u0105cych dolegliwo\u015bci narz\u0105du ruchu, urazy uk\u0142adu kostno-stawowego, schorzenia obwodowego uk\u0142adu nerwowego oraz lecz\u0105cych si\u0119 na choroby zapalne uk\u0142adu kostno-stawowego i mi\u0119\u015bniowego do udzia\u0142u w Programie nieodp\u0142atnej rehabilitacji leczniczej.<\/strong><\/p>\n<p>Osoby zainteresowane rehabilitacj\u0105 (posiadaj\u0105ce skierowanie od lekarza opieki zdrowotnej) powinny zg\u0142asza\u0107 si\u0119 do realizatora programu &#8211; Centrum Rehabilitacji i Masa\u017cu w \u017barach, ul. G\u0142ogowska 5A, tel. 792 399 577 (rejestracja w godz. od 8.00 do 17.00). Rehabilitacja odbywa si\u0119 od poniedzia\u0142ku do pi\u0105tku w godz.: 8:00 do 20:00. Termin realizacji \u015bwiadcze\u0144 &#8211; do 15 grudnia 2023 r. Szczeg\u00f3\u0142owe informacje mo\u017cna uzyska\u0107 w Wydziale Spraw Spo\u0142ecznych Urz\u0119du Miejskiego w \u017barach lub telefonicznie 68 470 83 47.<\/p>\n<p style=\"text-align: right;\"><span style=\"color: #999999;\">OG\u0141OSZENIE<\/span><\/p>\n","protected":false},"excerpt":{"rendered":"<p>\u017bARY | Burmistrz Miasta \u017bary Danuta Madej oraz Rada Miejska w \u017barach zapraszaj\u0105 mieszka\u0144c\u00f3w miasta w wieku od 40 do 64 roku \u017cycia, maj\u0105cych dolegliwo\u015bci narz\u0105du ruchu, urazy uk\u0142adu kostno-stawowego, schorzenia obwodowego uk\u0142adu nerwowego oraz lecz\u0105cych si\u0119 na choroby zapalne uk\u0142adu kostno-stawowego i mi\u0119\u015bniowego do udzia\u0142u w Programie nieodp\u0142atnej rehabilitacji leczniczej. Osoby zainteresowane rehabilitacj\u0105 (posiadaj\u0105ce [&hellip;]<\/p>\n","protected":false},"author":4,"featured_media":24946,"comment_status":"closed","ping_status":"closed","sticky":false,"template":"","format":"standard","meta":{"_monsterinsights_skip_tracking":false,"_monsterinsights_sitenote_active":false,"_monsterinsights_sitenote_note":"","_monsterinsights_sitenote_category":0,"footnotes":""},"categories":[20,2384,28],"tags":[109,771,66],"class_list":["post-24947","post","type-post","status-publish","format-standard","has-post-thumbnail","hentry","category-informacje","category-ogloszenia","category-wiadomosci","tag-moja-gazeta","tag-rehabilitacja","tag-zary"],"_links":{"self":[{"href":"https:\/\/moja24.pl\/index.php\/wp-json\/wp\/v2\/posts\/24947","targetHints":{"allow":["GET"]}}],"collection":[{"href":"https:\/\/moja24.pl\/index.php\/wp-json\/wp\/v2\/posts"}],"about":[{"href":"https:\/\/moja24.pl\/index.php\/wp-json\/wp\/v2\/types\/post"}],"author":[{"embeddable":true,"href":"https:\/\/moja24.pl\/index.php\/wp-json\/wp\/v2\/users\/4"}],"replies":[{"embeddable":true,"href":"https:\/\/moja24.pl\/index.php\/wp-json\/wp\/v2\/comments?post=24947"}],"version-history":[{"count":1,"href":"https:\/\/moja24.pl\/index.php\/wp-json\/wp\/v2\/posts\/24947\/revisions"}],"predecessor-version":[{"id":24948,"href":"https:\/\/moja24.pl\/index.php\/wp-json\/wp\/v2\/posts\/24947\/revisions\/24948"}],"wp:featuredmedia":[{"embeddable":true,"href":"https:\/\/moja24.pl\/index.php\/wp-json\/wp\/v2\/media\/24946"}],"wp:attachment":[{"href":"https:\/\/moja24.pl\/index.php\/wp-json\/wp\/v2\/media?parent=24947"}],"wp:term":[{"taxonomy":"category","embeddable":true,"href":"https:\/\/moja24.pl\/index.php\/wp-json\/wp\/v2\/categories?post=24947"},{"taxonomy":"post_tag","embeddable":true,"href":"https:\/\/moja24.pl\/index.php\/wp-json\/wp\/v2\/tags?post=24947"}],"curies":[{"name":"wp","href":"https:\/\/api.w.org\/{rel}","templated":true}]}}