{"id":25039,"date":"2024-04-08T13:54:10","date_gmt":"2024-04-08T11:54:10","guid":{"rendered":"https:\/\/moja24.pl\/?p=25039"},"modified":"2024-04-08T13:54:10","modified_gmt":"2024-04-08T11:54:10","slug":"wyniki-wyborow-do-rady-powiatu-zarskiego","status":"publish","type":"post","link":"https:\/\/moja24.pl\/index.php\/2024\/04\/08\/wyniki-wyborow-do-rady-powiatu-zarskiego\/","title":{"rendered":"Wyniki wybor\u00f3w do rady powiatu \u017carskiego"},"content":{"rendered":"<p><strong><span style=\"color: #ff0000;\">POWIAT \u017bARSKI<\/span> | Sprawdzamy, kto zosta\u0142 radnym powiatowym na kolejn\u0105 kadencj\u0119.<\/strong><\/p>\n<p>KOALICYJNY KOMITET WYBORCZY KOALICJA OBYWATELSKA<br \/>\n&#8211; <strong>K\u0118PI\u0143SKI Bogdan Wies\u0142aw <\/strong>&#8211; 1113 g\u0142os\u00f3w<br \/>\n&#8211; <strong>DRZEWIECKA-WILUSZ Kornelia Katarzyna &#8211; <\/strong>586 g\u0142os\u00f3w<br \/>\n&#8211; <strong>TABACZY\u0143SKA Ewa Wioleta <\/strong>&#8211; 379 g\u0142os\u00f3w<br \/>\n&#8211; <strong>JURKOWSKI Lech Jan &#8211; <\/strong>355 g\u0142os\u00f3w<br \/>\n&#8211; <strong>SZAFRA\u0143SKI Maciej Jan &#8211; <\/strong>345 g\u0142os\u00f3w<br \/>\n&#8211; <strong>DOWHAN Hubert &#8211; <\/strong>377 g\u0142os\u00f3w<\/p>\n<p>KOMITET WYBORCZY FORUM SAMORZ\u0104DOWE MIAST I GMIN POWIATU \u017bARSKIEGO<br \/>\n&#8211; <strong>MADEJ Danuta &#8211; <\/strong>1086 g\u0142os\u00f3w<br \/>\n&#8211; <strong>RADZION J\u00f3zef &#8211; <\/strong>925 g\u0142os\u00f3w<br \/>\n&#8211; <strong>DYBA Dariusz Jan &#8211; <\/strong>509 g\u0142os\u00f3w<br \/>\n&#8211; <strong>KASPR\u00d3W Wojciech &#8211; <\/strong>432 g\u0142osy<br \/>\n&#8211; <strong>KAMI\u0143SKA-PRENETA Aneta And\u017celika &#8211; <\/strong>420 g\u0142os\u00f3w<\/p>\n<p>KOMITET WYBORCZY WYBORC\u00d3W DOBRE MIASTO-LEPSZY POWIAT<br \/>\n&#8211; <strong>\u0141OBACZ-B\u0104CAL El\u017cbieta &#8211; <\/strong>570 g\u0142os\u00f3w<\/p>\n<p>KOMITET WYBORCZY PRAWO I SPRAWIEDLIWO\u015a\u0106<br \/>\n&#8211; <strong>\u0141AHUCIK J\u00f3zef &#8211;<\/strong> 645 g\u0142os\u00f3w<br \/>\n&#8211; <strong>SZYMCZAK Iwona Anna<\/strong>&#8211; 543 g\u0142osy<br \/>\n&#8211; <strong>CZERNIAWSKI Krzysztof W\u0142adys\u0142aw &#8211; <\/strong>587 g\u0142os\u00f3w<br \/>\n&#8211; <strong>CZAJKOWSKI Tomasz &#8211; <\/strong>788 g\u0142os\u00f3w<br \/>\n&#8211; <strong>G\u00d3RSKI Sebastian Krzysztof &#8211; <\/strong>634 g\u0142osy<\/p>\n<p>KOMITET WYBORCZY WYBORC\u00d3W RAZEM DLA POWIATU \u017bARSKIEGO<br \/>\n&#8211; <strong>ISSEL Ma\u0142gorzata Barbara &#8211; <\/strong>598 g\u0142os\u00f3w<br \/>\n&#8211; <strong>\u015aLAWSKA Anna &#8211; <\/strong>425 g\u0142os\u00f3w<\/p>\n<p>KOALICYJNY KOMITET WYBORCZY LEWICA<br \/>\n&#8211; <strong>HA\u015aCI\u0141O El\u017cbieta &#8211; <\/strong>465 g\u0142os\u00f3w<br \/>\n&#8211; <strong>RUDNICKI Micha\u0142 &#8211; <\/strong>553 g\u0142osy<\/p>\n<p style=\"text-align: right;\"><span style=\"color: #999999;\">ATB (\u017ar\u00f3d\u0142o PKW)<\/span><\/p>\n","protected":false},"excerpt":{"rendered":"<p>POWIAT \u017bARSKI | Sprawdzamy, kto zosta\u0142 radnym powiatowym na kolejn\u0105 kadencj\u0119. KOALICYJNY KOMITET WYBORCZY KOALICJA OBYWATELSKA &#8211; K\u0118PI\u0143SKI Bogdan Wies\u0142aw &#8211; 1113 g\u0142os\u00f3w &#8211; DRZEWIECKA-WILUSZ Kornelia Katarzyna &#8211; 586 g\u0142os\u00f3w &#8211; TABACZY\u0143SKA Ewa Wioleta &#8211; 379 g\u0142os\u00f3w &#8211; JURKOWSKI Lech Jan &#8211; 355 g\u0142os\u00f3w &#8211; SZAFRA\u0143SKI Maciej Jan &#8211; 345 g\u0142os\u00f3w &#8211; DOWHAN Hubert &#8211; [&hellip;]<\/p>\n","protected":false},"author":4,"featured_media":25038,"comment_status":"closed","ping_status":"closed","sticky":false,"template":"","format":"standard","meta":{"_monsterinsights_skip_tracking":false,"_monsterinsights_sitenote_active":false,"_monsterinsights_sitenote_note":"","_monsterinsights_sitenote_category":0,"footnotes":""},"categories":[20,28],"tags":[],"class_list":["post-25039","post","type-post","status-publish","format-standard","has-post-thumbnail","hentry","category-informacje","category-wiadomosci"],"_links":{"self":[{"href":"https:\/\/moja24.pl\/index.php\/wp-json\/wp\/v2\/posts\/25039","targetHints":{"allow":["GET"]}}],"collection":[{"href":"https:\/\/moja24.pl\/index.php\/wp-json\/wp\/v2\/posts"}],"about":[{"href":"https:\/\/moja24.pl\/index.php\/wp-json\/wp\/v2\/types\/post"}],"author":[{"embeddable":true,"href":"https:\/\/moja24.pl\/index.php\/wp-json\/wp\/v2\/users\/4"}],"replies":[{"embeddable":true,"href":"https:\/\/moja24.pl\/index.php\/wp-json\/wp\/v2\/comments?post=25039"}],"version-history":[{"count":1,"href":"https:\/\/moja24.pl\/index.php\/wp-json\/wp\/v2\/posts\/25039\/revisions"}],"predecessor-version":[{"id":25040,"href":"https:\/\/moja24.pl\/index.php\/wp-json\/wp\/v2\/posts\/25039\/revisions\/25040"}],"wp:featuredmedia":[{"embeddable":true,"href":"https:\/\/moja24.pl\/index.php\/wp-json\/wp\/v2\/media\/25038"}],"wp:attachment":[{"href":"https:\/\/moja24.pl\/index.php\/wp-json\/wp\/v2\/media?parent=25039"}],"wp:term":[{"taxonomy":"category","embeddable":true,"href":"https:\/\/moja24.pl\/index.php\/wp-json\/wp\/v2\/categories?post=25039"},{"taxonomy":"post_tag","embeddable":true,"href":"https:\/\/moja24.pl\/index.php\/wp-json\/wp\/v2\/tags?post=25039"}],"curies":[{"name":"wp","href":"https:\/\/api.w.org\/{rel}","templated":true}]}}