{"id":25091,"date":"2024-06-28T10:23:37","date_gmt":"2024-06-28T08:23:37","guid":{"rendered":"https:\/\/moja24.pl\/?p=25091"},"modified":"2024-06-28T10:23:37","modified_gmt":"2024-06-28T08:23:37","slug":"radni-docenili-prace-wojta","status":"publish","type":"post","link":"https:\/\/moja24.pl\/index.php\/2024\/06\/28\/radni-docenili-prace-wojta\/","title":{"rendered":"Radni docenili prac\u0119 w\u00f3jta"},"content":{"rendered":"<p><strong><span style=\"color: #ff0000;\">GMINA \u017bARY<\/span> | W\u00f3jt Leszek Mro\u017cek otrzyma\u0142 absolutorium. Radni byli jednomy\u015blni.<\/strong><\/p>\n<p>27 czerwca 2024 r. w Urz\u0119dzie Gminy \u017bary odby\u0142a si\u0119 sesja absolutoryjna, podczas kt\u00f3rej radni oceniaj\u0105 prac\u0119 w\u00f3jta za poprzedni rok. Po raz kolejny w\u00f3jt Leszek Mro\u017cek zosta\u0142 oceniony pozytywnie. Za udzieleniem absolutorium g\u0142osowa\u0142o 15 radnych, czyli wszyscy zasiadaj\u0105cy w Radzie Gminy.<\/p>\n<p style=\"text-align: right;\"><strong><span style=\"color: #999999;\">ATB<\/span><\/strong><\/p>\n","protected":false},"excerpt":{"rendered":"<p>GMINA \u017bARY | W\u00f3jt Leszek Mro\u017cek otrzyma\u0142 absolutorium. Radni byli jednomy\u015blni. 27 czerwca 2024 r. w Urz\u0119dzie Gminy \u017bary odby\u0142a si\u0119 sesja absolutoryjna, podczas kt\u00f3rej radni oceniaj\u0105 prac\u0119 w\u00f3jta za poprzedni rok. Po raz kolejny w\u00f3jt Leszek Mro\u017cek zosta\u0142 oceniony pozytywnie. Za udzieleniem absolutorium g\u0142osowa\u0142o 15 radnych, czyli wszyscy zasiadaj\u0105cy w Radzie Gminy. ATB<\/p>\n","protected":false},"author":4,"featured_media":25090,"comment_status":"closed","ping_status":"closed","sticky":false,"template":"","format":"standard","meta":{"_monsterinsights_skip_tracking":false,"_monsterinsights_sitenote_active":false,"_monsterinsights_sitenote_note":"","_monsterinsights_sitenote_category":0,"footnotes":""},"categories":[20,28],"tags":[2568,269,442,109],"class_list":["post-25091","post","type-post","status-publish","format-standard","has-post-thumbnail","hentry","category-informacje","category-wiadomosci","tag-absolutorium","tag-gmina-zary","tag-leszek-mrozek","tag-moja-gazeta"],"_links":{"self":[{"href":"https:\/\/moja24.pl\/index.php\/wp-json\/wp\/v2\/posts\/25091","targetHints":{"allow":["GET"]}}],"collection":[{"href":"https:\/\/moja24.pl\/index.php\/wp-json\/wp\/v2\/posts"}],"about":[{"href":"https:\/\/moja24.pl\/index.php\/wp-json\/wp\/v2\/types\/post"}],"author":[{"embeddable":true,"href":"https:\/\/moja24.pl\/index.php\/wp-json\/wp\/v2\/users\/4"}],"replies":[{"embeddable":true,"href":"https:\/\/moja24.pl\/index.php\/wp-json\/wp\/v2\/comments?post=25091"}],"version-history":[{"count":1,"href":"https:\/\/moja24.pl\/index.php\/wp-json\/wp\/v2\/posts\/25091\/revisions"}],"predecessor-version":[{"id":25092,"href":"https:\/\/moja24.pl\/index.php\/wp-json\/wp\/v2\/posts\/25091\/revisions\/25092"}],"wp:featuredmedia":[{"embeddable":true,"href":"https:\/\/moja24.pl\/index.php\/wp-json\/wp\/v2\/media\/25090"}],"wp:attachment":[{"href":"https:\/\/moja24.pl\/index.php\/wp-json\/wp\/v2\/media?parent=25091"}],"wp:term":[{"taxonomy":"category","embeddable":true,"href":"https:\/\/moja24.pl\/index.php\/wp-json\/wp\/v2\/categories?post=25091"},{"taxonomy":"post_tag","embeddable":true,"href":"https:\/\/moja24.pl\/index.php\/wp-json\/wp\/v2\/tags?post=25091"}],"curies":[{"name":"wp","href":"https:\/\/api.w.org\/{rel}","templated":true}]}}