{"id":25120,"date":"2024-10-03T14:05:13","date_gmt":"2024-10-03T12:05:13","guid":{"rendered":"https:\/\/moja24.pl\/?p=25120"},"modified":"2024-10-03T14:05:13","modified_gmt":"2024-10-03T12:05:13","slug":"policjanci-zlikwidowali-plantacje-konopi","status":"publish","type":"post","link":"https:\/\/moja24.pl\/index.php\/2024\/10\/03\/policjanci-zlikwidowali-plantacje-konopi\/","title":{"rendered":"Policjanci zlikwidowali plantacj\u0119 konopi"},"content":{"rendered":"<p><strong><span style=\"color: #ff0000;\">POWIAT \u017bARSKI<\/span> | Plantacja konopi zlikwidowana przez policjant\u00f3w kryminalnych z lubskiego komisariatu. Funkcjonariusze zabezpieczyli 96 krzew\u00f3w tej nielegalnie uprawianej ro\u015bliny, z kt\u00f3rej pozyskuje si\u0119 susz popularnie nazywany marihuan\u0105. Podejrzany zatrzymany do tej sprawy, to 35-letni mieszkaniec powiatu \u017carskiego. Na trzy miesi\u0105ce trafi\u0142 do aresztu, mo\u017ce mu grozi\u0107 do 8 lat pozbawienia wolno\u015bci.<\/strong><\/p>\n<p>Policjanci s\u0142u\u017cby kryminalnej z Komisariatu Policji w Lubsku w efekcie przeprowadzonych w minion\u0105 niedziel\u0119 (29 wrze\u015bnia) dzia\u0142a\u0144 na terenie jednej z posesji w powiecie \u017carskim, ujawnili plantacj\u0119 konopi innych ni\u017c w\u0142\u00f3kniste. Podczas przeszukania pomieszcze\u0144 gospodarczych, funkcjonariusze znale\u017ali i zabezpieczyli 96 krzew\u00f3w tej ro\u015bliny.<br \/>\nDo sprawy zatrzymany zosta\u0142 35-letni mieszkaniec powiatu \u017carskiego. Jak ustalili funkcjonariusze, m\u0119\u017cczyzna posadzi\u0142 sadzonki i zajmowa\u0142 si\u0119 nimi a\u017c do chwili, kiedy osi\u0105gn\u0119\u0142y rozmiary dochodz\u0105ce do oko\u0142o 2 metr\u00f3w. M\u0119\u017cczyzna nie zd\u0105\u017cy\u0142 jednak zebra\u0107 swych &#8222;plon\u00f3w&#8221;. Funkcjonariusze zlikwidowali upraw\u0119 na chwil\u0119 przed &#8222;zbiorami&#8221;.<br \/>\nPomieszczenie gospodarcze, w kt\u00f3rym ujawnili plantacj\u0119, by\u0142o odpowiednio przygotowane. Wyposa\u017cone zosta\u0142o w specjalistyczne lampy LED, dmuchawy i nagrzewnice. Funkcjonariusze podczas przeszukania zabezpieczyli 96 krzew\u00f3w oraz sprz\u0119t wykorzystany do uprawy. Z takiej ilo\u015bci mo\u017cna by by\u0142o pozyska\u0107 ponad 2 kilogramy marihuany.<br \/>\nKrzewy konopi innych ni\u017c w\u0142\u00f3kniste zostan\u0105 przebadane w laboratorium policyjnym. Zgromadzony materia\u0142 dowodowy pozwoli\u0142 przedstawi\u0107 zarzuty zatrzymanemu 35-latkowi. Mo\u017ce za to grozi\u0107 nawet do 8 lat pozbawienia wolno\u015bci. W \u015brod\u0119 (2 pa\u017adziernika) S\u0105d przychyli\u0142 si\u0119 do wniosku Prokuratury Rejonowej w \u017barach i aresztowa\u0142 35-latka na trzy miesi\u0105ce.<\/p>\n<figure id=\"attachment_25119\" aria-describedby=\"caption-attachment-25119\" style=\"width: 1200px\" class=\"wp-caption aligncenter\"><img loading=\"lazy\" decoding=\"async\" class=\"size-full wp-image-25119\" src=\"https:\/\/moja24.pl\/wp-content\/uploads\/2024\/10\/DSC_0003.jpg\" alt=\"\" width=\"1200\" height=\"800\" srcset=\"https:\/\/moja24.pl\/wp-content\/uploads\/2024\/10\/DSC_0003.jpg 1200w, https:\/\/moja24.pl\/wp-content\/uploads\/2024\/10\/DSC_0003-300x200.jpg 300w, https:\/\/moja24.pl\/wp-content\/uploads\/2024\/10\/DSC_0003-768x512.jpg 768w, https:\/\/moja24.pl\/wp-content\/uploads\/2024\/10\/DSC_0003-696x464.jpg 696w, https:\/\/moja24.pl\/wp-content\/uploads\/2024\/10\/DSC_0003-1068x712.jpg 1068w, https:\/\/moja24.pl\/wp-content\/uploads\/2024\/10\/DSC_0003-630x420.jpg 630w, https:\/\/moja24.pl\/wp-content\/uploads\/2024\/10\/DSC_0003-450x300.jpg 450w, https:\/\/moja24.pl\/wp-content\/uploads\/2024\/10\/DSC_0003-310x207.jpg 310w, https:\/\/moja24.pl\/wp-content\/uploads\/2024\/10\/DSC_0003-150x100.jpg 150w\" sizes=\"auto, (max-width: 1200px) 100vw, 1200px\" \/><figcaption id=\"caption-attachment-25119\" class=\"wp-caption-text\">fot. KPP w \u017barach<\/figcaption><\/figure>\n<p>Art. 63. 1. Kto, wbrew przepisom ustawy, uprawia mak, z wyj\u0105tkiem maku niskomorfinowego, konopie, z wyj\u0105tkiem konopi w\u0142\u00f3knistych, lub krzew koki, podlega karze pozbawienia wolno\u015bci do lat 3.<br \/>\n2. Tej samej karze podlega, kto, wbrew przepisom ustawy, zbiera mleczko makowe, opium, s\u0142om\u0119 makow\u0105, li\u015bcie koki, \u017cywic\u0119 lub ziele konopi innych ni\u017c w\u0142\u00f3kniste.<br \/>\n3. Je\u017celi przedmiotem czynu, o kt\u00f3rym mowa w ust. 1, jest uprawa mog\u0105ca dostarczy\u0107 znacznej ilo\u015bci s\u0142omy makowej, li\u015bci koki, \u017cywicy lub ziela konopi innych ni\u017c w\u0142\u00f3kniste,\u00a0 sprawca podlega karze pozbawienia wolno\u015bci od 6 miesi\u0119cy do lat 8.<\/p>\n<figure id=\"attachment_25117\" aria-describedby=\"caption-attachment-25117\" style=\"width: 1200px\" class=\"wp-caption aligncenter\"><img loading=\"lazy\" decoding=\"async\" class=\"size-full wp-image-25117\" src=\"https:\/\/moja24.pl\/wp-content\/uploads\/2024\/10\/DSC_0006.jpg\" alt=\"\" width=\"1200\" height=\"800\" srcset=\"https:\/\/moja24.pl\/wp-content\/uploads\/2024\/10\/DSC_0006.jpg 1200w, https:\/\/moja24.pl\/wp-content\/uploads\/2024\/10\/DSC_0006-300x200.jpg 300w, https:\/\/moja24.pl\/wp-content\/uploads\/2024\/10\/DSC_0006-768x512.jpg 768w, https:\/\/moja24.pl\/wp-content\/uploads\/2024\/10\/DSC_0006-696x464.jpg 696w, https:\/\/moja24.pl\/wp-content\/uploads\/2024\/10\/DSC_0006-1068x712.jpg 1068w, https:\/\/moja24.pl\/wp-content\/uploads\/2024\/10\/DSC_0006-630x420.jpg 630w, https:\/\/moja24.pl\/wp-content\/uploads\/2024\/10\/DSC_0006-450x300.jpg 450w, https:\/\/moja24.pl\/wp-content\/uploads\/2024\/10\/DSC_0006-310x207.jpg 310w, https:\/\/moja24.pl\/wp-content\/uploads\/2024\/10\/DSC_0006-150x100.jpg 150w\" sizes=\"auto, (max-width: 1200px) 100vw, 1200px\" \/><figcaption id=\"caption-attachment-25117\" class=\"wp-caption-text\">fot. KPP w \u017barach<\/figcaption><\/figure>\n<p style=\"text-align: right;\"><strong><span style=\"color: #999999;\">nadkom. Aneta Berestecka<\/span><\/strong><\/p>\n","protected":false},"excerpt":{"rendered":"<p>POWIAT \u017bARSKI | Plantacja konopi zlikwidowana przez policjant\u00f3w kryminalnych z lubskiego komisariatu. Funkcjonariusze zabezpieczyli 96 krzew\u00f3w tej nielegalnie uprawianej ro\u015bliny, z kt\u00f3rej pozyskuje si\u0119 susz popularnie nazywany marihuan\u0105. Podejrzany zatrzymany do tej sprawy, to 35-letni mieszkaniec powiatu \u017carskiego. Na trzy miesi\u0105ce trafi\u0142 do aresztu, mo\u017ce mu grozi\u0107 do 8 lat pozbawienia wolno\u015bci. Policjanci s\u0142u\u017cby kryminalnej [&hellip;]<\/p>\n","protected":false},"author":4,"featured_media":25118,"comment_status":"closed","ping_status":"closed","sticky":false,"template":"","format":"standard","meta":{"_monsterinsights_skip_tracking":false,"_monsterinsights_sitenote_active":false,"_monsterinsights_sitenote_note":"","_monsterinsights_sitenote_category":0,"footnotes":""},"categories":[20,28,21],"tags":[448,1358,109,1119,32],"class_list":["post-25120","post","type-post","status-publish","format-standard","has-post-thumbnail","hentry","category-informacje","category-wiadomosci","category-wypadki-przypadki","tag-kpp-zary","tag-marihuana","tag-moja-gazeta","tag-policja","tag-powiat-zarski"],"_links":{"self":[{"href":"https:\/\/moja24.pl\/index.php\/wp-json\/wp\/v2\/posts\/25120","targetHints":{"allow":["GET"]}}],"collection":[{"href":"https:\/\/moja24.pl\/index.php\/wp-json\/wp\/v2\/posts"}],"about":[{"href":"https:\/\/moja24.pl\/index.php\/wp-json\/wp\/v2\/types\/post"}],"author":[{"embeddable":true,"href":"https:\/\/moja24.pl\/index.php\/wp-json\/wp\/v2\/users\/4"}],"replies":[{"embeddable":true,"href":"https:\/\/moja24.pl\/index.php\/wp-json\/wp\/v2\/comments?post=25120"}],"version-history":[{"count":1,"href":"https:\/\/moja24.pl\/index.php\/wp-json\/wp\/v2\/posts\/25120\/revisions"}],"predecessor-version":[{"id":25121,"href":"https:\/\/moja24.pl\/index.php\/wp-json\/wp\/v2\/posts\/25120\/revisions\/25121"}],"wp:featuredmedia":[{"embeddable":true,"href":"https:\/\/moja24.pl\/index.php\/wp-json\/wp\/v2\/media\/25118"}],"wp:attachment":[{"href":"https:\/\/moja24.pl\/index.php\/wp-json\/wp\/v2\/media?parent=25120"}],"wp:term":[{"taxonomy":"category","embeddable":true,"href":"https:\/\/moja24.pl\/index.php\/wp-json\/wp\/v2\/categories?post=25120"},{"taxonomy":"post_tag","embeddable":true,"href":"https:\/\/moja24.pl\/index.php\/wp-json\/wp\/v2\/tags?post=25120"}],"curies":[{"name":"wp","href":"https:\/\/api.w.org\/{rel}","templated":true}]}}