{"id":25192,"date":"2025-02-18T00:29:56","date_gmt":"2025-02-17T23:29:56","guid":{"rendered":"https:\/\/moja24.pl\/?p=25192"},"modified":"2025-02-18T00:29:56","modified_gmt":"2025-02-17T23:29:56","slug":"szkola-miedzypokoleniowa-w-sp2-edukacja-integracja-bezpieczenstwo","status":"publish","type":"post","link":"https:\/\/moja24.pl\/index.php\/2025\/02\/18\/szkola-miedzypokoleniowa-w-sp2-edukacja-integracja-bezpieczenstwo\/","title":{"rendered":"\u201eSzko\u0142a mi\u0119dzypokoleniowa\u201d w SP2 \u2013 edukacja, integracja, bezpiecze\u0144stwo"},"content":{"rendered":"<p><strong><span style=\"color: #ff0000;\">\u017bARY <\/span>| 13 lutego w Szkole Podstawowej nr 2 w \u017barach rozpocz\u0119\u0142a si\u0119 wyj\u0105tkowa inicjatywa \u2013 \u201eSzko\u0142a mi\u0119dzypokoleniowa\u201d skierowana do szk\u00f3\u0142 podstawowych i ponadpodstawowych <\/strong><strong>nale\u017c\u0105cych do Og\u00f3lnopolskiej Sieci Edukacyjnej. <\/strong><\/p>\n<p>To projekt, kt\u00f3rego celem jest nie tylko edukacja cyfrowa senior\u00f3w, ale tak\u017ce budowanie wi\u0119zi mi\u0119dzypokoleniowych poprzez wsp\u00f3lne dzia\u0142ania uczni\u00f3w i os\u00f3b starszych. Uczniowie pod okiem nauczyciela &#8211; lidera organizuj\u0105 warsztaty dla senior\u00f3w, po\u015bwi\u0119cone bezpiecznemu korzystania z Internetu, obs\u0142udze urz\u0105dze\u0144 cyfrowych oraz ochronie przed zagro\u017ceniami w sieci. To nie tylko okazja do zdobycia nowych umiej\u0119tno\u015bci, ale tak\u017ce szansa na dialog i wymian\u0119 do\u015bwiadcze\u0144 mi\u0119dzy pokoleniami. Zanim jednak uczniowie przyst\u0105pili do roli nauczycieli, odby\u0142o si\u0119 szkolenie dla pomocnik\u00f3w lidera, czyli uczni\u00f3w klasy \u00f3smej, kt\u00f3rzy pod kierunkiem Tomasza Chmielewskiego przygotowali si\u0119 do prowadzenia zaj\u0119\u0107 i efektywnej wsp\u00f3\u0142pracy z seniorami.<br \/>\nKoordynatorem projektu w szkole jest dyrektor Marzena Mosakowska-Wrona, a liderem dzia\u0142a\u0144 edukacyjnych &#8211; nauczyciel informatyki Tomasz Chmielewski.<br \/>\n&#8211; Cieszymy si\u0119, \u017ce mo\u017cemy uczestniczy\u0107 w tym warto\u015bciowym przedsi\u0119wzi\u0119ciu i z niecierpliwo\u015bci\u0105 czekamy na kolejne spotkania, kt\u00f3re z pewno\u015bci\u0105 przynios\u0105 wiele korzy\u015bci zar\u00f3wno seniorom, jak i m\u0142odzie\u017cy \u2013 m\u00f3wi Tomasz Chmielewski.<br \/>\nProjekt \u201eSzko\u0142a mi\u0119dzypokoleniowa\u201d to inicjatywa, kt\u00f3ra sprzyja integracji\u00a0 mi\u0119dzypokoleniowej.<\/p>\n<p style=\"text-align: right;\"><span style=\"color: #999999;\"><strong>nades\u0142ane<\/strong><\/span><\/p>\n","protected":false},"excerpt":{"rendered":"<p>\u017bARY | 13 lutego w Szkole Podstawowej nr 2 w \u017barach rozpocz\u0119\u0142a si\u0119 wyj\u0105tkowa inicjatywa \u2013 \u201eSzko\u0142a mi\u0119dzypokoleniowa\u201d skierowana do szk\u00f3\u0142 podstawowych i ponadpodstawowych nale\u017c\u0105cych do Og\u00f3lnopolskiej Sieci Edukacyjnej. To projekt, kt\u00f3rego celem jest nie tylko edukacja cyfrowa senior\u00f3w, ale tak\u017ce budowanie wi\u0119zi mi\u0119dzypokoleniowych poprzez wsp\u00f3lne dzia\u0142ania uczni\u00f3w i os\u00f3b starszych. Uczniowie pod okiem nauczyciela [&hellip;]<\/p>\n","protected":false},"author":4,"featured_media":25191,"comment_status":"closed","ping_status":"closed","sticky":false,"template":"","format":"standard","meta":{"_monsterinsights_skip_tracking":false,"_monsterinsights_sitenote_active":false,"_monsterinsights_sitenote_note":"","_monsterinsights_sitenote_category":0,"footnotes":""},"categories":[22,20,29,28],"tags":[109,1165,184,66],"class_list":["post-25192","post","type-post","status-publish","format-standard","has-post-thumbnail","hentry","category-edukacja","category-informacje","category-kontakt-24","category-wiadomosci","tag-moja-gazeta","tag-sp2","tag-szkola-podstawowa-nr-2-w-zarach","tag-zary"],"_links":{"self":[{"href":"https:\/\/moja24.pl\/index.php\/wp-json\/wp\/v2\/posts\/25192","targetHints":{"allow":["GET"]}}],"collection":[{"href":"https:\/\/moja24.pl\/index.php\/wp-json\/wp\/v2\/posts"}],"about":[{"href":"https:\/\/moja24.pl\/index.php\/wp-json\/wp\/v2\/types\/post"}],"author":[{"embeddable":true,"href":"https:\/\/moja24.pl\/index.php\/wp-json\/wp\/v2\/users\/4"}],"replies":[{"embeddable":true,"href":"https:\/\/moja24.pl\/index.php\/wp-json\/wp\/v2\/comments?post=25192"}],"version-history":[{"count":1,"href":"https:\/\/moja24.pl\/index.php\/wp-json\/wp\/v2\/posts\/25192\/revisions"}],"predecessor-version":[{"id":25193,"href":"https:\/\/moja24.pl\/index.php\/wp-json\/wp\/v2\/posts\/25192\/revisions\/25193"}],"wp:featuredmedia":[{"embeddable":true,"href":"https:\/\/moja24.pl\/index.php\/wp-json\/wp\/v2\/media\/25191"}],"wp:attachment":[{"href":"https:\/\/moja24.pl\/index.php\/wp-json\/wp\/v2\/media?parent=25192"}],"wp:term":[{"taxonomy":"category","embeddable":true,"href":"https:\/\/moja24.pl\/index.php\/wp-json\/wp\/v2\/categories?post=25192"},{"taxonomy":"post_tag","embeddable":true,"href":"https:\/\/moja24.pl\/index.php\/wp-json\/wp\/v2\/tags?post=25192"}],"curies":[{"name":"wp","href":"https:\/\/api.w.org\/{rel}","templated":true}]}}