{"id":25204,"date":"2025-02-26T23:18:12","date_gmt":"2025-02-26T22:18:12","guid":{"rendered":"https:\/\/moja24.pl\/?p=25204"},"modified":"2025-02-26T23:52:57","modified_gmt":"2025-02-26T22:52:57","slug":"po-9-miesiacach-w-bolach-urodzilo-sie-infozary","status":"publish","type":"post","link":"https:\/\/moja24.pl\/index.php\/2025\/02\/26\/po-9-miesiacach-w-bolach-urodzilo-sie-infozary\/","title":{"rendered":"Po 9 miesi\u0105cach w b\u00f3lach urodzi\u0142o si\u0119 &#8222;info\u017bary&#8221;"},"content":{"rendered":"<p><strong><span style=\"color: #ff0000;\">\u017bARY<\/span> | W czerwcu 2024 roku ukaza\u0142 si\u0119 setny numer informatora miejskiego INFO \u017bARY. Jak z bicza strzeli\u0142o 9 miesi\u0119cy i wreszcie mamy w r\u0119kach numer 101. Tyle, \u017ce sp\u00f3\u017aniony o miesi\u0105c.<\/strong><\/p>\n<p>100 numer\u00f3w to szmat czasu. Przez ponad 9 lat mieszka\u0144cy \u017bar co miesi\u0105c otrzymywali w wersji elektronicznej oraz papierowej &#8211; dla tych, kt\u00f3rzy wol\u0105 zapach farby drukarskiej &#8211; miejski informator, kt\u00f3rego g\u0142\u00f3wnym za\u0142o\u017ceniem by\u0142o prezentowanie wydarze\u0144 zaplanowanych na dany miesi\u0105c. Mia\u0142 on sta\u0142e grono wiernych czytelnik\u00f3w. Poza tym, by\u0142y informacje bie\u017c\u0105ce, og\u0142oszenia, komunikaty&#8230; Na pocz\u0105tku ka\u017cdego miesi\u0105ca dzi\u0119ki INFO \u017bARY mieszka\u0144cy mogli zaplanowa\u0107 sobie wyj\u015bcie na koncert do Luny, na spektakl teatralny, albo dowiedzie\u0107 si\u0119, \u017ce w tym miesi\u0105cu mija termin naboru wniosk\u00f3w o udzielenie dotacji na wymian\u0119 ogrzewania. Takie r\u00f3\u017cne przydatne rzeczy. Przysz\u0142a jednak nowa w\u0142adza i postanowi\u0142a robi\u0107 wszystko inaczej, ni\u017c by\u0142o do tej pory. Powiew zmian dotkn\u0105\u0142 te\u017c INFO \u017bARY. Nastawienie na zmiany by\u0142o pe\u0142ne determinacji, zabrak\u0142o tylko pomys\u0142u.<\/p>\n<p>5 lipca 2024 roku rzecznik prasowa ratusza Agnieszka Zychla informowa\u0142a\u00a0 &#8211; <em>Wydawnictwo miejskie b\u0119dzie wydawane w zmienionej formule, kt\u00f3ra przedstawiona zostanie po wakacjach<\/em>.<br \/>\nNo i potem d\u0142ugo, d\u0142ugo nic. Poprzedni wydawca, czyli Miejska Biblioteka Publiczna, rozes\u0142a\u0142a w mi\u0119dzyczasie zapytania ofertowe do firm, na sk\u0142ad i druk INFO \u017bARY w &#8222;zmienionej formule&#8221;. Gdy okaza\u0142o si\u0119, \u017ce jedyn\u0105 ofert\u0119 z\u0142o\u017cy\u0142a firma, kt\u00f3ra do tej pory si\u0119 tym zajmowa\u0142a&#8230;<br \/>\n&#8211; <em>Zamawiaj\u0105cy odst\u0105pi\u0142 od zam\u00f3wienia i podpisania umowy<\/em> &#8211; donosi rzeczniczka ratusza.<br \/>\nP\u00f3\u017aniej, \u017ceby by\u0142o po nowemu, zmieniono te\u017c wydawc\u0119 &#8211; z Miejskiej Biblioteki Publicznej na \u017barski Dom Kultury. Ale co\u015b chyba nie zagra\u0142o, poniewa\u017c po raz kolejny zmieniono wydawc\u0119 &#8211; tym razem na Muzeum Pogranicza \u015al\u0105sko-\u0141u\u017cyckiego.<\/p>\n<p><strong>I w ko\u0144cu jest!<\/strong><br \/>\nInformator miejski po metamorfozie w wersji drukowanej pojawi\u0142 si\u0119 26 lutego. A w nim zapowiedzi imprez na&#8230; luty! Mo\u017cemy si\u0119 z niego dowiedzie\u0107, \u017ce 25 lutego min\u0105\u0142 termin sk\u0142adania wniosk\u00f3w na dotacje do wymiany piec\u00f3w, \u017ce 1 lutego mo\u017cna by\u0142o p\u00f3j\u015b\u0107 na wernisa\u017c wystawy Ryszarda Tomczaka, \u017ce 8 lutego mo\u017cna by\u0142o p\u00f3j\u015b\u0107 na spektakl Teatru Ksi\u0119\u017cnej Doroty. Dowiemy si\u0119 te\u017c, \u017ce omin\u0105\u0142 nas stand up Zalewski, Rejent i Kowalski. Dobrze, \u017ce jest te\u017c zapowied\u017a &#8222;Spotkania z zabytkami&#8221; w muzeum. Tylko po co? To by\u0142o 16 lutego. Repertuar Kina Pionier na luty jest r\u00f3wnie\u017c bardzo przydatny. Albo, \u017ce do 10 lutego przyjmowano deklaracje o kontynuowaniu wychowania przedszkolnego.<br \/>\nCzy to nie marnotrawienie pieni\u0119dzy publicznych? Mo\u017cna by\u0142o troch\u0119 stron wyrzuci\u0107 i zaoszcz\u0119dzi\u0107. O ile w og\u00f3le kto\u015b uzasadni sens wydawania informatora na dany miesi\u0105c, na dwa dni przed ko\u0144cem tego miesi\u0105ca.<br \/>\nCo si\u0119 zmieni\u0142o?<br \/>\nFormat papieru jest mniejszy &#8211; by\u0142 B5, a teraz A5. Nak\u0142ad &#8211; 2000 egzemplarzy. Do\u0142o\u017cono takie haczyki do wpi\u0119cia w segregator, gdyby kto\u015b chcia\u0142 sobie to wpina\u0107 w segregator. Ciekawostk\u0105 jest na pewno rezygnacja ze spisu tre\u015bci, z numeracji stron, margines\u00f3w i podzia\u0142u na bloki tematyczne. Urozmaiceniem z kolei s\u0105 r\u00f3\u017cne czcionki i interlinie na poszczeg\u00f3lnych stronach. Ten brak sp\u00f3jno\u015bci by\u0107 mo\u017ce zaintryguje czytelnika.<br \/>\nAle ju\u017c za trzy dni marzec i za chwil\u0119 b\u0119dzie kolejny numer miejskiego informatora. Chyba. Mo\u017ce tym razem wydany zostanie na czas?<\/p>\n<p>Numer na luty do pobrania &#8211; <a href=\"https:\/\/zary.nazwa.pl\/portal\/UM\/Info_Zary_I-II_%202025.pdf\" target=\"_blank\" rel=\"noopener\">https:\/\/zary.nazwa.pl\/portal\/UM\/Info_Zary_I-II_%202025.pdf<\/a><\/p>\n<p style=\"text-align: right;\"><strong>Andrzej Buczy\u0144ski<\/strong><\/p>\n","protected":false},"excerpt":{"rendered":"<p>\u017bARY | W czerwcu 2024 roku ukaza\u0142 si\u0119 setny numer informatora miejskiego INFO \u017bARY. Jak z bicza strzeli\u0142o 9 miesi\u0119cy i wreszcie mamy w r\u0119kach numer 101. Tyle, \u017ce sp\u00f3\u017aniony o miesi\u0105c. 100 numer\u00f3w to szmat czasu. Przez ponad 9 lat mieszka\u0144cy \u017bar co miesi\u0105c otrzymywali w wersji elektronicznej oraz papierowej &#8211; dla tych, kt\u00f3rzy [&hellip;]<\/p>\n","protected":false},"author":4,"featured_media":25203,"comment_status":"closed","ping_status":"closed","sticky":false,"template":"","format":"standard","meta":{"_monsterinsights_skip_tracking":false,"_monsterinsights_sitenote_active":false,"_monsterinsights_sitenote_note":"","_monsterinsights_sitenote_category":0,"footnotes":""},"categories":[20,2057,25,28],"tags":[2353,313,376,274,2449,168,66],"class_list":["post-25204","post","type-post","status-publish","format-standard","has-post-thumbnail","hentry","category-informacje","category-komentarze","category-kultura-i-rozrywka","category-wiadomosci","tag-info-zary","tag-miejska-biblioteka-publiczna-w-zarach","tag-moja-gazeta-zary","tag-muzeum-pogranicza-slasko-luzyckiego","tag-urzad-miejski-w-zarach","tag-zarski-dom-kultury","tag-zary"],"_links":{"self":[{"href":"https:\/\/moja24.pl\/index.php\/wp-json\/wp\/v2\/posts\/25204","targetHints":{"allow":["GET"]}}],"collection":[{"href":"https:\/\/moja24.pl\/index.php\/wp-json\/wp\/v2\/posts"}],"about":[{"href":"https:\/\/moja24.pl\/index.php\/wp-json\/wp\/v2\/types\/post"}],"author":[{"embeddable":true,"href":"https:\/\/moja24.pl\/index.php\/wp-json\/wp\/v2\/users\/4"}],"replies":[{"embeddable":true,"href":"https:\/\/moja24.pl\/index.php\/wp-json\/wp\/v2\/comments?post=25204"}],"version-history":[{"count":4,"href":"https:\/\/moja24.pl\/index.php\/wp-json\/wp\/v2\/posts\/25204\/revisions"}],"predecessor-version":[{"id":25210,"href":"https:\/\/moja24.pl\/index.php\/wp-json\/wp\/v2\/posts\/25204\/revisions\/25210"}],"wp:featuredmedia":[{"embeddable":true,"href":"https:\/\/moja24.pl\/index.php\/wp-json\/wp\/v2\/media\/25203"}],"wp:attachment":[{"href":"https:\/\/moja24.pl\/index.php\/wp-json\/wp\/v2\/media?parent=25204"}],"wp:term":[{"taxonomy":"category","embeddable":true,"href":"https:\/\/moja24.pl\/index.php\/wp-json\/wp\/v2\/categories?post=25204"},{"taxonomy":"post_tag","embeddable":true,"href":"https:\/\/moja24.pl\/index.php\/wp-json\/wp\/v2\/tags?post=25204"}],"curies":[{"name":"wp","href":"https:\/\/api.w.org\/{rel}","templated":true}]}}