{"id":2532,"date":"2017-04-01T14:32:11","date_gmt":"2017-04-01T12:32:11","guid":{"rendered":"http:\/\/moja24.pl\/?p=2532"},"modified":"2017-04-01T14:32:33","modified_gmt":"2017-04-01T12:32:33","slug":"na-wycieczke-tylko-rowerem","status":"publish","type":"post","link":"https:\/\/moja24.pl\/index.php\/2017\/04\/01\/na-wycieczke-tylko-rowerem\/","title":{"rendered":"Jak na wycieczk\u0119 to tylko rowerem"},"content":{"rendered":"<table style=\"height: 161px;\" border=\"0\" width=\"678\" cellspacing=\"0\" cellpadding=\"0\">\n<tbody>\n<tr>\n<td>\n<p style=\"text-align: left;\" align=\"right\"><span id=\"tekst\"><strong> <img loading=\"lazy\" decoding=\"async\" class=\"alignleft size-medium wp-image-2534\" src=\"http:\/\/moja24.pl\/wp-content\/uploads\/2017\/04\/na-wycieczk\u0119-rowerem-1-Mro\u017cek-Chmielewski-300x200.jpg\" alt=\"\" width=\"300\" height=\"200\" srcset=\"https:\/\/moja24.pl\/wp-content\/uploads\/2017\/04\/na-wycieczk\u0119-rowerem-1-Mro\u017cek-Chmielewski-300x200.jpg 300w, https:\/\/moja24.pl\/wp-content\/uploads\/2017\/04\/na-wycieczk\u0119-rowerem-1-Mro\u017cek-Chmielewski-696x463.jpg 696w, https:\/\/moja24.pl\/wp-content\/uploads\/2017\/04\/na-wycieczk\u0119-rowerem-1-Mro\u017cek-Chmielewski-631x420.jpg 631w, https:\/\/moja24.pl\/wp-content\/uploads\/2017\/04\/na-wycieczk\u0119-rowerem-1-Mro\u017cek-Chmielewski.jpg 700w\" sizes=\"auto, (max-width: 300px) 100vw, 300px\" \/>Rajd rowerowy zorganizowany przez Fundacj\u0119 &#8222;Natura Polska&#8221; by\u0142 oficjalnym podsumowaniem projektu wytyczania kolejnych szlak\u00f3w rowerowych. Dzi\u0119ki temu pasjonaci jedno\u015blad\u00f3w mog\u0105 wybra\u0107 wiele interesuj\u0105cych tras po okolicy.<\/strong><\/span><i><span id=\"tekst\"><br \/>\n<\/span><\/i><\/p>\n<p>Na realizacj\u0119 projektu Fundacja otrzyma\u0142a dotacj\u0119 w wysoko\u015bci ponad 19,5 tys. euro z programu Polska-Saksonia, a tak\u017ce \u015brodki z bud\u017cetu pa\u0144stwa w kwocie 1.150 euro. Wi\u0119cej informacji o szlakach oraz map\u0119 znale\u017a\u0107 mo\u017cna na stronie internetowej <a href=\"http:\/\/www.roweremnapograniczu.eu\">www.roweremnapograniczu.eu<\/a> \u00a0.<\/p>\n<p>W sobot\u0119 25 marca rowerzy\u015bci wystartowali z \u017bar, a zako\u0144czenie wycieczki zorganizowano si\u0119 na terenie Domu Pomocy Spo\u0142ecznej w Mi\u0142owicach. Posi\u0142ek i pokaz akrobatycznej jazdy na rowerze by\u0142 dodatkow\u0105 atrakcj\u0105 tego wydarzenia. W\u015br\u00f3d uczestnik\u00f3w rajdu by\u0142a te\u017c spora grupa rowerzyst\u00f3w z Niemiec.<\/p>\n<p>&#8211; Gratuluj\u0119 Fundacji &#8222;Natura Polska&#8221; kolejnego udanego projektu i jednocze\u015bnie dzi\u0119kuj\u0119, \u017ce dzia\u0142a na terenie gminy &#8211; m\u00f3wi w\u00f3jt Leszek Mro\u017cek. &#8211; Wiele projekt\u00f3w, kt\u00f3re pr\u00f3bujemy realizowa\u0107 odbywa si\u0119 przy udziale Fundacji i odwrotnie &#8211; razem si\u0119 wspieramy i pomagamy. Naszym partnerem jest tak\u017ce miasto \u017bary, z kt\u00f3rym realizujemy wiele przedsi\u0119wzi\u0119\u0107 &#8211; dodaje w\u00f3jt Mro\u017cek.<\/p>\n<figure id=\"attachment_2535\" aria-describedby=\"caption-attachment-2535\" style=\"width: 200px\" class=\"wp-caption alignleft\"><img loading=\"lazy\" decoding=\"async\" class=\"size-medium wp-image-2535\" src=\"http:\/\/moja24.pl\/wp-content\/uploads\/2017\/04\/na-wycieczk\u0119-rowerem-\u017b\u00f3\u0142kiewicz-Tomasz-200x300.jpg\" alt=\"\" width=\"200\" height=\"300\" srcset=\"https:\/\/moja24.pl\/wp-content\/uploads\/2017\/04\/na-wycieczk\u0119-rowerem-\u017b\u00f3\u0142kiewicz-Tomasz-200x300.jpg 200w, https:\/\/moja24.pl\/wp-content\/uploads\/2017\/04\/na-wycieczk\u0119-rowerem-\u017b\u00f3\u0142kiewicz-Tomasz-280x420.jpg 280w, https:\/\/moja24.pl\/wp-content\/uploads\/2017\/04\/na-wycieczk\u0119-rowerem-\u017b\u00f3\u0142kiewicz-Tomasz.jpg 466w\" sizes=\"auto, (max-width: 200px) 100vw, 200px\" \/><figcaption id=\"caption-attachment-2535\" class=\"wp-caption-text\">Prezes Fundacji Natura Tomasz \u017b\u00f3\u0142kiewicz<\/figcaption><\/figure>\n<p><strong><em>Tomasz \u017b\u00f3\u0142kiewicz, prezes Fundacji Natura Polska<\/em><\/strong><\/p>\n<p>Realizujemy r\u00f3\u017cne projekty transgraniczne, we wsp\u00f3\u0142pracy z Niemcami. Projekt ten nosi nazw\u0119 &#8222;Rowerem przez Powiat \u017barski&#8221;. Oznakowali\u015bmy ponad 50 kilometr\u00f3w turystycznych szlak\u00f3w rowerowych. Opr\u00f3cz tego powsta\u0142y miejsca odpoczynku w Mirostowicach G\u00f3rnych, Olbrachtowie i Olszy\u0144cu. Powsta\u0142y te\u017c publikacje opisuj\u0105ce trasy i miejscowo\u015bci &#8211; folder, mini poradnik dla rowerzyst\u00f3w oraz mapa szlak\u00f3w.Projekt jest efektem wcze\u015bniejszej koncepcji, kt\u00f3r\u0105 robili\u015bmy w 2013 roku. Zak\u0142ada\u0142a ona powstanie szlak\u00f3w w gminie \u017bary, kt\u00f3re \u0142\u0105czy\u0142yby si\u0119 ze szlakami niemieckimi. I tak zrobili\u015bmy. W pewnym momencie jest drogowskaz w kierunku Przewozu i w ten spos\u00f3b mo\u017cna dojecha\u0107 do gminy Kreba-Neudorf, kt\u00f3ra jest naszym partnerem. W pierwszym etapie w 2013 roku zrobili\u015bmy szlak z \u017bar do D\u0105browca, rok p\u00f3\u017aniej ze \u015awibnej do Mi\u0142owic. Nast\u0119pnie by\u0142 szlak z Mi\u0142owic do \u017bar poprzez r\u00f3\u017cne miejscowo\u015bci, a tak\u017ce z \u017bar do Gorzupii przez Olszyniec i Z\u0142otnik. Jest to wi\u0119c zwie\u0144czenie wieloletniego projektu. Obecnie mamy na terenie gminy sporo szlak\u00f3w. Wiele z nich powsta\u0142o z projektu &#8222;Przygoda z Nys\u0105&#8221;, my t\u0119 sie\u0107 jeszcze bardziej zag\u0119\u015bcili\u015bmy. Robimy to g\u0142\u00f3wnie po to, by promowa\u0107 jazd\u0119 rowerem, a dzi\u0119ki publikacjom pokaza\u0107 ludziom, gdzie mog\u0105 sobie poje\u017adzi\u0107.<\/p>\n<p id=\"tekst\" align=\"right\"><i>Andrzej Buczy\u0144ski<\/i><\/p>\n<p id=\"tekst\" align=\"right\"><i>\u00a0<\/i><\/p>\n<\/td>\n<\/tr>\n<\/tbody>\n<\/table>\n","protected":false},"excerpt":{"rendered":"<p>Rajd rowerowy zorganizowany przez Fundacj\u0119 &#8222;Natura Polska&#8221; by\u0142 oficjalnym podsumowaniem projektu wytyczania kolejnych szlak\u00f3w rowerowych. Dzi\u0119ki temu pasjonaci jedno\u015blad\u00f3w mog\u0105 wybra\u0107 wiele interesuj\u0105cych tras po okolicy. Na realizacj\u0119 projektu Fundacja otrzyma\u0142a dotacj\u0119 w wysoko\u015bci ponad 19,5 tys. euro z programu Polska-Saksonia, a tak\u017ce \u015brodki z bud\u017cetu pa\u0144stwa w kwocie 1.150 euro. Wi\u0119cej informacji o szlakach [&hellip;]<\/p>\n","protected":false},"author":2,"featured_media":2536,"comment_status":"closed","ping_status":"closed","sticky":false,"template":"","format":"standard","meta":{"_monsterinsights_skip_tracking":false,"_monsterinsights_sitenote_active":false,"_monsterinsights_sitenote_note":"","_monsterinsights_sitenote_category":0,"footnotes":""},"categories":[20,24],"tags":[440,269,335,53,254,52,74,442,109,344,436,357,441,374,122,73,49,66],"class_list":["post-2532","post","type-post","status-publish","format-standard","has-post-thumbnail","hentry","category-informacje","category-styl-zycia","tag-fundacja-natura-polska","tag-gmina-zary","tag-informacje-gmina-zary","tag-informacje-lubuskie","tag-informacje-powiat-zarski","tag-informacje-zagan","tag-informacje-zary","tag-leszek-mrozek","tag-moja-gazeta","tag-moja-gazeta-regionalna-zagan-zary","tag-moja-gazeta-tygodnik-regionalny","tag-moja-gazeta-zary-zagan","tag-tomasz-zolkiewicz","tag-wiadomosci-lubuskie","tag-wiadomosci-zagan","tag-wiadomosci-zary","tag-zagan","tag-zary"],"_links":{"self":[{"href":"https:\/\/moja24.pl\/index.php\/wp-json\/wp\/v2\/posts\/2532","targetHints":{"allow":["GET"]}}],"collection":[{"href":"https:\/\/moja24.pl\/index.php\/wp-json\/wp\/v2\/posts"}],"about":[{"href":"https:\/\/moja24.pl\/index.php\/wp-json\/wp\/v2\/types\/post"}],"author":[{"embeddable":true,"href":"https:\/\/moja24.pl\/index.php\/wp-json\/wp\/v2\/users\/2"}],"replies":[{"embeddable":true,"href":"https:\/\/moja24.pl\/index.php\/wp-json\/wp\/v2\/comments?post=2532"}],"version-history":[{"count":3,"href":"https:\/\/moja24.pl\/index.php\/wp-json\/wp\/v2\/posts\/2532\/revisions"}],"predecessor-version":[{"id":2539,"href":"https:\/\/moja24.pl\/index.php\/wp-json\/wp\/v2\/posts\/2532\/revisions\/2539"}],"wp:featuredmedia":[{"embeddable":true,"href":"https:\/\/moja24.pl\/index.php\/wp-json\/wp\/v2\/media\/2536"}],"wp:attachment":[{"href":"https:\/\/moja24.pl\/index.php\/wp-json\/wp\/v2\/media?parent=2532"}],"wp:term":[{"taxonomy":"category","embeddable":true,"href":"https:\/\/moja24.pl\/index.php\/wp-json\/wp\/v2\/categories?post=2532"},{"taxonomy":"post_tag","embeddable":true,"href":"https:\/\/moja24.pl\/index.php\/wp-json\/wp\/v2\/tags?post=2532"}],"curies":[{"name":"wp","href":"https:\/\/api.w.org\/{rel}","templated":true}]}}