{"id":25402,"date":"2025-12-08T22:50:46","date_gmt":"2025-12-08T21:50:46","guid":{"rendered":"https:\/\/moja24.pl\/?p=25402"},"modified":"2025-12-08T22:50:46","modified_gmt":"2025-12-08T21:50:46","slug":"co-ozywi-zarski-rynek-moze-zywe-kultury-bakterii","status":"publish","type":"post","link":"https:\/\/moja24.pl\/index.php\/2025\/12\/08\/co-ozywi-zarski-rynek-moze-zywe-kultury-bakterii\/","title":{"rendered":"Co o\u017cywi \u017carski Rynek? Mo\u017ce \u017cywe kultury bakterii?"},"content":{"rendered":"<p><strong><span style=\"color: #ff0000;\">\u017bARY<\/span> | W czwartek, 4 grudnia, oficjalnie otwarto now\u0105 \u017carsk\u0105 atrakcj\u0119, maj\u0105c\u0105 o\u017cywi\u0107 \u017carski Rynek. To Strefa Odkrywania, Wyobra\u017ani i Aktywno\u015bci (SOWA). Jednak dwa dni po otwarciu wida\u0107 ju\u017c brak wyobra\u017ani, a Rynek o\u017cywia\u0107 b\u0119d\u0105 chyba \u017cywe kultury bakterii na resztkach jedzenia.<\/strong><\/p>\n<p>Pani burmistrz ju\u017c w lutym zapowiada\u0142a, \u017ce wkr\u00f3tce SOWA b\u0119dzie otwarta. Po 10 miesi\u0105cach to si\u0119 w ko\u0144cu sta\u0142o. Otwarcie by\u0142o uroczyste, chocia\u017c w opinii uczestnik\u00f3w &#8211; troch\u0119 sztywne. Naprawd\u0119 nie wiem, jaka wizja przy\u015bwieca\u0142a scenarzystom tego wydarzenia, ale niedopuszczenie do g\u0142osu wicewojewody lubuskiego i starosty \u017carskiego, to zwyczajny obciach i organizacyjny \u015bmiech na sali. Amatorszczyzna w ca\u0142ej swej kwintesencji. Tak si\u0119 go\u015bci nie traktuje.<br \/>\nW poniedzia\u0142kowy wiecz\u00f3r podczas spaceru zajrza\u0142em sobie z ciekawo\u015bci przez okienko, co tam w tej &#8222;sowie&#8221; jest wartego obejrzenia. I zobaczy\u0142em&#8230; po prostu niez\u0142y syf. Kopernik to si\u0119 chyba w grobie przewraca, a przynajmniej Centrum Nauki Kopernik, kt\u00f3re organizuje takie miejsca, jak w\u0142a\u015bnie w \u017barach.<br \/>\nPrzypomnia\u0142a mi si\u0119 scena z kultowej &#8222;Seksmisji&#8221;, polskiej komedii z 1983 roku:<br \/>\n<em>&#8211; Ja tu widz\u0119 niez\u0142y burdel.<\/em><br \/>\n<em>&#8211; Burdel to wy macie w tym swoim Archeo. Wszystkie wy jeste\u015bcie jedno wielkie wykopalisko.<\/em><br \/>\nA kiedy SOWA b\u0119dzie o\u017cywia\u0107 \u017carski Rynek? Nie wiadomo. Na drzwiach do tej pory nie umieszczono godzin otwarcia, ani \u017cadnego cennika. Co pomy\u015bli turysta, kt\u00f3ry przejdzie obok? Nie wiadomo, ale z pewno\u015bci\u0105 p\u00f3jdzie sobie dalej.<br \/>\nJak si\u0119 troch\u0119 pogrzebie w internecie, to da si\u0119 znale\u017a\u0107 informacj\u0119, \u017ce bilet normalny kosztuje 20 z\u0142, ulgowy 15 z\u0142, a godziny wej\u015b\u0107 generalnie ko\u0144cz\u0105 si\u0119 o 15.00. Poniedzia\u0142ek &#8211; nieczynne, wtorek-czwartek &#8211; 9.00 &#8211; 15.00, pi\u0105tek &#8211; 10.00 &#8211; 16.00, sobota i niedziela &#8211; 10.30 &#8211; 15.00. Czy to naprawd\u0119 ma &#8222;o\u017cywi\u0107&#8221; \u017carski Rynek? Akurat wtedy, gdy normalnie ludzie pracuj\u0105? Kt\u00f3rego\u015b dnia wezm\u0119 sobie &#8222;wolne&#8221; i p\u00f3jd\u0119 obejrze\u0107 na \u017cywo te atrakcje. Ale poczekam, jak tam najpierw posprz\u0105taj\u0105. A wystarczy\u0142o chocia\u017c pionowe \u017caluzje zamontowa\u0107 na okno i nie by\u0142oby wida\u0107 tego obciachu. Za miejsce to organizacyjnie odpowiada dyrektor Muzeum Pogranicza \u015al\u0105sko-\u0141u\u017cyckiego Rafa\u0142 Szymczak.<\/p>\n<figure id=\"attachment_25401\" aria-describedby=\"caption-attachment-25401\" style=\"width: 2560px\" class=\"wp-caption aligncenter\"><img loading=\"lazy\" decoding=\"async\" class=\"size-full wp-image-25401\" src=\"https:\/\/moja24.pl\/wp-content\/uploads\/2025\/12\/20251208_201056-scaled.jpg\" alt=\"\" width=\"2560\" height=\"1920\" srcset=\"https:\/\/moja24.pl\/wp-content\/uploads\/2025\/12\/20251208_201056-scaled.jpg 2560w, https:\/\/moja24.pl\/wp-content\/uploads\/2025\/12\/20251208_201056-300x225.jpg 300w, https:\/\/moja24.pl\/wp-content\/uploads\/2025\/12\/20251208_201056-768x576.jpg 768w, https:\/\/moja24.pl\/wp-content\/uploads\/2025\/12\/20251208_201056-1536x1152.jpg 1536w, https:\/\/moja24.pl\/wp-content\/uploads\/2025\/12\/20251208_201056-2048x1536.jpg 2048w, https:\/\/moja24.pl\/wp-content\/uploads\/2025\/12\/20251208_201056-80x60.jpg 80w, https:\/\/moja24.pl\/wp-content\/uploads\/2025\/12\/20251208_201056-265x198.jpg 265w, https:\/\/moja24.pl\/wp-content\/uploads\/2025\/12\/20251208_201056-696x522.jpg 696w, https:\/\/moja24.pl\/wp-content\/uploads\/2025\/12\/20251208_201056-1068x801.jpg 1068w, https:\/\/moja24.pl\/wp-content\/uploads\/2025\/12\/20251208_201056-560x420.jpg 560w, https:\/\/moja24.pl\/wp-content\/uploads\/2025\/12\/20251208_201056-400x300.jpg 400w, https:\/\/moja24.pl\/wp-content\/uploads\/2025\/12\/20251208_201056-310x232.jpg 310w, https:\/\/moja24.pl\/wp-content\/uploads\/2025\/12\/20251208_201056-140x105.jpg 140w\" sizes=\"auto, (max-width: 2560px) 100vw, 2560px\" \/><figcaption id=\"caption-attachment-25401\" class=\"wp-caption-text\">Strefa Odkrywania Wyobra\u017ani i Aktywno\u015bci po \u017carsku, fot. Andrzej Buczy\u0144ski<\/figcaption><\/figure>\n<p style=\"text-align: right;\"><span style=\"color: #999999;\"><strong>Andrzej Buczy\u0144ski<\/strong><\/span><\/p>\n","protected":false},"excerpt":{"rendered":"<p>\u017bARY | W czwartek, 4 grudnia, oficjalnie otwarto now\u0105 \u017carsk\u0105 atrakcj\u0119, maj\u0105c\u0105 o\u017cywi\u0107 \u017carski Rynek. To Strefa Odkrywania, Wyobra\u017ani i Aktywno\u015bci (SOWA). Jednak dwa dni po otwarciu wida\u0107 ju\u017c brak wyobra\u017ani, a Rynek o\u017cywia\u0107 b\u0119d\u0105 chyba \u017cywe kultury bakterii na resztkach jedzenia. Pani burmistrz ju\u017c w lutym zapowiada\u0142a, \u017ce wkr\u00f3tce SOWA b\u0119dzie otwarta. Po 10 [&hellip;]<\/p>\n","protected":false},"author":4,"featured_media":25400,"comment_status":"closed","ping_status":"closed","sticky":false,"template":"","format":"standard","meta":{"_monsterinsights_skip_tracking":false,"_monsterinsights_sitenote_active":false,"_monsterinsights_sitenote_note":"","_monsterinsights_sitenote_category":0,"footnotes":""},"categories":[20,2057,28],"tags":[376,2059,3004,66],"class_list":["post-25402","post","type-post","status-publish","format-standard","has-post-thumbnail","hentry","category-informacje","category-komentarze","category-wiadomosci","tag-moja-gazeta-zary","tag-muzeum","tag-sowa","tag-zary"],"_links":{"self":[{"href":"https:\/\/moja24.pl\/index.php\/wp-json\/wp\/v2\/posts\/25402","targetHints":{"allow":["GET"]}}],"collection":[{"href":"https:\/\/moja24.pl\/index.php\/wp-json\/wp\/v2\/posts"}],"about":[{"href":"https:\/\/moja24.pl\/index.php\/wp-json\/wp\/v2\/types\/post"}],"author":[{"embeddable":true,"href":"https:\/\/moja24.pl\/index.php\/wp-json\/wp\/v2\/users\/4"}],"replies":[{"embeddable":true,"href":"https:\/\/moja24.pl\/index.php\/wp-json\/wp\/v2\/comments?post=25402"}],"version-history":[{"count":3,"href":"https:\/\/moja24.pl\/index.php\/wp-json\/wp\/v2\/posts\/25402\/revisions"}],"predecessor-version":[{"id":25405,"href":"https:\/\/moja24.pl\/index.php\/wp-json\/wp\/v2\/posts\/25402\/revisions\/25405"}],"wp:featuredmedia":[{"embeddable":true,"href":"https:\/\/moja24.pl\/index.php\/wp-json\/wp\/v2\/media\/25400"}],"wp:attachment":[{"href":"https:\/\/moja24.pl\/index.php\/wp-json\/wp\/v2\/media?parent=25402"}],"wp:term":[{"taxonomy":"category","embeddable":true,"href":"https:\/\/moja24.pl\/index.php\/wp-json\/wp\/v2\/categories?post=25402"},{"taxonomy":"post_tag","embeddable":true,"href":"https:\/\/moja24.pl\/index.php\/wp-json\/wp\/v2\/tags?post=25402"}],"curies":[{"name":"wp","href":"https:\/\/api.w.org\/{rel}","templated":true}]}}