{"id":2552,"date":"2017-04-03T17:00:38","date_gmt":"2017-04-03T15:00:38","guid":{"rendered":"http:\/\/moja24.pl\/?p=2552"},"modified":"2017-04-03T17:00:38","modified_gmt":"2017-04-03T15:00:38","slug":"budowa-ronda-rozpoczeta","status":"publish","type":"post","link":"https:\/\/moja24.pl\/index.php\/2017\/04\/03\/budowa-ronda-rozpoczeta\/","title":{"rendered":"Budowa ronda rozpocz\u0119ta"},"content":{"rendered":"<p><strong><img loading=\"lazy\" decoding=\"async\" class=\"alignleft size-medium wp-image-2555\" src=\"http:\/\/moja24.pl\/wp-content\/uploads\/2017\/04\/IMG_4561-300x200.jpg\" alt=\"\" width=\"300\" height=\"200\" srcset=\"https:\/\/moja24.pl\/wp-content\/uploads\/2017\/04\/IMG_4561-300x200.jpg 300w, https:\/\/moja24.pl\/wp-content\/uploads\/2017\/04\/IMG_4561-768x512.jpg 768w, https:\/\/moja24.pl\/wp-content\/uploads\/2017\/04\/IMG_4561-1024x683.jpg 1024w, https:\/\/moja24.pl\/wp-content\/uploads\/2017\/04\/IMG_4561-696x464.jpg 696w, https:\/\/moja24.pl\/wp-content\/uploads\/2017\/04\/IMG_4561-1068x712.jpg 1068w, https:\/\/moja24.pl\/wp-content\/uploads\/2017\/04\/IMG_4561-630x420.jpg 630w\" sizes=\"auto, (max-width: 300px) 100vw, 300px\" \/>Rozpocz\u0119\u0142y si\u0119 w\u0142a\u015bnie roboty drogowe zwi\u0105zane z budow\u0105 ronda na skrzy\u017cowaniu ulic Okrzei, Zgorzeleckiej, Witosa i Fabrycznej.<\/strong><\/p>\n<p>Na miejscu pracuje ju\u017c ci\u0119\u017cki sprz\u0119t budowlany. B\u0119d\u0105 utrudnienia w ruchu drogowym na tym odcinku. Ze wzgl\u0119du na zrywany asfalt, dziury i wertepy\u00a0 warto wybra\u0107 inn\u0105 tras\u0119 je\u017celi jest taka mo\u017cliwo\u015b\u0107. Z pewno\u015bci\u0105 mniejszy ruch samochod\u00f3w w tym miejscu u\u0142atwi prac\u0119 budowla\u0144com.<\/p>\n<div id='gallery-1' class='gallery galleryid-2552 gallery-columns-4 gallery-size-thumbnail'><figure class='gallery-item'>\n\t\t\t<div class='gallery-icon landscape'>\n\t\t\t\t<a href='https:\/\/moja24.pl\/wp-content\/uploads\/2017\/04\/IMG_4579.jpg'><img loading=\"lazy\" decoding=\"async\" width=\"150\" height=\"150\" src=\"https:\/\/moja24.pl\/wp-content\/uploads\/2017\/04\/IMG_4579-150x150.jpg\" class=\"attachment-thumbnail size-thumbnail\" alt=\"\" \/><\/a>\n\t\t\t<\/div><\/figure><figure class='gallery-item'>\n\t\t\t<div class='gallery-icon landscape'>\n\t\t\t\t<a href='https:\/\/moja24.pl\/wp-content\/uploads\/2017\/04\/IMG_4574.jpg'><img loading=\"lazy\" decoding=\"async\" width=\"150\" height=\"150\" src=\"https:\/\/moja24.pl\/wp-content\/uploads\/2017\/04\/IMG_4574-150x150.jpg\" class=\"attachment-thumbnail size-thumbnail\" alt=\"\" \/><\/a>\n\t\t\t<\/div><\/figure><figure class='gallery-item'>\n\t\t\t<div class='gallery-icon landscape'>\n\t\t\t\t<a href='https:\/\/moja24.pl\/wp-content\/uploads\/2017\/04\/IMG_4567.jpg'><img loading=\"lazy\" decoding=\"async\" width=\"150\" height=\"150\" src=\"https:\/\/moja24.pl\/wp-content\/uploads\/2017\/04\/IMG_4567-150x150.jpg\" class=\"attachment-thumbnail size-thumbnail\" alt=\"\" \/><\/a>\n\t\t\t<\/div><\/figure><figure class='gallery-item'>\n\t\t\t<div class='gallery-icon landscape'>\n\t\t\t\t<a href='https:\/\/moja24.pl\/wp-content\/uploads\/2017\/04\/IMG_4562.jpg'><img loading=\"lazy\" decoding=\"async\" width=\"150\" height=\"150\" src=\"https:\/\/moja24.pl\/wp-content\/uploads\/2017\/04\/IMG_4562-150x150.jpg\" class=\"attachment-thumbnail size-thumbnail\" alt=\"\" aria-describedby=\"gallery-1-2556\" \/><\/a>\n\t\t\t<\/div>\n\t\t\t\t<figcaption class='wp-caption-text gallery-caption' id='gallery-1-2556'>\n\t\t\t\tfoto MK\n\t\t\t\t<\/figcaption><\/figure>\n\t\t<\/div>\n\n<p><em>MK<\/em><\/p>\n","protected":false},"excerpt":{"rendered":"<p>Rozpocz\u0119\u0142y si\u0119 w\u0142a\u015bnie roboty drogowe zwi\u0105zane z budow\u0105 ronda na skrzy\u017cowaniu ulic Okrzei, Zgorzeleckiej, Witosa i Fabrycznej. Na miejscu pracuje ju\u017c ci\u0119\u017cki sprz\u0119t budowlany. B\u0119d\u0105 utrudnienia w ruchu drogowym na tym odcinku. Ze wzgl\u0119du na zrywany asfalt, dziury i wertepy\u00a0 warto wybra\u0107 inn\u0105 tras\u0119 je\u017celi jest taka mo\u017cliwo\u015b\u0107. Z pewno\u015bci\u0105 mniejszy ruch samochod\u00f3w w tym [&hellip;]<\/p>\n","protected":false},"author":2,"featured_media":2554,"comment_status":"closed","ping_status":"closed","sticky":false,"template":"","format":"standard","meta":{"_monsterinsights_skip_tracking":false,"_monsterinsights_sitenote_active":false,"_monsterinsights_sitenote_note":"","_monsterinsights_sitenote_category":0,"footnotes":""},"categories":[20],"tags":[321,320,53,254,52,74,109,446,374,145,122,73,49,66],"class_list":["post-2552","post","type-post","status-publish","format-standard","has-post-thumbnail","hentry","category-informacje","tag-gazeta-zagan","tag-gazeta-zary","tag-informacje-lubuskie","tag-informacje-powiat-zarski","tag-informacje-zagan","tag-informacje-zary","tag-moja-gazeta","tag-tygodnika-zary","tag-wiadomosci-lubuskie","tag-wiadomosci-powiat-zarski","tag-wiadomosci-zagan","tag-wiadomosci-zary","tag-zagan","tag-zary"],"_links":{"self":[{"href":"https:\/\/moja24.pl\/index.php\/wp-json\/wp\/v2\/posts\/2552","targetHints":{"allow":["GET"]}}],"collection":[{"href":"https:\/\/moja24.pl\/index.php\/wp-json\/wp\/v2\/posts"}],"about":[{"href":"https:\/\/moja24.pl\/index.php\/wp-json\/wp\/v2\/types\/post"}],"author":[{"embeddable":true,"href":"https:\/\/moja24.pl\/index.php\/wp-json\/wp\/v2\/users\/2"}],"replies":[{"embeddable":true,"href":"https:\/\/moja24.pl\/index.php\/wp-json\/wp\/v2\/comments?post=2552"}],"version-history":[{"count":2,"href":"https:\/\/moja24.pl\/index.php\/wp-json\/wp\/v2\/posts\/2552\/revisions"}],"predecessor-version":[{"id":2561,"href":"https:\/\/moja24.pl\/index.php\/wp-json\/wp\/v2\/posts\/2552\/revisions\/2561"}],"wp:featuredmedia":[{"embeddable":true,"href":"https:\/\/moja24.pl\/index.php\/wp-json\/wp\/v2\/media\/2554"}],"wp:attachment":[{"href":"https:\/\/moja24.pl\/index.php\/wp-json\/wp\/v2\/media?parent=2552"}],"wp:term":[{"taxonomy":"category","embeddable":true,"href":"https:\/\/moja24.pl\/index.php\/wp-json\/wp\/v2\/categories?post=2552"},{"taxonomy":"post_tag","embeddable":true,"href":"https:\/\/moja24.pl\/index.php\/wp-json\/wp\/v2\/tags?post=2552"}],"curies":[{"name":"wp","href":"https:\/\/api.w.org\/{rel}","templated":true}]}}