{"id":2673,"date":"2017-04-07T19:44:51","date_gmt":"2017-04-07T17:44:51","guid":{"rendered":"http:\/\/moja24.pl\/?p=2673"},"modified":"2017-04-07T19:44:51","modified_gmt":"2017-04-07T17:44:51","slug":"bmw-pelne-drewna-wypadlo-z-drogi","status":"publish","type":"post","link":"https:\/\/moja24.pl\/index.php\/2017\/04\/07\/bmw-pelne-drewna-wypadlo-z-drogi\/","title":{"rendered":"BMW pe\u0142ne drewna wypad\u0142o z drogi"},"content":{"rendered":"<p><strong><br \/>\n<img loading=\"lazy\" decoding=\"async\" class=\"alignleft size-medium wp-image-2682\" src=\"http:\/\/moja24.pl\/wp-content\/uploads\/2017\/04\/IMG_4586-300x200.jpg\" alt=\"\" width=\"300\" height=\"200\" srcset=\"https:\/\/moja24.pl\/wp-content\/uploads\/2017\/04\/IMG_4586-300x200.jpg 300w, https:\/\/moja24.pl\/wp-content\/uploads\/2017\/04\/IMG_4586-768x512.jpg 768w, https:\/\/moja24.pl\/wp-content\/uploads\/2017\/04\/IMG_4586-1024x683.jpg 1024w, https:\/\/moja24.pl\/wp-content\/uploads\/2017\/04\/IMG_4586-696x464.jpg 696w, https:\/\/moja24.pl\/wp-content\/uploads\/2017\/04\/IMG_4586-1068x712.jpg 1068w, https:\/\/moja24.pl\/wp-content\/uploads\/2017\/04\/IMG_4586-630x420.jpg 630w\" sizes=\"auto, (max-width: 300px) 100vw, 300px\" \/>Dzisiaj oko\u0142o godziny 14.00 na obwodnicy \u017bar kierowca samochodu osobowego bmw straci\u0142 panowanie nad samochodem i dachowa\u0142<\/strong>.<\/p>\n<p>Podczas manewru wyprzedzania samochodu ci\u0119\u017carowego kierowca z \u017bar nie zapanowa\u0142 nad samochodem i wypad\u0142 z drogi. Kierowca jecha\u0142 sam i na szcz\u0119\u015bcie nic mu si\u0119 nie sta\u0142o.<\/p>\n<p><em>MK<\/em><\/p>\n","protected":false},"excerpt":{"rendered":"<p>Dzisiaj oko\u0142o godziny 14.00 na obwodnicy \u017bar kierowca samochodu osobowego bmw straci\u0142 panowanie nad samochodem i dachowa\u0142. Podczas manewru wyprzedzania samochodu ci\u0119\u017carowego kierowca z \u017bar nie zapanowa\u0142 nad samochodem i wypad\u0142 z drogi. Kierowca jecha\u0142 sam i na szcz\u0119\u015bcie nic mu si\u0119 nie sta\u0142o. MK<\/p>\n","protected":false},"author":2,"featured_media":2680,"comment_status":"closed","ping_status":"closed","sticky":false,"template":"","format":"standard","meta":{"_monsterinsights_skip_tracking":false,"_monsterinsights_sitenote_active":false,"_monsterinsights_sitenote_note":"","_monsterinsights_sitenote_category":0,"footnotes":""},"categories":[21],"tags":[321,320,451,53,74,357,158,33,174,111,405,374,394,73,49,66],"class_list":["post-2673","post","type-post","status-publish","format-standard","has-post-thumbnail","hentry","category-wypadki-przypadki","tag-gazeta-zagan","tag-gazeta-zary","tag-informacie-powiat-zary","tag-informacje-lubuskie","tag-informacje-zary","tag-moja-gazeta-zary-zagan","tag-moja24-pl","tag-policja-zary","tag-straz-pozarna-zary","tag-tygodnik-zary","tag-wiadomosci-gmina-zary","tag-wiadomosci-lubuskie","tag-wiadomosci-powiat-zary","tag-wiadomosci-zary","tag-zagan","tag-zary"],"_links":{"self":[{"href":"https:\/\/moja24.pl\/index.php\/wp-json\/wp\/v2\/posts\/2673","targetHints":{"allow":["GET"]}}],"collection":[{"href":"https:\/\/moja24.pl\/index.php\/wp-json\/wp\/v2\/posts"}],"about":[{"href":"https:\/\/moja24.pl\/index.php\/wp-json\/wp\/v2\/types\/post"}],"author":[{"embeddable":true,"href":"https:\/\/moja24.pl\/index.php\/wp-json\/wp\/v2\/users\/2"}],"replies":[{"embeddable":true,"href":"https:\/\/moja24.pl\/index.php\/wp-json\/wp\/v2\/comments?post=2673"}],"version-history":[{"count":2,"href":"https:\/\/moja24.pl\/index.php\/wp-json\/wp\/v2\/posts\/2673\/revisions"}],"predecessor-version":[{"id":2684,"href":"https:\/\/moja24.pl\/index.php\/wp-json\/wp\/v2\/posts\/2673\/revisions\/2684"}],"wp:featuredmedia":[{"embeddable":true,"href":"https:\/\/moja24.pl\/index.php\/wp-json\/wp\/v2\/media\/2680"}],"wp:attachment":[{"href":"https:\/\/moja24.pl\/index.php\/wp-json\/wp\/v2\/media?parent=2673"}],"wp:term":[{"taxonomy":"category","embeddable":true,"href":"https:\/\/moja24.pl\/index.php\/wp-json\/wp\/v2\/categories?post=2673"},{"taxonomy":"post_tag","embeddable":true,"href":"https:\/\/moja24.pl\/index.php\/wp-json\/wp\/v2\/tags?post=2673"}],"curies":[{"name":"wp","href":"https:\/\/api.w.org\/{rel}","templated":true}]}}